{"id":119543,"date":"2025-05-22T13:37:11","date_gmt":"2025-05-22T13:37:11","guid":{"rendered":"https:\/\/www.europesays.com\/fr\/119543\/"},"modified":"2025-05-22T13:37:11","modified_gmt":"2025-05-22T13:37:11","slug":"en-ukraine-cette-clinique-redonne-un-visage-aux-anciens-soldats-defigures","status":"publish","type":"post","link":"https:\/\/www.europesays.com\/fr\/119543\/","title":{"rendered":"En Ukraine, cette clinique redonne un visage aux anciens soldats d\u00e9figur\u00e9s"},"content":{"rendered":"<p>\n                                            Par\u00a0<b>Euronews<\/b>                      avec\u00a0<b>EVN\/SESVT<\/b><\/p>\n<p>\n         Publi\u00e9 le<br \/>\n            22\/05\/2025 &#8211; 15:13 UTC+2<\/p>\n<p><img decoding=\"async\" class=\"c-ad__placeholder__logo\" src=\"https:\/\/www.europesays.com\/fr\/wp-content\/uploads\/2025\/03\/logo-euronews-grey-6-180x22.svg.svg+xml\" width=\"180\" height=\"22\" alt=\"\" loading=\"lazy\"\/>PUBLICIT\u00c9<\/p>\n<p>Apr\u00e8s avoir combattu la Russie, de nombreux soldats ukrainiens tentent d\u00e9sormais de se reconstruire. Et pour beaucoup, bless\u00e9s au visage par des \u00e9clats de drone ou d&rsquo;obus d&rsquo;artillerie, la chirurgie est devenue un passage obligatoire. <\/p>\n<p>C&rsquo;est dans cette clinique de Kyiv, utilisant une technologie de pointe, que ces v\u00e9t\u00e9rans viennent pour tenter de retrouver une vie normale. <\/p>\n<p>Ivan Krivaltiuk a \u00e9t\u00e9 bless\u00e9 par la guerre et suit actuellement une r\u00e9\u00e9ducation. Aujourd&rsquo;hui, il est venu \u00e0 la clinique pour recevoir sa proth\u00e8se oculaire. \u00ab\u00a0C&rsquo;est la guerre\u00a0\u00bb, soupire-t-il. \u00ab\u00a0Un obus de char ou d&rsquo;artillerie a explos\u00e9. Il est tomb\u00e9 sur le sol, pr\u00e8s de la maison.\u00a0\u00bb<\/p>\n<p>\u00ab\u00a0Pour que la proth\u00e8se s&rsquo;adapte parfaitement, il faut en d\u00e9terminer la forme\u00a0\u00bb, explique le chirurgien Dmitry Filonenko. \u00ab\u00a0C&rsquo;est un processus long et compliqu\u00e9 qui comporte plusieurs \u00e9tapes, mais c&rsquo;est possible.\u00a0\u00bb Le chirurgien r\u00e9alise d&rsquo;abord un moulage de l&rsquo;\u0153il du patient, avant que l&rsquo;artiste Pavel Zaichenko n&rsquo;ajoute une touche de couleur pour retrouver ce c\u00f4t\u00e9 naturel.<\/p>\n<p>1 700 personnes ont retrouv\u00e9 un visage<\/p>\n<p>\u00ab\u00a0Une plaque de titane est appliqu\u00e9e sur la blessure\u00a0\u00bb, explique, de son c\u00f4t\u00e9, Valentina Kalinovskaya, directrice de la fondation Doctors for Heroes. \u00ab\u00a0Sa forme correspond exactement \u00e0 celle de la blessure du soldat. Elle est ensuite recouverte d&rsquo;un tissu, qui est cousu\u00a0\u00bb, poursuit-elle, prenant Ivan Krivaltiuk comme exemple. \u00ab\u00a0Vous avez vu le r\u00e9sultat. Il n&rsquo;a qu&rsquo;une petite cicatrice.\u00a0\u00bb<\/p>\n<p>Elle assure que la reconstruction faciale aide les patients \u00e0 se socialiser et \u00e0 retrouver une stabilit\u00e9 psychologique. \u00ab\u00a0Le visage est important pour notre identit\u00e9 et pour s&rsquo;int\u00e9grer dans la soci\u00e9t\u00e9\u00a0\u00bb, affirme-t-elle.<\/p>\n<p>Avant l&rsquo;invasion russe, la plupart des patients de cette clinique \u00e9taient bless\u00e9s dans des accidents de voiture ou au travail. D\u00e9sormais, le quotidien des m\u00e9decins a chang\u00e9 : 95 % des personnes prises en charge sont des anciens soldats. Les autres sont des civils, eux aussi bless\u00e9s par la guerre.<\/p>\n<p>Le traitement est gratuit pour les patients. Il est financ\u00e9 par la fondation Doctors for Heroes, qui fonctionne gr\u00e2ce \u00e0 des dons priv\u00e9s. \u00c0 ce jour, pr\u00e8s de 1 700 personnes ont b\u00e9n\u00e9fici\u00e9 d&rsquo;un nouveau visage gr\u00e2ce \u00e0 la fondation.<\/p>\n","protected":false},"excerpt":{"rendered":"Par\u00a0Euronews avec\u00a0EVN\/SESVT Publi\u00e9 le 22\/05\/2025 &#8211; 15:13 UTC+2 PUBLICIT\u00c9 Apr\u00e8s avoir combattu la Russie, de nombreux soldats ukrainiens&hellip;\n","protected":false},"author":2,"featured_media":119544,"comment_status":"","ping_status":"","sticky":false,"template":"","format":"standard","meta":{"footnotes":""},"categories":[1590],"tags":[11,1777,674,131,2025,224,12,220],"class_list":{"0":"post-119543","1":"post","2":"type-post","3":"status-publish","4":"format-standard","5":"has-post-thumbnail","7":"category-ukraine","8":"tag-actualites","9":"tag-eu","10":"tag-europe","11":"tag-guerre-en-ukraine","12":"tag-invasion-de-la-russie-en-ukraine","13":"tag-medecine","14":"tag-news","15":"tag-ukraine"},"share_on_mastodon":{"url":"https:\/\/pubeurope.com\/@fr\/114551760094906410","error":""},"_links":{"self":[{"href":"https:\/\/www.europesays.com\/fr\/wp-json\/wp\/v2\/posts\/119543","targetHints":{"allow":["GET"]}}],"collection":[{"href":"https:\/\/www.europesays.com\/fr\/wp-json\/wp\/v2\/posts"}],"about":[{"href":"https:\/\/www.europesays.com\/fr\/wp-json\/wp\/v2\/types\/post"}],"author":[{"embeddable":true,"href":"https:\/\/www.europesays.com\/fr\/wp-json\/wp\/v2\/users\/2"}],"replies":[{"embeddable":true,"href":"https:\/\/www.europesays.com\/fr\/wp-json\/wp\/v2\/comments?post=119543"}],"version-history":[{"count":0,"href":"https:\/\/www.europesays.com\/fr\/wp-json\/wp\/v2\/posts\/119543\/revisions"}],"wp:featuredmedia":[{"embeddable":true,"href":"https:\/\/www.europesays.com\/fr\/wp-json\/wp\/v2\/media\/119544"}],"wp:attachment":[{"href":"https:\/\/www.europesays.com\/fr\/wp-json\/wp\/v2\/media?parent=119543"}],"wp:term":[{"taxonomy":"category","embeddable":true,"href":"https:\/\/www.europesays.com\/fr\/wp-json\/wp\/v2\/categories?post=119543"},{"taxonomy":"post_tag","embeddable":true,"href":"https:\/\/www.europesays.com\/fr\/wp-json\/wp\/v2\/tags?post=119543"}],"curies":[{"name":"wp","href":"https:\/\/api.w.org\/{rel}","templated":true}]}}