{"id":119566,"date":"2025-05-22T13:52:09","date_gmt":"2025-05-22T13:52:09","guid":{"rendered":"https:\/\/www.europesays.com\/fr\/119566\/"},"modified":"2025-05-22T13:52:09","modified_gmt":"2025-05-22T13:52:09","slug":"langevin-ibrahima-niane-controle-positif-a-lecstasy-et-suspendu-deux-ans","status":"publish","type":"post","link":"https:\/\/www.europesays.com\/fr\/119566\/","title":{"rendered":"l\u2019Angevin Ibrahima Niane contr\u00f4l\u00e9 positif \u00e0 l\u2019ecstasy et suspendu deux ans"},"content":{"rendered":"<p>Ibrahima Niane aurait \u00e9t\u00e9 suspendu pour dopage par l\u2019AFLP jusqu\u2019au 31 mars 2027 en raison d\u2019un contr\u00f4le positif \u00e0 l\u2019ecstasy en mai 2023.<\/p>\n<p class=\"fig-paragraph\">Une nouvelle affaire de dopage dans le monde du football. \u00c0 en croire les informations r\u00e9v\u00e9l\u00e9es par\u00a0<a href=\"https:\/\/www.lequipe.fr\/Football\/Actualites\/Ibrahima-niane-angers-suspendu-deux-ans-pour-dopage-apres-un-controle-positif-a-l-ecstasy-et-a-la-mdma\/1563858\" target=\"_blank\" rel=\"nofollow noopener\" data-gtm-custom-categorie=\"navigation\" data-gtm-custom-action=\"crossclick\" data-gtm-custom-label=\"Contextuel\" data-gtm-event=\"customEventSPE\">L\u2019\u00c9quipe<\/a>, Ibrahima Niane (26 ans) aurait \u00e9t\u00e9 suspendu deux ans par l\u2019<a href=\"https:\/\/www.lefigaro.fr\/sports\/jeux-olympiques\/actualites\/agence-francaise-de-lutte-contre-le-dopage-des-pouvoirs-d-enquete-qui-font-tiquer-1036141\" data-fig-type=\"Article\" data-gtm-custom-categorie=\"navigation\" data-gtm-custom-action=\"crossclick\" data-gtm-custom-label=\"Contextuel\" data-gtm-event=\"customEventSPE\" data-fig-domain=\"LEFIGARO\" target=\"_blank\" rel=\"noopener\">Agence fran\u00e7aise de lutte contre le dopage<\/a>\u00a0(AFLD) apr\u00e8s avoir \u00e9t\u00e9 contr\u00f4l\u00e9 positif \u00e0 l\u2019ecstasy en mai 2023.<\/p>\n<p class=\"fig-paragraph\">L\u2019attaquant de l\u2019<a href=\"http:\/\/www.lefigaro.fr\/sports\/football\/ligue-1\/ligue-1-on-est-meme-un-peu-honteux-du-spectacle-qu-on-a-propose-lance-kombouare-apres-la-defaite-de-nantes-face-a-angers-20250504\" data-fig-type=\"NewsFlash\" data-gtm-custom-categorie=\"navigation\" data-gtm-custom-action=\"crossclick\" data-gtm-custom-label=\"Contextuel\" data-gtm-event=\"customEventSPE\" data-fig-domain=\"LEFIGARO\" target=\"_blank\" rel=\"noopener\">Angers SCO<\/a>\u00a0n\u2019aurait pas \u00e9t\u00e9 en capacit\u00e9 de justifier la prise de cette substance illicite et aurait \u00e9t\u00e9 officiellement sanctionn\u00e9 le 31 mars dernier, lors d\u2019une s\u00e9ance de l\u2019AFLD. Il lui serait interdit, depuis, de \u00abparticiper, \u00e0 quelque titre que ce soit, \u00e0 une comp\u00e9tition\u00bb\u00a0ainsi qu\u2019\u00e0 \u00abtoute activit\u00e9, y compris les entra\u00eenements, stages ou exhibitions\u00bb.<\/p>\n<p>En fin de contrat<\/p>\n<p class=\"fig-paragraph\">Le S\u00e9n\u00e9galais avait \u00e9t\u00e9 \u00e9cart\u00e9 du groupe angevin le 26 avril dernier, non pas en raison de sa suspension, mais apr\u00e8s un tacle dangereux sur l\u2019un de ses co\u00e9quipiers \u00e0 l\u2019entra\u00eenement et une discussion \u00abmuscl\u00e9e\u00bb avec son entra\u00eeneur Alexandre Dujeux. L\u2019Angers SCO aurait \u00e9t\u00e9 inform\u00e9 de sa sanction pour dopage \u00e0 la fin du mois d\u2019avril et aurait \u00e9t\u00e9 \u00absurpris\u00bb, comme l\u2019indique le quotidien sportif.<\/p>\n<p class=\"fig-body-link\">\n            \u00c0 lire aussi<br \/>\n        <a class=\"fig-body-link__link\" href=\"http:\/\/www.lefigaro.fr\/sports\/football\/ligue-1-luis-campos-devrait-poursuivre-son-aventure-avec-le-psg-20250522\" data-fig-type=\"NewsFlash\" data-gtm-custom-categorie=\"navigation\" data-gtm-custom-action=\"crossclick\" data-gtm-custom-label=\"Contextuel\" data-gtm-event=\"customEventSPE\" data-fig-domain=\"LEFIGARO\" target=\"_blank\" rel=\"noopener\">Ligue 1\u00a0: Luis Campos devrait poursuivre son aventure avec le PSG<br \/>\n    <\/a>\n<\/p>\n<p class=\"fig-paragraph\">Bien entendu, Ibrahima Niane n\u2019a plus fait la moindre apparition avec la formation angevine. Il serait rentr\u00e9 au S\u00e9n\u00e9gal. En fin de contrat, il ne devrait pas \u00eatre prolong\u00e9 par l\u2019Angers SCO. Sa carri\u00e8re est peut-\u00eatre d\u2019ores et d\u00e9j\u00e0 termin\u00e9e&#8230;<\/p>\n","protected":false},"excerpt":{"rendered":"Ibrahima Niane aurait \u00e9t\u00e9 suspendu pour dopage par l\u2019AFLP jusqu\u2019au 31 mars 2027 en raison d\u2019un contr\u00f4le positif&hellip;\n","protected":false},"author":2,"featured_media":119567,"comment_status":"","ping_status":"","sticky":false,"template":"","format":"standard","meta":{"footnotes":""},"categories":[1412],"tags":[460,525,1981,814,1451,2257,63,1452,1453,1454,1455,1011,27,3309,66,1307,955,1176,978,93,1980,60],"class_list":{"0":"post-119566","1":"post","2":"type-post","3":"status-publish","4":"format-standard","5":"has-post-thumbnail","7":"category-f1","8":"tag-angers-sco","9":"tag-calendrier","10":"tag-classement","11":"tag-direct","12":"tag-f1","13":"tag-foot","14":"tag-football","15":"tag-formula-1","16":"tag-formula1","17":"tag-formule-1","18":"tag-formule1","19":"tag-fr","20":"tag-france","21":"tag-l1","22":"tag-ligue-1","23":"tag-lille","24":"tag-match","25":"tag-olympique-de-marseille","26":"tag-olympique-lyonnais","27":"tag-psg","28":"tag-resultats","29":"tag-sports"},"share_on_mastodon":{"url":"https:\/\/pubeurope.com\/@fr\/114551818996791279","error":""},"_links":{"self":[{"href":"https:\/\/www.europesays.com\/fr\/wp-json\/wp\/v2\/posts\/119566","targetHints":{"allow":["GET"]}}],"collection":[{"href":"https:\/\/www.europesays.com\/fr\/wp-json\/wp\/v2\/posts"}],"about":[{"href":"https:\/\/www.europesays.com\/fr\/wp-json\/wp\/v2\/types\/post"}],"author":[{"embeddable":true,"href":"https:\/\/www.europesays.com\/fr\/wp-json\/wp\/v2\/users\/2"}],"replies":[{"embeddable":true,"href":"https:\/\/www.europesays.com\/fr\/wp-json\/wp\/v2\/comments?post=119566"}],"version-history":[{"count":0,"href":"https:\/\/www.europesays.com\/fr\/wp-json\/wp\/v2\/posts\/119566\/revisions"}],"wp:featuredmedia":[{"embeddable":true,"href":"https:\/\/www.europesays.com\/fr\/wp-json\/wp\/v2\/media\/119567"}],"wp:attachment":[{"href":"https:\/\/www.europesays.com\/fr\/wp-json\/wp\/v2\/media?parent=119566"}],"wp:term":[{"taxonomy":"category","embeddable":true,"href":"https:\/\/www.europesays.com\/fr\/wp-json\/wp\/v2\/categories?post=119566"},{"taxonomy":"post_tag","embeddable":true,"href":"https:\/\/www.europesays.com\/fr\/wp-json\/wp\/v2\/tags?post=119566"}],"curies":[{"name":"wp","href":"https:\/\/api.w.org\/{rel}","templated":true}]}}