{"id":119574,"date":"2025-05-22T13:56:09","date_gmt":"2025-05-22T13:56:09","guid":{"rendered":"https:\/\/www.europesays.com\/fr\/119574\/"},"modified":"2025-05-22T13:56:09","modified_gmt":"2025-05-22T13:56:09","slug":"a-courgeon-une-premiere-exposition-photo-pour-adele-gautier-lamirote-sur-lesprit-des-lieux","status":"publish","type":"post","link":"https:\/\/www.europesays.com\/fr\/119574\/","title":{"rendered":"\u00c0 Courgeon, une premi\u00e8re exposition photo pour Ad\u00e8le Gautier-Lamirot\u00e9 sur \u00ab L\u2019esprit des lieux \u00bb"},"content":{"rendered":"<p>            Par<br \/>\n        <strong><br \/>\n            <a href=\"https:\/\/actu.fr\/auteur\/vincent-guerrier\" title=\"Consulter tous les articles de Vincent Guerrier\" target=\"_blank\" rel=\"noopener\">Vincent Guerrier<\/a><br \/>\n        <\/strong><\/p>\n<p>        Publi\u00e9 le<\/p>\n<p>            21 mai 2025 \u00e0 17h35        <\/p>\n<p>On la connaissait directrice du Carr\u00e9 du Perche et de l\u2019Office de tourisme de <a href=\"https:\/\/actu.fr\/normandie\/mortagne-au-perche_61293\" target=\"_blank\" rel=\"noopener\">Mortagne-au-Perche<\/a> (Orne). On la retrouve d\u00e9sormais photographe amateur. Depuis plusieurs semaines d\u00e9j\u00e0, Ad\u00e8le Gauthier-Lamirot\u00e9 expose ses clich\u00e9s au Caf\u00e9 de la Place de <a href=\"https:\/\/actu.fr\/normandie\/courgeon_61129\" target=\"_blank\" rel=\"noopener\">Courgeon<\/a> (Orne), sur le joli mur en pierres.<\/p>\n<p>Dans les \u00e9glises<\/p>\n<p class=\" wall-content\">Mais qu\u2019est ce qui a bien pu la conduire \u00e0 activer le d\u00e9clencheur\u2009? <b>\u00ab\u2009Au d\u00e9c\u00e8s de mon p\u00e8re, en septembre\u00a02023, j\u2019ai commenc\u00e9 \u00e0 prendre en photos le grenier, des objets\u2026 J\u2019avais envie de capter l\u2019esprit de la maison. J\u2019y ai vite pris go\u00fbt, avec l\u2019envie d\u2019en faire plus.\u2009\u00bb<\/b> En voiture ou \u00e0 v\u00e9lo, voil\u00e0 donc qu\u2019Ad\u00e8le part en vadrouille le dimanche apr\u00e8s-midi pour aller dans ces rares endroits ouverts le jour du seigneur\u2009: les \u00e9glises.<\/p>\n<p>Des lieux de souvenir<\/p>\n<p class=\" wall-content\"><b>\u00ab\u2009On a tous un souvenir avec une \u00e9glise. Un bapt\u00eame, un mariage\u2026 Que l\u2019on soit croyant ou non, c\u2019est un lieu qui est charg\u00e9 d\u2019histoires, et on le sent tr\u00e8s bien \u00e0 l\u2019int\u00e9rieur. Il y a les traces des derni\u00e8res obs\u00e8ques c\u00e9l\u00e9br\u00e9es, un livre laiss\u00e9 sur un banc\u2026\u2009\u00bb<\/b><\/p>\n<p class=\" wall-content\">Ad\u00e8le, qui ma\u00eetrise vite l\u2019art de la photo, fait ce pas de c\u00f4t\u00e9 pour aller chercher les d\u00e9tails qu\u2019on ne remarque pas dans une \u00e9glise ou une sacristie.<\/p>\n<p class=\" wall-content\">Elle s\u2019adonne \u00e0 la synecdoque, cette fa\u00e7on de repr\u00e9senter un morceau de quelque chose pour d\u00e9signer un ensemble. Sur une photo, on verra dans le cadre les pieds d\u2019un crucifix. Ici, une bougie allum\u00e9e. <b>\u00ab\u2009Le d\u00e9tail permet d\u2019imaginer le hors plan. Parfois, il n\u2019y a pas besoin de montrer l\u2019ensemble\u2009\u00bb<\/b>, justifie la photographe.<\/p>\n<p>Du personnel au grand public<\/p>\n<p class=\" wall-content\">Quand elle montre ses clich\u00e9s \u00e0 une amie photographe, cette derni\u00e8re lui conseille d\u2019exposer. Bien s\u00fbr Ad\u00e8le a peur, prise par ce fameux syndrome de l\u2019imposteur. Mais \u00e0 force de recevoir des encouragements, elle se laisse aller, imprime 21 clich\u00e9s et trouve un lieu pour les exposer. <b>\u00ab\u2009J\u2019\u00e9tais tr\u00e8s contente que le Caf\u00e9 de la Place accepte car c\u2019est un lieu vivant. Et l\u2019exposition a \u00e9t\u00e9 tr\u00e8s bien accueillie\u2009\u00bb<\/b>, se f\u00e9licite la Percheronne. La sc\u00e9nariste Marion Festra\u00ebts a accompagn\u00e9 ses clich\u00e9s de petits textes. De quoi donner une autre dimension \u00e0 l\u2019exposition.<\/p>\n<p>Vid\u00e9os : en ce moment sur Actu<\/p>\n<p class=\" wall-content\">A-t-elle envie de poursuivre ce travail de photo\u2009? <b>\u00ab\u2009\u00c7a me pla\u00eet beaucoup. Et j\u2019aimerais continuer d\u2019explorer l\u2019esprit des lieux, mais peut-\u00eatre des lieux plus ouverts.\u2009\u00bb <\/b>Alors amis p\u00eacheurs, si vous entendez le craquement d\u2019un appareil photo dans votre dos, surtout ne vous retournez pas.<\/p>\n<p>Pratique L\u2019esprit des lieux, visible jusqu\u2019\u00e0 fin mai au Caf\u00e9 de la Place de Courgeon.<\/p>\n<p class=\" wall-content\">Suivez toute l\u2019actualit\u00e9 de vos villes et m\u00e9dias favoris en vous inscrivant \u00e0 <a href=\"https:\/\/moncompte.actu.fr\" title=\"D\u00e9couvez Mon Actu\" rel=\"nofollow noopener\" data-trk=\"{&quot;cta&quot;:{&quot;action&quot;:&quot;https:\\\/\\\/moncompte.actu.fr&quot;,&quot;category&quot;:&quot;mon compte&quot;,&quot;from&quot;:&quot;article footer&quot;,&quot;name&quot;:&quot;Mon actu&quot;,&quot;type&quot;:&quot;cta&quot;}}\" target=\"_blank\">Mon Actu<\/a>.<\/p>\n","protected":false},"excerpt":{"rendered":"Par Vincent Guerrier Publi\u00e9 le 21 mai 2025 \u00e0 17h35 On la connaissait directrice du Carr\u00e9 du Perche&hellip;\n","protected":false},"author":2,"featured_media":119575,"comment_status":"","ping_status":"","sticky":false,"template":"","format":"standard","meta":{"footnotes":""},"categories":[1358],"tags":[1348,1384,1385,1386,58,59,1011,27,1652,19676,1756],"class_list":{"0":"post-119574","1":"post","2":"type-post","3":"status-publish","4":"format-standard","5":"has-post-thumbnail","7":"category-arts-et-design","8":"tag-arts","9":"tag-arts-and-design","10":"tag-arts-et-design","11":"tag-design","12":"tag-divertissement","13":"tag-entertainment","14":"tag-fr","15":"tag-france","16":"tag-loisirs-culture","17":"tag-perche","18":"tag-photographie"},"share_on_mastodon":{"url":"https:\/\/pubeurope.com\/@fr\/114551834793312572","error":""},"_links":{"self":[{"href":"https:\/\/www.europesays.com\/fr\/wp-json\/wp\/v2\/posts\/119574","targetHints":{"allow":["GET"]}}],"collection":[{"href":"https:\/\/www.europesays.com\/fr\/wp-json\/wp\/v2\/posts"}],"about":[{"href":"https:\/\/www.europesays.com\/fr\/wp-json\/wp\/v2\/types\/post"}],"author":[{"embeddable":true,"href":"https:\/\/www.europesays.com\/fr\/wp-json\/wp\/v2\/users\/2"}],"replies":[{"embeddable":true,"href":"https:\/\/www.europesays.com\/fr\/wp-json\/wp\/v2\/comments?post=119574"}],"version-history":[{"count":0,"href":"https:\/\/www.europesays.com\/fr\/wp-json\/wp\/v2\/posts\/119574\/revisions"}],"wp:featuredmedia":[{"embeddable":true,"href":"https:\/\/www.europesays.com\/fr\/wp-json\/wp\/v2\/media\/119575"}],"wp:attachment":[{"href":"https:\/\/www.europesays.com\/fr\/wp-json\/wp\/v2\/media?parent=119574"}],"wp:term":[{"taxonomy":"category","embeddable":true,"href":"https:\/\/www.europesays.com\/fr\/wp-json\/wp\/v2\/categories?post=119574"},{"taxonomy":"post_tag","embeddable":true,"href":"https:\/\/www.europesays.com\/fr\/wp-json\/wp\/v2\/tags?post=119574"}],"curies":[{"name":"wp","href":"https:\/\/api.w.org\/{rel}","templated":true}]}}