{"id":119578,"date":"2025-05-22T13:58:14","date_gmt":"2025-05-22T13:58:14","guid":{"rendered":"https:\/\/www.europesays.com\/fr\/119578\/"},"modified":"2025-05-22T13:58:14","modified_gmt":"2025-05-22T13:58:14","slug":"marina-maries-au-premier-regard-prend-la-parole-sur-le-pere-de-sa-fille-lola","status":"publish","type":"post","link":"https:\/\/www.europesays.com\/fr\/119578\/","title":{"rendered":"Marina (Mari\u00e9s au premier regard) prend la parole sur le p\u00e8re de sa fille Lola"},"content":{"rendered":"<p class=\"articleContent-meta\">\n        Aujourd&rsquo;hui \u00e0 14:30 &#8211; par             Sorelle Spet<\/p>\n<p>                    Tweeter<\/p>\n<p>                    Partager sur Facebook<\/p>\n<p>                        <img decoding=\"async\" src=\"https:\/\/www.europesays.com\/fr\/wp-content\/uploads\/2025\/05\/marina-maries-au-premier-regard-desemparee-par-une-nouvelle-au-sujet-de-son-futur-mari.jpg\" alt=\"Player Video\" class=\"player-applyRatio poster exclude-seedtag\"\/><\/p>\n<p>Mercredi 21 mai, Marina a profit\u00e9 qu\u2019un de ses abonn\u00e9s Instagram l\u2019interroge sur la relation fusionnelle qu\u2019elle entretient avec sa fille pour \u00e9voquer la pr\u00e9sence de son ex-conjoint dans leur vie.<\/p>\n<p>Visiblement, ce que les t\u00e9l\u00e9spectateurs de Mari\u00e9s au premier regard ont retenu au sujet de Marina ne tient qu\u2019\u00e0 deux choses : la relation fusionnelle que la jeune femme entretient avec sa m\u00e8re, sa s\u0153ur et le fait que <a href=\"https:\/\/www.programme.tv\/news\/tele-realite\/262087-j-ai-vu-son-crane-marina-maries-au-premier-regard-revele-avoir-avoir-eu-un-gros-blocage-physique-avec-david-lors-de-leur-premiere-rencontre\/\" target=\"_blank\" rel=\"noopener\">les hommes chauves ne sont pas \u00e0 son go\u00fbt<\/a>\u2026 Ironie du sort, les expertes de l\u2019\u00e9mission lui ont d\u00e9cel\u00e9 une compatibilit\u00e9 de 77 % avec David dont le cr\u00e2ne est particuli\u00e8rement d\u00e9garni. Si la m\u00e8re de famille s\u2019est quelque peu <a href=\"https:\/\/www.programme.tv\/news\/tele-realite\/262128-je-nai-pas-delectricite-marina-maries-au-premier-regard-reagit-a-sa-premiere-rencontre-avec-david-malgre-un-critere-non-respecte-par-la-production\/\" target=\"_blank\" rel=\"noopener\">laiss\u00e9e d\u00e9stabiliser par ce d\u00e9tail<\/a>, elle s\u2019est cependant jet\u00e9e \u00e0 l\u2019eau en acceptant de se marier au jeune homme avec le d\u00e9sir sinc\u00e8re d\u2019apprendre \u00e0 le conna\u00eetre. \u00ab\u00a0Je me sens bien avec lui, je peux m&rsquo;\u00e9pauler sur lui. Il n&rsquo;est pas lourd, je n&rsquo;ai pas l&rsquo;\u00e9lectricit\u00e9 quand on se fr\u00f4le. Je le trouve beau. C&rsquo;est un bon papa. Mes anciennes relations je n&rsquo;avais pas l&rsquo;\u00e9lectricit\u00e9 au d\u00e9but, il faut attendre de voir les choses, il ne faut pas se bloquer. Il faut voir, il faut se d\u00e9couvrir. Il ne faut pas que je le friend zone\u00a0\u00bb, a-t-elle confi\u00e9 devant les cam\u00e9ras. Esp\u00e9rons donc que la magie op\u00e8re entre ces deux-l\u00e0 et surtout, qu\u2019<a href=\"https:\/\/www.programme.tv\/news\/tele-realite\/262228-pas-envie-d-un-bisou-devant-mes-filles-david-maries-au-premier-regard-explique-ce-petit-moment-off-au-moment-d-embrasser-marina\/\" target=\"_blank\" rel=\"noopener\">un jeu de s\u00e9duction finisse par s\u2019installer entre eux<\/a> !<\/p>\n<p>                                    Marina (Mari\u00e9s au premier regard) se confie sur la relation fusionnelle qu\u2019elle entretient avec sa fille<\/p>\n<p>En attendant de retrouver Marina sur le petit \u00e9cran de M6, c\u2019est sur Instagram que les fans de Mari\u00e9s au premier regard ont interpell\u00e9 la jeune femme. \u00c0 l\u2019occasion d\u2019une foire aux questions lanc\u00e9e par la participante, un internaute n\u2019est pas pass\u00e9 par quatre chemins en supposant que l\u2019environnement dans lequel elle a \u00e9lev\u00e9 sa fille serait \u00ab\u00a0malsain\u00a0\u00bb : \u00ab\u00a0Elle est \u00e9lev\u00e9e par toi, ta m\u00e8re, ta s\u0153ur\u2026 Que des filles.\u00a0\u00bb \u00ab\u00a0<b>Cette question est pas mal. [&#8230;] Je ne pensais pas devoir clarifier ce point. [&#8230;] On ne vit pas en vase clos avec ma m\u00e8re, ma s\u0153ur et ma fille. Je vous rappelle que Lola a un papa donc elle a une figure masculine dans son entourage et pas que\u2026 Mais je n\u2019ai pas \u00e0 me justifier sur ma vie<\/b>\u00ab\u00a0, a-t-elle lanc\u00e9. Avant d\u2019insister : \u00ab\u00a0Tout \u00e7a pour dire qu\u2019on ne vit pas toutes ensemble. C\u2019est quand m\u00eame marrant que certaines personnes puissent penser \u00e7a. Oui, on se voit tr\u00e8s souvent. Je trouve \u00e7a plut\u00f4t cool et en plus, ma fille adore \u00e7a ! [&#8230;] Ce n\u2019est pas malsain du tout. Lola va tr\u00e8s bien, ne vous inqui\u00e9tez pas.\u00a0\u00bb<\/p>\n<p>                Marina (Mari\u00e9s au premier regard) \u00e9voque la pr\u00e9sence de sa fille dans l\u2019\u00e9mission<\/p>\n<p>Si Marina ne se voyait pas vivre cette exp\u00e9rience hors du commun sans sa fille ador\u00e9e, elle aurait \u00e9videmment respect\u00e9 sa d\u00e9cision si elle n\u2019avait pas souhait\u00e9 appara\u00eetre \u00e0 l\u2019\u00e9cran. Mais pour Lola, il \u00e9tait impensable de manquer un tel \u00e9v\u00e9nement ! \u00c0 ce sujet, les abonn\u00e9s Instagram de l\u2019\u00e9pouse de David se sont interrog\u00e9s : \u00ab\u00a0Lola a-t-elle aim\u00e9 t\u2019accompagner dans cette exp\u00e9rience ?\u00a0\u00bb \u00ab\u00a0Oui, elle tenait vraiment \u00e0 m\u2019accompagner dans cette exp\u00e9rience\u00a0\u00bb, a assur\u00e9 la m\u00e8re de l\u2019adolescente. Avant d\u2019\u00e9voquer tout de m\u00eame les choses qui ont d\u00e9plu \u00e0 sa fille : \u00ab\u00a0En revanche, elle n\u2019a pas tant appr\u00e9ci\u00e9 le c\u00f4t\u00e9 micro et cam\u00e9ra\u2026\u00a0\u00bb<\/p>\n<p>Article \u00e9crit avec la collaboration de 6Medias.<\/p>\n<p>Rejoignez-nous sur Google News !<\/p>\n<p class=\"articleContent-pushTagline\">Abonnez-vous \u00e0 <a href=\"https:\/\/news.google.com\/publications\/CAAiEJwr-IZFXDFoZD1ePbkC_VcqFAgKIhCcK_iGRVwxaGQ9Xj25Av1X\" target=\"_blank\" rel=\"noopener\">T\u00e9l\u00e9 2 semaines sur Google News<\/a> pour ne manquer aucune info !<\/p>\n","protected":false},"excerpt":{"rendered":"Aujourd&rsquo;hui \u00e0 14:30 &#8211; par Sorelle Spet Tweeter Partager sur Facebook Mercredi 21 mai, Marina a profit\u00e9 qu\u2019un&hellip;\n","protected":false},"author":2,"featured_media":119579,"comment_status":"","ping_status":"","sticky":false,"template":"","format":"standard","meta":{"footnotes":""},"categories":[1356],"tags":[58,59,1011,27,494,5214,252,3604,1364,1630],"class_list":{"0":"post-119578","1":"post","2":"type-post","3":"status-publish","4":"format-standard","5":"has-post-thumbnail","7":"category-television","8":"tag-divertissement","9":"tag-entertainment","10":"tag-fr","11":"tag-france","12":"tag-m6","13":"tag-mariu00e9s-au-premier-regard","14":"tag-television","15":"tag-tu00e9lu00e9-ru00e9alitu00e9","16":"tag-tv","17":"tag-zapping"},"share_on_mastodon":{"url":"https:\/\/pubeurope.com\/@fr\/114551842717209484","error":""},"_links":{"self":[{"href":"https:\/\/www.europesays.com\/fr\/wp-json\/wp\/v2\/posts\/119578","targetHints":{"allow":["GET"]}}],"collection":[{"href":"https:\/\/www.europesays.com\/fr\/wp-json\/wp\/v2\/posts"}],"about":[{"href":"https:\/\/www.europesays.com\/fr\/wp-json\/wp\/v2\/types\/post"}],"author":[{"embeddable":true,"href":"https:\/\/www.europesays.com\/fr\/wp-json\/wp\/v2\/users\/2"}],"replies":[{"embeddable":true,"href":"https:\/\/www.europesays.com\/fr\/wp-json\/wp\/v2\/comments?post=119578"}],"version-history":[{"count":0,"href":"https:\/\/www.europesays.com\/fr\/wp-json\/wp\/v2\/posts\/119578\/revisions"}],"wp:featuredmedia":[{"embeddable":true,"href":"https:\/\/www.europesays.com\/fr\/wp-json\/wp\/v2\/media\/119579"}],"wp:attachment":[{"href":"https:\/\/www.europesays.com\/fr\/wp-json\/wp\/v2\/media?parent=119578"}],"wp:term":[{"taxonomy":"category","embeddable":true,"href":"https:\/\/www.europesays.com\/fr\/wp-json\/wp\/v2\/categories?post=119578"},{"taxonomy":"post_tag","embeddable":true,"href":"https:\/\/www.europesays.com\/fr\/wp-json\/wp\/v2\/tags?post=119578"}],"curies":[{"name":"wp","href":"https:\/\/api.w.org\/{rel}","templated":true}]}}