{"id":119580,"date":"2025-05-22T13:59:09","date_gmt":"2025-05-22T13:59:09","guid":{"rendered":"https:\/\/www.europesays.com\/fr\/119580\/"},"modified":"2025-05-22T13:59:09","modified_gmt":"2025-05-22T13:59:09","slug":"la-7e-place-de-louane-dit-peut-etre-quelque-chose-de-la-position-de-la-france-en-europe","status":"publish","type":"post","link":"https:\/\/www.europesays.com\/fr\/119580\/","title":{"rendered":"\u00ab\u00a0La 7e place de Louane dit peut-\u00eatre quelque chose de la position de la France en Europe\u00a0\u00bb"},"content":{"rendered":"<p>On connaissait L\u2019Homme europ\u00e9en de <a href=\"https:\/\/www.20minutes.fr\/dossier\/dominique_de_villepin\" class=\"color-ultramarine c-link\" rel=\"nofollow noopener\" target=\"_blank\">Dominique de Villepin<\/a>, ouvrage co\u00e9crit avec Georges Semprun en\u00a02005. On ignorait son tropisme pour l\u2019<a href=\"https:\/\/www.20minutes.fr\/arts-stars\/culture\/eurovision\/\" class=\"color-ultramarine c-link\" rel=\"nofollow noopener\" target=\"_blank\">Eurovision<\/a>. A propos de la 7e place de <a href=\"https:\/\/www.20minutes.fr\/dossier\/louane\" class=\"color-ultramarine c-link\" rel=\"nofollow noopener\" target=\"_blank\">Louane<\/a>, samedi dernier lors de la finale du concours \u00e0 B\u00e2le, le dernier Premier ministre de Jacques Chirac a estim\u00e9 que la chanteuse \u00ab\u00a0ne manque pas de talents, sa chanson maman \u00e9tait tr\u00e8s belle et tr\u00e8s \u00e9mouvante. <a href=\"https:\/\/www.20minutes.fr\/arts-stars\/culture\/4154061-20250518-eurovision-2025-louane-france-lachees-public-europeen\" class=\"color-ultramarine c-link\" rel=\"nofollow noopener\" target=\"_blank\">Cette 7e place<\/a> dit peut-\u00eatre quelque chose de la position de la France dans cette Europe, quelque chose du fait que nous avons beaucoup de travail \u00e0 faire pour reconqu\u00e9rir les c\u0153urs et pour faire en sorte que la culture fran\u00e7aise ne r\u00e9gresse pas trop vite. La francophonie est un combat qu\u2019on ne m\u00e8ne pas assez.\u00a0\u00bb<\/p>\n<p>\u00ab\u00a0Adepte inconditionnel de toutes formes de chanson\u00a0\u00bb, Dominique de Villepin avoue, ce jeudi, dans \u00ab\u00a0Face aux Territoires\u00a0\u00bb sur TV5 Monde\u00a0: \u00ab\u00a0Je suis tous les samedis soir devant \u00ab\u00a0<a href=\"https:\/\/www.20minutes.fr\/television\/the-voice\/\" class=\"color-ultramarine c-link\" rel=\"nofollow noopener\" target=\"_blank\">The Voice<\/a>\u00ab\u00a0. Je ne chante pas moi-m\u00eame mais j\u2019aime la chanson.\u00a0\u00bb<\/p>\n<p>Il n\u2019a pas lu le livre de Louis Sarkozy sur Napol\u00e9on<\/p>\n<p>Outre la chanson, ce gaulliste appr\u00e9cie aussi <a href=\"https:\/\/www.20minutes.fr\/dossier\/napoleon\" class=\"color-ultramarine c-link\" rel=\"nofollow noopener\" target=\"_blank\">Napol\u00e9on <\/a>au point de lui <a href=\"https:\/\/www.tf1info.fr\/culture\/tmc-replay-video-un-genie-fulgurant-dominique-de-villepin-s-enflamme-en-parlant-de-napoleon-dans-quotidien-2277280.html\" rel=\"nofollow noopener\" target=\"_blank\" class=\"color-ultramarine c-link\">avoir consacr\u00e9 trois livres<\/a>. \u00ab\u00a0J\u2019ai surtout \u00e9crit sur la chute de Napol\u00e9on. Ce qui m\u2019int\u00e9ressait, c\u2019est ce destin hors norme, et les le\u00e7ons qu\u2019on peut en tirer. Je ne fais pas partie des napol\u00e9on\u00e2tres, je crois qu\u2019il faut savoir regarder la face sombre de Napol\u00e9on.\u00a0\u00bb<\/p>\n<p>Interrog\u00e9 sur <a href=\"https:\/\/www.20minutes.fr\/politique\/4152098-20250507-livre-louis-sarkozy-veut-situer-terrain-idees-differencier-pere\" target=\"_blank\" class=\"color-ultramarine c-link\" rel=\"nofollow noopener\">le r\u00e9cent livre de Louis Sarkozy<\/a> Napol\u00e9on Bonaparte\u00a0: L\u2019Empire des livres, il avoue ne pas l\u2019avoir lu. Et sur les vell\u00e9it\u00e9s politiques qu\u2019on pr\u00eate au fils de Nicolas Sarkozy, notamment une possible candidature aux municipales \u00e0 Menton (Alpes-Maritimes), Dominique de Villepin lance\u00a0: \u00ab\u00a0Je suis pour la reconnaissance des talents. Je ne crois pas qu\u2019en politique, le fait de porter un nom doive en aucune fa\u00e7on \u00eatre un avantage. Je crois aux talents et chacun doit pouvoir l\u2019exprimer sans aucune forme de privil\u00e8ge.\u00a0\u00bb<\/p>\n","protected":false},"excerpt":{"rendered":"On connaissait L\u2019Homme europ\u00e9en de Dominique de Villepin, ouvrage co\u00e9crit avec Georges Semprun en\u00a02005. On ignorait son tropisme&hellip;\n","protected":false},"author":2,"featured_media":119581,"comment_status":"","ping_status":"","sticky":false,"template":"","format":"standard","meta":{"footnotes":""},"categories":[1355],"tags":[251,58,23385,59,4500,24048,1011,27,4501,17927,1361,873,23977,3363,6946],"class_list":{"0":"post-119580","1":"post","2":"type-post","3":"status-publish","4":"format-standard","5":"has-post-thumbnail","7":"category-musique","8":"tag-culture","9":"tag-divertissement","10":"tag-dominique-de-villepin","11":"tag-entertainment","12":"tag-eurovision-2025","13":"tag-face-aux-territoires","14":"tag-fr","15":"tag-france","16":"tag-louane","17":"tag-louis-sarkozy","18":"tag-music","19":"tag-musique","20":"tag-napoleon","21":"tag-premier-ministre","22":"tag-tv5-monde"},"share_on_mastodon":{"url":"https:\/\/pubeurope.com\/@fr\/114551846693413612","error":""},"_links":{"self":[{"href":"https:\/\/www.europesays.com\/fr\/wp-json\/wp\/v2\/posts\/119580","targetHints":{"allow":["GET"]}}],"collection":[{"href":"https:\/\/www.europesays.com\/fr\/wp-json\/wp\/v2\/posts"}],"about":[{"href":"https:\/\/www.europesays.com\/fr\/wp-json\/wp\/v2\/types\/post"}],"author":[{"embeddable":true,"href":"https:\/\/www.europesays.com\/fr\/wp-json\/wp\/v2\/users\/2"}],"replies":[{"embeddable":true,"href":"https:\/\/www.europesays.com\/fr\/wp-json\/wp\/v2\/comments?post=119580"}],"version-history":[{"count":0,"href":"https:\/\/www.europesays.com\/fr\/wp-json\/wp\/v2\/posts\/119580\/revisions"}],"wp:featuredmedia":[{"embeddable":true,"href":"https:\/\/www.europesays.com\/fr\/wp-json\/wp\/v2\/media\/119581"}],"wp:attachment":[{"href":"https:\/\/www.europesays.com\/fr\/wp-json\/wp\/v2\/media?parent=119580"}],"wp:term":[{"taxonomy":"category","embeddable":true,"href":"https:\/\/www.europesays.com\/fr\/wp-json\/wp\/v2\/categories?post=119580"},{"taxonomy":"post_tag","embeddable":true,"href":"https:\/\/www.europesays.com\/fr\/wp-json\/wp\/v2\/tags?post=119580"}],"curies":[{"name":"wp","href":"https:\/\/api.w.org\/{rel}","templated":true}]}}