{"id":119592,"date":"2025-05-22T14:05:10","date_gmt":"2025-05-22T14:05:10","guid":{"rendered":"https:\/\/www.europesays.com\/fr\/119592\/"},"modified":"2025-05-22T14:05:10","modified_gmt":"2025-05-22T14:05:10","slug":"budget-de-trump-nouveau-coup-de-chaud-sur-les-taux-demprunt-americains-actualites","status":"publish","type":"post","link":"https:\/\/www.europesays.com\/fr\/119592\/","title":{"rendered":"Budget de Trump: nouveau coup de chaud sur les taux d&#8217;emprunt am\u00e9ricains : Actualit\u00e9s"},"content":{"rendered":"<p class=\"lead \">Le projet de loi budg\u00e9taire de Donald Trump, adopt\u00e9 jeudi par la Chambre des repr\u00e9sentants aux Etats-Unis, fait se tendre fortement les taux d&rsquo;int\u00e9r\u00eat des emprunts publics am\u00e9ricains, signe d&rsquo;un regain d&rsquo;inqui\u00e9tude des investisseurs sur l&rsquo;ampleur de la dette du pays.<\/p>\n<p class=\"lead \">Les rendements de la dette des \u00c9tats-Unis sur trente ans atteignaient vers 11H40 GMT 5,13%, contre 5,09% mercredi soir et 4,97% la veille. <\/p>\n<p class=\"lead \">S&rsquo;il cl\u00f4ture \u00e0 ce seuil, il s&rsquo;agirait d&rsquo;un niveau jamais vu depuis le d\u00e9but de la crise financi\u00e8re en 2007. <\/p>\n<p class=\"lead \">Le taux d&rsquo;int\u00e9r\u00eat sur dix ans \u00e9voluait lui, autour de 4,61%, apr\u00e8s avoir flamb\u00e9 la veille de 4,49% \u00e0 4,60%, au plus haut depuis f\u00e9vrier.<\/p>\n<p class=\"lead \">\u00ab\u00a0La montagne croissante de la dette am\u00e9ricaine provoque des vagues d\u2019inqui\u00e9tude sur les march\u00e9s, avec des signes que les investisseurs h\u00e9sitent \u00e0 financer l\u2019administration Trump\u00a0\u00bb, r\u00e9sume Susannah Streeter, analyste chez Hargreaves Lansdown.<\/p>\n<p class=\"lead \">Le d\u00e9clencheur de la flamb\u00e9e a \u00e9t\u00e9 mercredi une \u00e9mission d&rsquo;obligations \u00e0 20 ans plus faible que pr\u00e9vu, \u00ab\u00a0signalant une possible inqui\u00e9tude quant \u00e0 la volont\u00e9 des investisseurs de prendre en charge la dette du gouvernement\u00a0\u00bb, selon les analystes de Briefing.com.<\/p>\n<p class=\"lead \">La hausse a repris de plus belle jeudi, apr\u00e8s que la Chambre am\u00e9ricaine des repr\u00e9sentants a adopt\u00e9 jeudi le \u00ab\u00a0m\u00e9gaprojet\u00a0\u00bb de loi budg\u00e9taire voulu par Donald Trump, qui esp\u00e8re concr\u00e9tiser certaines promesses phares de campagne comme la prolongation de gigantesques cr\u00e9dits d&rsquo;imp\u00f4t de son premier mandat.<\/p>\n<p class=\"lead \">Probl\u00e8me: \u00ab\u00a0il n&rsquo;y a pas en face des baisses de d\u00e9penses suffisantes pour \u00e9viter un gonflement de la dette\u00a0\u00bb, explique Christopher Dembik, conseiller en investissement pour Pictet AM.<\/p>\n<p class=\"lead \">Le projet de loi budg\u00e9taire de Donald Trump pourrait accro\u00eetre le d\u00e9ficit am\u00e9ricain, de l&rsquo;ordre de 2.000 milliards \u00e0 4.000 milliards de dollars sur la prochaine d\u00e9cennie, selon diff\u00e9rentes analyses ind\u00e9pendantes.<\/p>\n<p class=\"lead \">\u00ab\u00a0Les investisseurs commencent donc \u00e0 se demander si la dette am\u00e9ricaine, qui ne cesse de cro\u00eetre, est vraiment viable\u00a0\u00bb, abonde Ipek Ozkardeskaya, analyste pour Swissquote Bank.<\/p>\n<p class=\"lead \">D\u00e9but avril, les craintes concernant les droits de douane impos\u00e9s par M. Trump avaient d\u00e9j\u00e0 entra\u00een\u00e9 une hausse des taux, plomb\u00e9s par un d\u00e9samour des investisseurs envers les actifs en provenance des Etats-Unis. <\/p>\n<p class=\"lead \">Cet \u00e9pisode intervient quelques jours apr\u00e8s la r\u00e9trogradation de la note de la dette des \u00c9tats-Unis par l&rsquo;agence Moody&rsquo;s.<\/p>\n<p class=\"small font-weight-bold text-gray3 \"> publi\u00e9 le 22 mai \u00e0 14h23, AFP<\/p>\n<p>                             Partager<\/p>\n","protected":false},"excerpt":{"rendered":"Le projet de loi budg\u00e9taire de Donald Trump, adopt\u00e9 jeudi par la Chambre des repr\u00e9sentants aux Etats-Unis, fait&hellip;\n","protected":false},"author":2,"featured_media":119593,"comment_status":"","ping_status":"","sticky":false,"template":"","format":"standard","meta":{"footnotes":""},"categories":[6],"tags":[13790,1003,35,33,34,590,1011,27,421,1050,316],"class_list":{"0":"post-119592","1":"post","2":"type-post","3":"status-publish","4":"format-standard","5":"has-post-thumbnail","7":"category-economie","8":"tag-conomie","9":"tag-budget","10":"tag-business","11":"tag-economie","12":"tag-economy","13":"tag-finance","14":"tag-fr","15":"tag-france","16":"tag-lois","17":"tag-parlement","18":"tag-politique"},"share_on_mastodon":{"url":"https:\/\/pubeurope.com\/@fr\/114551870156059706","error":""},"_links":{"self":[{"href":"https:\/\/www.europesays.com\/fr\/wp-json\/wp\/v2\/posts\/119592","targetHints":{"allow":["GET"]}}],"collection":[{"href":"https:\/\/www.europesays.com\/fr\/wp-json\/wp\/v2\/posts"}],"about":[{"href":"https:\/\/www.europesays.com\/fr\/wp-json\/wp\/v2\/types\/post"}],"author":[{"embeddable":true,"href":"https:\/\/www.europesays.com\/fr\/wp-json\/wp\/v2\/users\/2"}],"replies":[{"embeddable":true,"href":"https:\/\/www.europesays.com\/fr\/wp-json\/wp\/v2\/comments?post=119592"}],"version-history":[{"count":0,"href":"https:\/\/www.europesays.com\/fr\/wp-json\/wp\/v2\/posts\/119592\/revisions"}],"wp:featuredmedia":[{"embeddable":true,"href":"https:\/\/www.europesays.com\/fr\/wp-json\/wp\/v2\/media\/119593"}],"wp:attachment":[{"href":"https:\/\/www.europesays.com\/fr\/wp-json\/wp\/v2\/media?parent=119592"}],"wp:term":[{"taxonomy":"category","embeddable":true,"href":"https:\/\/www.europesays.com\/fr\/wp-json\/wp\/v2\/categories?post=119592"},{"taxonomy":"post_tag","embeddable":true,"href":"https:\/\/www.europesays.com\/fr\/wp-json\/wp\/v2\/tags?post=119592"}],"curies":[{"name":"wp","href":"https:\/\/api.w.org\/{rel}","templated":true}]}}