{"id":119599,"date":"2025-05-22T14:09:10","date_gmt":"2025-05-22T14:09:10","guid":{"rendered":"https:\/\/www.europesays.com\/fr\/119599\/"},"modified":"2025-05-22T14:09:10","modified_gmt":"2025-05-22T14:09:10","slug":"loire-pascal-michaud-nouveau-president-de-lorganisation-patronale-uimm-loire","status":"publish","type":"post","link":"https:\/\/www.europesays.com\/fr\/119599\/","title":{"rendered":"Loire. Pascal Michaud, nouveau Pr\u00e9sident de l\u2019organisation patronale UIMM Loire"},"content":{"rendered":"<p>Mardi 20 mai, les membres du conseil de direction de l\u2019Union des Industries et M\u00e9tiers de la M\u00e9tallurgie de la Loire (UIMM Loire) ont d\u00e9sign\u00e9 Pascal Michaud comme nouveau pr\u00e9sident de l\u2019organisation patronale. Il succ\u00e8de \u00e0 Philippe Rascle, qui exer\u00e7ait cette fonction depuis mai 2019.<\/p>\n<p>Dirigeant du groupe CEPM Industrie depuis 2010, ce Savoyard d\u2019origine souhaite \u00ab incarner une volont\u00e9 de renforcer les synergies entre entreprises, partenaires priv\u00e9s et acteurs publics, au service d\u2019un d\u00e9veloppement industriel durable \u00bb, indique le communiqu\u00e9 de presse de l\u2019UIMM Loire.<\/p>\n","protected":false},"excerpt":{"rendered":"Mardi 20 mai, les membres du conseil de direction de l\u2019Union des Industries et M\u00e9tiers de la M\u00e9tallurgie&hellip;\n","protected":false},"author":2,"featured_media":119600,"comment_status":"","ping_status":"","sticky":false,"template":"","format":"standard","meta":{"footnotes":""},"categories":[9653],"tags":[1111,11,2430,33,1777,674,1011,27,693,3367,12,25,4001],"class_list":{"0":"post-119599","1":"post","2":"type-post","3":"status-publish","4":"format-standard","5":"has-post-thumbnail","7":"category-saint-etienne","8":"tag-actu","9":"tag-actualites","10":"tag-auvergne-rhone-alpes","11":"tag-economie","12":"tag-eu","13":"tag-europe","14":"tag-fr","15":"tag-france","16":"tag-industrie","17":"tag-loire","18":"tag-news","19":"tag-republique-francaise","20":"tag-saint-etienne"},"share_on_mastodon":{"url":"https:\/\/pubeurope.com\/@fr\/114551885874749159","error":""},"_links":{"self":[{"href":"https:\/\/www.europesays.com\/fr\/wp-json\/wp\/v2\/posts\/119599","targetHints":{"allow":["GET"]}}],"collection":[{"href":"https:\/\/www.europesays.com\/fr\/wp-json\/wp\/v2\/posts"}],"about":[{"href":"https:\/\/www.europesays.com\/fr\/wp-json\/wp\/v2\/types\/post"}],"author":[{"embeddable":true,"href":"https:\/\/www.europesays.com\/fr\/wp-json\/wp\/v2\/users\/2"}],"replies":[{"embeddable":true,"href":"https:\/\/www.europesays.com\/fr\/wp-json\/wp\/v2\/comments?post=119599"}],"version-history":[{"count":0,"href":"https:\/\/www.europesays.com\/fr\/wp-json\/wp\/v2\/posts\/119599\/revisions"}],"wp:featuredmedia":[{"embeddable":true,"href":"https:\/\/www.europesays.com\/fr\/wp-json\/wp\/v2\/media\/119600"}],"wp:attachment":[{"href":"https:\/\/www.europesays.com\/fr\/wp-json\/wp\/v2\/media?parent=119599"}],"wp:term":[{"taxonomy":"category","embeddable":true,"href":"https:\/\/www.europesays.com\/fr\/wp-json\/wp\/v2\/categories?post=119599"},{"taxonomy":"post_tag","embeddable":true,"href":"https:\/\/www.europesays.com\/fr\/wp-json\/wp\/v2\/tags?post=119599"}],"curies":[{"name":"wp","href":"https:\/\/api.w.org\/{rel}","templated":true}]}}