{"id":119601,"date":"2025-05-22T14:10:09","date_gmt":"2025-05-22T14:10:09","guid":{"rendered":"https:\/\/www.europesays.com\/fr\/119601\/"},"modified":"2025-05-22T14:10:09","modified_gmt":"2025-05-22T14:10:09","slug":"la-biennale-du-design-de-saint-etienne-un-evenement-laboratoire-au-service-du-futur","status":"publish","type":"post","link":"https:\/\/www.europesays.com\/fr\/119601\/","title":{"rendered":"la Biennale du Design de Saint-\u00c9tienne, un \u00e9v\u00e9nement-laboratoire au service du futur"},"content":{"rendered":"<p><strong>CRITIQUE &#8211; <\/strong>Organis\u00e9e par la Cit\u00e9 du design de la ville, cette 13e\u00a0\u00e9dition s\u2019adresse \u00e0 tous les publics avec sa th\u00e9matique tourn\u00e9e vers le futur. Elle a ouvert ses portes hier et se prolonge jusqu\u2019au 6\u00a0juillet.<\/p>\n<p class=\"fig-paragraph\">Face aux d\u00e9fis de production du XXIe\u00a0si\u00e8cle, avec quelles ressources le designer travaille-t-il aujourd\u2019hui pour pr\u00e9parer demain\u00a0? Directrice et commissaire g\u00e9n\u00e9rale de la\u00a0<a href=\"https:\/\/www.lefigaro.fr\/arts-expositions\/a-saint-etienne-le-design-reconcilie-les-esprits-20190322\" target=\"_blank\" data-fig-type=\"Article\" rel=\"noopener\" data-gtm-custom-categorie=\"navigation\" data-gtm-custom-action=\"crossclick\" data-gtm-custom-label=\"Contextuel\" data-gtm-event=\"customEventSPE\" data-fig-domain=\"LEFIGARO\">Biennale de Saint-\u00c9tienne<\/a>, Laurence Salmon, \u00e9galement enseignante en histoire du design \u00e0 la\u00a0<a href=\"http:\/\/www.lefigaro.fr\/flash-actu\/cite-du-design-de-saint-etienne-l-ex-dg-thierry-mandon-soupconne-de-detournement-de-fonds-par-son-president-20221108\" target=\"_blank\" data-fig-type=\"NewsFlash\" rel=\"noopener\" data-gtm-custom-categorie=\"navigation\" data-gtm-custom-action=\"crossclick\" data-gtm-custom-label=\"Contextuel\" data-gtm-event=\"customEventSPE\" data-fig-domain=\"LEFIGARO\">Cit\u00e9 du design<\/a>, part de la d\u00e9finition du terme \u00ab\u00a0ressource\u00a0\u00bb pour tenter de r\u00e9pondre \u00e0 cette probl\u00e9matique. \u00ab\u00a0Selon le dictionnaire, c\u2019est la capacit\u00e9 que l\u2019on a \u00e0 mobiliser des moyens d\u2019action pour d\u00e9passer un \u00e9tat de crise, et donc aller vers l\u2019ailleurs. Tout est dit\u00a0!\u00a0\u00bb Les expositions de la Biennale passent ainsi au microscope le design en tant que concentration de r\u00e9flexions et de moyens concrets, de natures diverses, pour penser l\u2019apr\u00e8s-crise que traverse le secteur.<\/p>\n<p class=\"fig-paragraph\">\u00ab\u00a0La question de la ressource est au c\u0153ur de la pratique du designer. Quels sont les moyens d\u2019action pour envisager l\u2019habitat\u00a0? Comment consommer et vivre demain\u00a0? La th\u00e9matique s\u2019est impos\u00e9e comme assez riche pour \u00eatre interpr\u00e9t\u00e9e\u2026<\/p>\n<p class=\"fig-premium-paywall__infos\">\n        Cet article est r\u00e9serv\u00e9 aux abonn\u00e9s.        Il vous reste 85% \u00e0 d\u00e9couvrir.\n    <\/p>\n<p>                <img  data- alt=\"Le Figaro\" class=\"fig-img--complete fig-img\"\/><\/p>\n<p class=\"fig-premium-paywall__title\">Vente Flash<\/p>\n<p class=\"fig-premium-paywall__subtitle\">4,99\u20ac par mois pendant 12 mois. Sans engagement.<\/p>\n<p class=\"fig-premium-paywall__connect\">\n                D\u00e9j\u00e0 abonn\u00e9\u00a0?                <a class=\"fig-premium-paywall__connect-link\" href=\"https:\/\/connect.lefigaro.fr\/login?client=horizon_web&amp;type=main&amp;redirect_uri=https%3A%2F%2Fwww.lefigaro.fr%2Farts-expositions%2Fquels-sont-les-moyens-d-action-pour-envisager-l-habitat-la-biennale-du-design-de-saint-etienne-un-evenement-laboratoire-au-service-du-futur-20250522\" data-js-gtm=\"{&quot;customCategorie&quot;: &quot;conversion&quot;, &quot;customAction&quot;: &quot;before_Landing_Connexion_paywall_auto&quot;, &quot;customLabel&quot;: &quot;bGVmaWdhcm8uZnJfXzFmMDM1OGM5LTlkNTItNmQxNC05NDJkLTIxMWJmNDVlMzdmNl9fQXJ0aWNsZQ==_\u00abQuels sont les moyens d\u2019action pour envisager l\u2019habitat\u00a0?\u00bb\u00a0: la Biennale du Design de Saint-\u00c9tienne, un \u00e9v\u00e9nement-laboratoire au service du futur_238&quot;, &quot;customIDSPE&quot;: &quot;bGVmaWdhcm8uZnJfXzFmMDM1OGM5LTlkNTItNmQxNC05NDJkLTIxMWJmNDVlMzdmNl9fQXJ0aWNsZQ==&quot;, &quot;event&quot;: &quot;customEventSPE&quot;}\" target=\"_blank\" rel=\"noopener\"><br \/>\n                    Connectez-vous<br \/>\n                <\/a>\n            <\/p>\n","protected":false},"excerpt":{"rendered":"CRITIQUE &#8211; Organis\u00e9e par la Cit\u00e9 du design de la ville, cette 13e\u00a0\u00e9dition s\u2019adresse \u00e0 tous les publics&hellip;\n","protected":false},"author":2,"featured_media":119602,"comment_status":"","ping_status":"","sticky":false,"template":"","format":"standard","meta":{"footnotes":""},"categories":[9653],"tags":[1111,11,1348,2430,24054,1386,1777,674,2087,1349,638,10449,1011,27,4463,9692,7107,12,626,25,4001,510],"class_list":{"0":"post-119601","1":"post","2":"type-post","3":"status-publish","4":"format-standard","5":"has-post-thumbnail","7":"category-saint-etienne","8":"tag-actu","9":"tag-actualites","10":"tag-arts","11":"tag-auvergne-rhone-alpes","12":"tag-biennale-internationale-design-a-saint-etienne","13":"tag-design","14":"tag-eu","15":"tag-europe","16":"tag-evenement","17":"tag-expositions","18":"tag-figaro","19":"tag-figaroscope","20":"tag-fr","21":"tag-france","22":"tag-guide","23":"tag-lieux","24":"tag-musees","25":"tag-news","26":"tag-paris","27":"tag-republique-francaise","28":"tag-saint-etienne","29":"tag-visite"},"share_on_mastodon":{"url":"https:\/\/pubeurope.com\/@fr\/114551889792321574","error":""},"_links":{"self":[{"href":"https:\/\/www.europesays.com\/fr\/wp-json\/wp\/v2\/posts\/119601","targetHints":{"allow":["GET"]}}],"collection":[{"href":"https:\/\/www.europesays.com\/fr\/wp-json\/wp\/v2\/posts"}],"about":[{"href":"https:\/\/www.europesays.com\/fr\/wp-json\/wp\/v2\/types\/post"}],"author":[{"embeddable":true,"href":"https:\/\/www.europesays.com\/fr\/wp-json\/wp\/v2\/users\/2"}],"replies":[{"embeddable":true,"href":"https:\/\/www.europesays.com\/fr\/wp-json\/wp\/v2\/comments?post=119601"}],"version-history":[{"count":0,"href":"https:\/\/www.europesays.com\/fr\/wp-json\/wp\/v2\/posts\/119601\/revisions"}],"wp:featuredmedia":[{"embeddable":true,"href":"https:\/\/www.europesays.com\/fr\/wp-json\/wp\/v2\/media\/119602"}],"wp:attachment":[{"href":"https:\/\/www.europesays.com\/fr\/wp-json\/wp\/v2\/media?parent=119601"}],"wp:term":[{"taxonomy":"category","embeddable":true,"href":"https:\/\/www.europesays.com\/fr\/wp-json\/wp\/v2\/categories?post=119601"},{"taxonomy":"post_tag","embeddable":true,"href":"https:\/\/www.europesays.com\/fr\/wp-json\/wp\/v2\/tags?post=119601"}],"curies":[{"name":"wp","href":"https:\/\/api.w.org\/{rel}","templated":true}]}}