{"id":119607,"date":"2025-05-22T14:13:17","date_gmt":"2025-05-22T14:13:17","guid":{"rendered":"https:\/\/www.europesays.com\/fr\/119607\/"},"modified":"2025-05-22T14:13:17","modified_gmt":"2025-05-22T14:13:17","slug":"a-toulon-le-capitaine-de-fregate-owen-devient-le-tout-premier-commandant-du-sous-marin-nucleaire-dattaque-de-grasse","status":"publish","type":"post","link":"https:\/\/www.europesays.com\/fr\/119607\/","title":{"rendered":"A Toulon, le capitaine de fr\u00e9gate Owen devient le tout premier commandant du sous-marin nucl\u00e9aire d\u2019attaque De Grasse"},"content":{"rendered":"<p>Il n\u2019est certes pas encore pr\u00eat \u00e0 plonger, mais une nouvelle \u00e9tape a \u00e9t\u00e9 franchie en d\u00e9but de semaine pour le sous-marin nucl\u00e9aire d\u2019attaque (SNA) De Grasse. Lundi 19 mai, le capitaine de fr\u00e9gate (CF) Owen (1) a ainsi pris le commandement du premier \u00e9quipage \u2013 le bleu \u2013 dudit bateau noir. Pr\u00e9sid\u00e9e par le capitaine de vaisseau Matthieu Delafoy, commandant de l\u2019escadrille des sous-marins nucl\u00e9aires d\u2019attaque de la M\u00e9diterran\u00e9e, la c\u00e9r\u00e9monie s\u2019est d\u00e9roul\u00e9e \u00e0 Toulon au monument des sous-mariniers.<\/p>\n<p>Depuis son entr\u00e9e en 2006 dans la Marine nationale, le CF Owen a effectu\u00e9 le plus clair de sa carri\u00e8re dans les forces sous-marines qu\u2019il a rejointes d\u00e8s 2011. Mis \u00e0 part un poste de commandant \u00e0 bord du b\u00e2timent de soutien et d\u2019assistance outre-mer Bougainville en Polyn\u00e9sie fran\u00e7aise, le CF Owen a ainsi servi \u00e0 bord des SNA Casabianca (classe Rubis), Perle et \u00c9meraude. Au milieu des ann\u00e9es 2010, il a m\u00eame embarqu\u00e9 \u00e0 bord de sous-marins nucl\u00e9aires lanceurs d\u2019engins. Plus r\u00e9cemment, en 2023, il occupait le poste de commandant de l\u2019\u00e9quipage rouge du SNA Suffren.<\/p>\n<p>Vers le tout Suffren<\/p>\n<p>Une tr\u00e8s riche exp\u00e9rience donc qui sera bien utile. Pour le tout nouveau commandant et son \u00e9quipage, les prochaines semaines seront en effet consacr\u00e9es \u00e0 la pr\u00e9paration de la premi\u00e8re sortie \u00e0 la mer du De Grasse. Ce dernier, quatri\u00e8me SNA de la classe Suffren et dont la construction \u00e0 Cherbourg touche \u00e0 sa fin, encha\u00eenera alors les essais, avant d\u2019\u00eatre livr\u00e9 officiellement \u00e0 la Marine nationale et de rejoindre la base navale de Toulon dans le courant de l\u2019ann\u00e9e 2026.<\/p>\n<p>Outre le De Grasse, d\u00e9j\u00e0 trois SNA de nouvelle g\u00e9n\u00e9ration ont \u00e9t\u00e9 livr\u00e9s \u00e0 la Marine nationale qui continue le renouvellement de ses capacit\u00e9s. Si le Suffren, qui a donn\u00e9 son nom \u00e0 la s\u00e9rie, et le Duguay-Trouin sont d\u00e9j\u00e0 op\u00e9rationnels, le Tourville devrait \u00eatre admis au service actif dans le courant de l\u2019ann\u00e9e.<\/p>\n<p>Les deux derni\u00e8res unit\u00e9s de la s\u00e9rie \u2013 le Rubis et le Casabianca \u2013 sont pour leur part attendues en toute fin de d\u00e9cennie.<\/p>\n<p>\u00a0<\/p>\n<p>1. Pour des raisons de s\u00e9curit\u00e9, seul le pr\u00e9nom est communiqu\u00e9.<\/p>\n","protected":false},"excerpt":{"rendered":"Il n\u2019est certes pas encore pr\u00eat \u00e0 plonger, mais une nouvelle \u00e9tape a \u00e9t\u00e9 franchie en d\u00e9but de&hellip;\n","protected":false},"author":2,"featured_media":119608,"comment_status":"","ping_status":"","sticky":false,"template":"","format":"standard","meta":{"footnotes":""},"categories":[9619],"tags":[1111,11,554,1777,674,1011,27,6128,12,882,25,2310],"class_list":{"0":"post-119607","1":"post","2":"type-post","3":"status-publish","4":"format-standard","5":"has-post-thumbnail","7":"category-toulon","8":"tag-actu","9":"tag-actualites","10":"tag-defense","11":"tag-eu","12":"tag-europe","13":"tag-fr","14":"tag-france","15":"tag-marine","16":"tag-news","17":"tag-provence-alpes-cote-dazur","18":"tag-republique-francaise","19":"tag-toulon"},"share_on_mastodon":{"url":"https:\/\/pubeurope.com\/@fr\/114551901778080506","error":""},"_links":{"self":[{"href":"https:\/\/www.europesays.com\/fr\/wp-json\/wp\/v2\/posts\/119607","targetHints":{"allow":["GET"]}}],"collection":[{"href":"https:\/\/www.europesays.com\/fr\/wp-json\/wp\/v2\/posts"}],"about":[{"href":"https:\/\/www.europesays.com\/fr\/wp-json\/wp\/v2\/types\/post"}],"author":[{"embeddable":true,"href":"https:\/\/www.europesays.com\/fr\/wp-json\/wp\/v2\/users\/2"}],"replies":[{"embeddable":true,"href":"https:\/\/www.europesays.com\/fr\/wp-json\/wp\/v2\/comments?post=119607"}],"version-history":[{"count":0,"href":"https:\/\/www.europesays.com\/fr\/wp-json\/wp\/v2\/posts\/119607\/revisions"}],"wp:featuredmedia":[{"embeddable":true,"href":"https:\/\/www.europesays.com\/fr\/wp-json\/wp\/v2\/media\/119608"}],"wp:attachment":[{"href":"https:\/\/www.europesays.com\/fr\/wp-json\/wp\/v2\/media?parent=119607"}],"wp:term":[{"taxonomy":"category","embeddable":true,"href":"https:\/\/www.europesays.com\/fr\/wp-json\/wp\/v2\/categories?post=119607"},{"taxonomy":"post_tag","embeddable":true,"href":"https:\/\/www.europesays.com\/fr\/wp-json\/wp\/v2\/tags?post=119607"}],"curies":[{"name":"wp","href":"https:\/\/api.w.org\/{rel}","templated":true}]}}