{"id":119609,"date":"2025-05-22T14:14:13","date_gmt":"2025-05-22T14:14:13","guid":{"rendered":"https:\/\/www.europesays.com\/fr\/119609\/"},"modified":"2025-05-22T14:14:13","modified_gmt":"2025-05-22T14:14:13","slug":"fete-de-la-marseillaise-a-toulon-debats-musique-et-petanque-samedi-24-mai-2025","status":"publish","type":"post","link":"https:\/\/www.europesays.com\/fr\/119609\/","title":{"rendered":"F\u00eate de la Marseillaise \u00e0 Toulon : d\u00e9bats, musique et p\u00e9tanque, samedi 24 mai 2025"},"content":{"rendered":"<p>L\u00e9o Purguette, pr\u00e9sident de\u00a0La Marseillaise, \u00e9tait l\u2019invit\u00e9 d\u2019Info83. Il a pr\u00e9sent\u00e9 la F\u00eate de la Marseillaise, organis\u00e9e ce samedi 24 mai \u00e0 Toulon. Une journ\u00e9e gratuite, festive et ouverte \u00e0 tous, entre d\u00e9bats citoyens et animations familiales.<\/p>\n<p>F\u00eate de la Marseillaise : une journ\u00e9e populaire en bord de mer<\/p>\n<p>La F\u00eate de la Marseillaise se tiendra ce samedi 24 mai 2025 \u00e0 Toulon. Elle aura lieu sur les plages du Mourillon, en acc\u00e8s libre. \u00ab Ce sera encore plus agr\u00e9able que l\u2019an pass\u00e9 \u00bb, a pr\u00e9cis\u00e9 L\u00e9o Purguette, invit\u00e9 d\u2019Info83.<\/p>\n<p>L\u2019\u00e9v\u00e9nement commence \u00e0 10 h. On y trouve expositions, village du monde, village f\u00e9ministe, librairie, animations, jeux pour enfants, guinguette, concours de p\u00e9tanque et restauration rapide.<\/p>\n<blockquote>\n<p>\u00ab On fait la f\u00eate, on chante, et surtout on se retrouve \u00bb, a-t-il ajout\u00e9.<\/p>\n<\/blockquote>\n<p><img loading=\"lazy\" decoding=\"async\" class=\"size-full wp-image-53977\" src=\"https:\/\/www.europesays.com\/fr\/wp-content\/uploads\/2025\/05\/Leo-Purguette-invite-sur-Info83-pour-presenter-la-Fete-de-la-Marseillaise-\u2013-Info83.jpg\" alt=\"la Marseillaise\" width=\"594\" height=\"296\"  \/>L\u00e9o Purguette (\u00e0 droite), pr\u00e9sident et directeur \u00e9ditorial de La Marseillaise, \u00e9change avec Thierry Daven, journaliste d\u2019Info83, au sujet de la F\u00eate de la Marseillaise, \u00e0 Toulon.<br \/>\nUn espace de r\u00e9flexion et de d\u00e9bat<\/p>\n<p>L\u00e9o Purguette a \u00e9galement annonc\u00e9 un moment d\u2019\u00e9change autour de la S\u00e9curit\u00e9 sociale \u00e0 10h20. \u00ab On s\u2019appuie sur un num\u00e9ro sp\u00e9cial d\u00e9di\u00e9 \u00e0 l\u2019ann\u00e9e 1945, celle de sa cr\u00e9ation \u00bb, a-t-il expliqu\u00e9.<\/p>\n<p>Des responsables politiques, un directeur d\u2019h\u00f4pital et une repr\u00e9sentante mutualiste seront pr\u00e9sents. Ensemble, ils parleront d\u2019acc\u00e8s aux soins, d\u2019h\u00f4pital public et de solidarit\u00e9.\u00a0\u00ab La sant\u00e9 reste notre bien le plus pr\u00e9cieux \u00bb, a rappel\u00e9 L\u00e9o Purguette.<\/p>\n<p>\u00c0 16h30, L\u00e9o Purguette animera un d\u00e9bat sur les questions sociales et citoyennes avec Ian Brossat, s\u00e9nateur de Paris.<\/p>\n<p><img loading=\"lazy\" decoding=\"async\" class=\"size-full wp-image-53985\" src=\"https:\/\/www.europesays.com\/fr\/wp-content\/uploads\/2025\/05\/fete-la-marseille-2025-info83.jpg\" alt=\"la Marseillaise\" width=\"569\" height=\"800\"  \/>F\u00eate de la Marseillaise \u00e0 Toulon, le samedi 24 mai 2025 sur les plages du Mourillon. Entr\u00e9e gratuite, animations toute la journ\u00e9e, d\u00e9bats, concerts et concours de boules.<br \/>\nUn journal engag\u00e9, ancr\u00e9 dans le territoire<\/p>\n<p><a href=\"https:\/\/www.lamarseillaise.fr\/\" target=\"_blank\" rel=\"noopener\">La Marseillaise<\/a> organise cette f\u00eate depuis deux ans \u00e0 Toulon. Le journal f\u00eate ses 80 ans et m\u00eale presse papier et num\u00e9rique.\u00a0\u00ab On marche sur deux jambes : kiosque et num\u00e9rique \u00bb, affirme son pr\u00e9sident.<\/p>\n<p>La Marseillaise\u00a0tient aussi des conf\u00e9rences de r\u00e9daction ouvertes aux jeunes.\u00a0\u00ab Ils d\u00e9couvrent la fabrique de l\u2019info et la diff\u00e9rence avec les r\u00e9seaux sociaux \u00bb, pr\u00e9cise-t-il. L\u2019\u00e9v\u00e9nement permet aussi de r\u00e9unir les journalistes locaux.\u00a0\u00ab Tous les confr\u00e8res sont invit\u00e9s \u00e0 l\u2019ap\u00e9ro, sous l\u2019\u00e9gide du <a href=\"https:\/\/www.clubdelapresse83.com\/\" target=\"_blank\" rel=\"noopener\">Club de la Presse<\/a> \u00bb, a-t-il conclu avec le sourire.<\/p>\n<p>Toulon accueillera la F\u00eate de la Marseillaise ce samedi 24 mai 2025. L\u00e9o Purguette vous invite \u00e0 partager une journ\u00e9e joyeuse et engag\u00e9e au bord de l\u2019eau.<\/p>\n<p><strong>Plus d\u2019infos sur la F\u00eate de la Marseillaise <a href=\"https:\/\/www.fetelamarseillaise83.fr\/?doing_wp_cron=1747920882.5401210784912109375000\" target=\"_blank\" rel=\"noopener\">ici\u00a0<\/a><br \/><\/strong><\/p>\n<p>A lire aussi<\/p>\n<p class=\"jeg_post_title\"><a href=\"https:\/\/www.info83.fr\/responsabilite-du-chef-dentreprise-les-conseils-dexperts-a-toulon\/\" target=\"_blank\" rel=\"noopener\">Responsabilit\u00e9 du chef d\u2019entreprise : les conseils d\u2019experts \u00e0 Toulon !<\/a><\/p>\n<p class=\"jeg_post_subtitle\"><a href=\"https:\/\/www.info83.fr\/commemoration-des-10-ans-des-attentats-de-charlie-hebdo-a-toulon\/\" target=\"_blank\" rel=\"noopener\">Le 7 janvier 2025, 10\u1d49 anniversaire des attentats contre Charlie Hebdo. Le Club de la Presse 83 a organis\u00e9 un hommage sur la place de la Libert\u00e9, devant le Th\u00e9\u00e2tre Libert\u00e9.<\/a><\/p>\n<p><strong><img decoding=\"async\" class=\"emoji\" role=\"img\" draggable=\"false\" src=\"https:\/\/www.europesays.com\/fr\/wp-content\/uploads\/2025\/04\/1744930092_464_1f538.svg.svg+xml\" alt=\"\ud83d\udd38\" data-pin-no-hover=\"true\"\/>Info83, toute l\u2019info du Var<br \/><\/strong><\/p>\n<p><img decoding=\"async\" class=\"emoji\" role=\"img\" draggable=\"false\" src=\"https:\/\/www.europesays.com\/fr\/wp-content\/uploads\/2025\/04\/1744930092_704_27a1.svg.svg+xml\" alt=\"\u27a1\ufe0f\" data-pin-no-hover=\"true\"\/>\u00a0<a href=\"https:\/\/bit.ly\/2OZZMMK\" target=\"_blank\" rel=\"noopener noreferrer\">Facebook Info83<\/a><\/p>\n<p><img decoding=\"async\" class=\"emoji\" role=\"img\" draggable=\"false\" src=\"https:\/\/www.europesays.com\/fr\/wp-content\/uploads\/2025\/04\/1744930092_704_27a1.svg.svg+xml\" alt=\"\u27a1\ufe0f\" data-pin-no-hover=\"true\"\/>\u00a0<a href=\"https:\/\/bit.ly\/2ONkTC9\" target=\"_blank\" rel=\"noopener noreferrer\">Youtube Info83<\/a><\/p>\n","protected":false},"excerpt":{"rendered":"L\u00e9o Purguette, pr\u00e9sident de\u00a0La Marseillaise, \u00e9tait l\u2019invit\u00e9 d\u2019Info83. Il a pr\u00e9sent\u00e9 la F\u00eate de la Marseillaise, organis\u00e9e ce&hellip;\n","protected":false},"author":2,"featured_media":119610,"comment_status":"","ping_status":"","sticky":false,"template":"","format":"standard","meta":{"footnotes":""},"categories":[9619],"tags":[1111,11,24055,13161,1777,674,16326,23399,24056,1011,27,23763,24057,24058,24059,24060,12,6426,882,25,731,2310,7506],"class_list":{"0":"post-119609","1":"post","2":"type-post","3":"status-publish","4":"format-standard","5":"has-post-thumbnail","7":"category-toulon","8":"tag-actu","9":"tag-actualites","10":"tag-animations-familiales","11":"tag-debat-public","12":"tag-eu","13":"tag-europe","14":"tag-evenement-toulon","15":"tag-fete-de-la-marseillaise","16":"tag-fete-populaire","17":"tag-fr","18":"tag-france","19":"tag-info83","20":"tag-journal-la-marseillaise","21":"tag-la-marseillaise","22":"tag-leo-purguette","23":"tag-mourillon","24":"tag-news","25":"tag-petanque","26":"tag-provence-alpes-cote-dazur","27":"tag-republique-francaise","28":"tag-securite-sociale","29":"tag-toulon","30":"tag-var"},"share_on_mastodon":{"url":"https:\/\/pubeurope.com\/@fr\/114551905607402016","error":""},"_links":{"self":[{"href":"https:\/\/www.europesays.com\/fr\/wp-json\/wp\/v2\/posts\/119609","targetHints":{"allow":["GET"]}}],"collection":[{"href":"https:\/\/www.europesays.com\/fr\/wp-json\/wp\/v2\/posts"}],"about":[{"href":"https:\/\/www.europesays.com\/fr\/wp-json\/wp\/v2\/types\/post"}],"author":[{"embeddable":true,"href":"https:\/\/www.europesays.com\/fr\/wp-json\/wp\/v2\/users\/2"}],"replies":[{"embeddable":true,"href":"https:\/\/www.europesays.com\/fr\/wp-json\/wp\/v2\/comments?post=119609"}],"version-history":[{"count":0,"href":"https:\/\/www.europesays.com\/fr\/wp-json\/wp\/v2\/posts\/119609\/revisions"}],"wp:featuredmedia":[{"embeddable":true,"href":"https:\/\/www.europesays.com\/fr\/wp-json\/wp\/v2\/media\/119610"}],"wp:attachment":[{"href":"https:\/\/www.europesays.com\/fr\/wp-json\/wp\/v2\/media?parent=119609"}],"wp:term":[{"taxonomy":"category","embeddable":true,"href":"https:\/\/www.europesays.com\/fr\/wp-json\/wp\/v2\/categories?post=119609"},{"taxonomy":"post_tag","embeddable":true,"href":"https:\/\/www.europesays.com\/fr\/wp-json\/wp\/v2\/tags?post=119609"}],"curies":[{"name":"wp","href":"https:\/\/api.w.org\/{rel}","templated":true}]}}