{"id":119617,"date":"2025-05-22T14:19:11","date_gmt":"2025-05-22T14:19:11","guid":{"rendered":"https:\/\/www.europesays.com\/fr\/119617\/"},"modified":"2025-05-22T14:19:11","modified_gmt":"2025-05-22T14:19:11","slug":"rendez-vous-a-la-marche-des-fiertes-ce-samedi-24-mai","status":"publish","type":"post","link":"https:\/\/www.europesays.com\/fr\/119617\/","title":{"rendered":"rendez-vous \u00e0 la Marche des fiert\u00e9s, ce samedi 24\u00a0mai\u00a0!"},"content":{"rendered":"<p>C\u2019est <a href=\"https:\/\/www.ledauphine.com\/societe\/2024\/06\/01\/isere-grenoble-la-marche-des-fiertes-un-defile-colore-pour-la-liberte\" target=\"_blank\" rel=\"noopener\">un rendez-vous incontournable pour la communaut\u00e9 LGBTQIA +\u00a0*<\/a> et ses alli\u00e9s\u00a0: la Marche des fiert\u00e9s aura lieu ce samedi 24\u00a0mai \u00e0 Grenoble\u00a0! Cette ann\u00e9e, \u00e0 travers le slogan \u201cExister, r\u00e9sister, c\u00e9l\u00e9brer\u201d, l\u2019association organisatrice Grenoble Fiert\u00e9s souhaite r\u00e9affirmer le caract\u00e8re festif de cet \u00e9v\u00e9nement mais aussi revendicatif, en c\u00e9l\u00e9brant la diversit\u00e9 et les droits des personnes LGBTQIA +. \u201cNous souhaitons plus que jamais faire entendre nos voix queers. Ces derniers temps, les LGBTphobies sont omnipr\u00e9sentes et nous donnent un avenir incertain. Nous sommes aussi des citoyen.ne.s, nous voulons jouir de nos droits. Nous sommes aussi des humain.e.s, nous voulons vivre heureux.ses sans avoir \u00e0 nous cacher o\u00f9 nous justifier\u201d, affirme l\u2019association.<\/p>\n<p>Rendez-vous au Jardin de ville de 13\u00a0h \u00e0 19\u00a0h pour le Village des fiert\u00e9s\u00a0: un village associatif avec une trentaine de stands d\u2019informations, des ateliers et des rencontres. De 13\u00a0h \u00e0 15\u00a0h, place aux prises de paroles et shows drag avec Honey Nasty, Bo Tox, Icon Ass, Raz, Onefoxkai et Bibiche Peccino.<\/p>\n<p>Le d\u00e9part de la Marche des fiert\u00e9s se fera \u00e0 15\u00a0h pour une cl\u00f4ture \u00e0 17\u00a0h avec de nouvelles prises de parole.<\/p>\n<p>Plusieurs soir\u00e9es \u201cAfter Pride\u201d sont \u00e9galement organis\u00e9e dans Grenoble pour c\u00e9l\u00e9brer cette journ\u00e9e, avec un rendez-vous officiel de 23h30 \u00e0 5h30 \u00e0 la Belle Electrique. Au programme de cette nuit \u201c\u00e9lectrisante\u201d : des concrets, DJ sets et performances drag avec les artistes Tribade, Eustache, Sabrina Oberlin, Non-Binary beats, Foutrine et Hellmut Rocher.<\/p>\n<p>Dans le d\u00e9partement, <a href=\"https:\/\/www.ledauphine.com\/societe\/2025\/04\/30\/isere-une-premiere-marche-des-fiertes-a-voiron-le-7-juin-2025\" target=\"_blank\" rel=\"noopener\">une autre Marche des fiert\u00e9s est pr\u00e9vue \u00e0 Voiron le 7\u00a0juin.<\/a><\/p>\n<p class=\"note\">*Lesbiennes, gays, bi, trans, queers, intersexes, asexuels et tous les autres. Retrouvez le programme complet de la journ\u00e9e avec les nombreuses soir\u00e9es organis\u00e9es apr\u00e8s la Marche sur le site de l\u2019association\u00a0: grenoble-fiertes.com<\/p>\n","protected":false},"excerpt":{"rendered":"C\u2019est un rendez-vous incontournable pour la communaut\u00e9 LGBTQIA +\u00a0* et ses alli\u00e9s\u00a0: la Marche des fiert\u00e9s aura lieu&hellip;\n","protected":false},"author":2,"featured_media":119618,"comment_status":"","ping_status":"","sticky":false,"template":"","format":"standard","meta":{"footnotes":""},"categories":[9566],"tags":[1111,11,2430,6084,112,1777,674,1011,27,2731,2732,108,12,25,801,104],"class_list":{"0":"post-119617","1":"post","2":"type-post","3":"status-publish","4":"format-standard","5":"has-post-thumbnail","7":"category-grenoble","8":"tag-actu","9":"tag-actualites","10":"tag-auvergne-rhone-alpes","11":"tag-droit","12":"tag-edition-grenoble-agglomeration","13":"tag-eu","14":"tag-europe","15":"tag-fr","16":"tag-france","17":"tag-grenoble","18":"tag-grenoble-bassin","19":"tag-isere","20":"tag-news","21":"tag-republique-francaise","22":"tag-social","23":"tag-societe"},"share_on_mastodon":{"url":"https:\/\/pubeurope.com\/@fr\/114551925166430302","error":""},"_links":{"self":[{"href":"https:\/\/www.europesays.com\/fr\/wp-json\/wp\/v2\/posts\/119617","targetHints":{"allow":["GET"]}}],"collection":[{"href":"https:\/\/www.europesays.com\/fr\/wp-json\/wp\/v2\/posts"}],"about":[{"href":"https:\/\/www.europesays.com\/fr\/wp-json\/wp\/v2\/types\/post"}],"author":[{"embeddable":true,"href":"https:\/\/www.europesays.com\/fr\/wp-json\/wp\/v2\/users\/2"}],"replies":[{"embeddable":true,"href":"https:\/\/www.europesays.com\/fr\/wp-json\/wp\/v2\/comments?post=119617"}],"version-history":[{"count":0,"href":"https:\/\/www.europesays.com\/fr\/wp-json\/wp\/v2\/posts\/119617\/revisions"}],"wp:featuredmedia":[{"embeddable":true,"href":"https:\/\/www.europesays.com\/fr\/wp-json\/wp\/v2\/media\/119618"}],"wp:attachment":[{"href":"https:\/\/www.europesays.com\/fr\/wp-json\/wp\/v2\/media?parent=119617"}],"wp:term":[{"taxonomy":"category","embeddable":true,"href":"https:\/\/www.europesays.com\/fr\/wp-json\/wp\/v2\/categories?post=119617"},{"taxonomy":"post_tag","embeddable":true,"href":"https:\/\/www.europesays.com\/fr\/wp-json\/wp\/v2\/tags?post=119617"}],"curies":[{"name":"wp","href":"https:\/\/api.w.org\/{rel}","templated":true}]}}