{"id":119619,"date":"2025-05-22T14:20:08","date_gmt":"2025-05-22T14:20:08","guid":{"rendered":"https:\/\/www.europesays.com\/fr\/119619\/"},"modified":"2025-05-22T14:20:08","modified_gmt":"2025-05-22T14:20:08","slug":"mais-que-se-passe-t-il-avec-place-publique-au-conseil-municipal","status":"publish","type":"post","link":"https:\/\/www.europesays.com\/fr\/119619\/","title":{"rendered":"mais que se passe-t-il avec \u00ab\u00a0Place publique\u201d au conseil municipal\u00a0?"},"content":{"rendered":"<p>La vie des groupes politiques au conseil municipal de Grenoble, c\u2019est quand m\u00eame un sacr\u00e9 truc. On a beau suivre r\u00e9guli\u00e8rement les s\u00e9ances publiques, on s\u2019y perd un peu. Entre cr\u00e9ations de nouveaux groupes, scission d\u2019autres, ralliements, exclusions, lancement d\u2019intergroupes. Et avec, \u00e0 chaque fois, de nouvelles d\u00e9nominations qui arrivent, avec des sigles que l\u2019on a bien&#8230;<\/p>\n","protected":false},"excerpt":{"rendered":"La vie des groupes politiques au conseil municipal de Grenoble, c\u2019est quand m\u00eame un sacr\u00e9 truc. On a&hellip;\n","protected":false},"author":2,"featured_media":119620,"comment_status":"","ping_status":"","sticky":false,"template":"","format":"standard","meta":{"footnotes":""},"categories":[9566],"tags":[1111,11,2430,1984,112,1777,674,1011,27,2731,2732,108,1985,12,316,25],"class_list":{"0":"post-119619","1":"post","2":"type-post","3":"status-publish","4":"format-standard","5":"has-post-thumbnail","7":"category-grenoble","8":"tag-actu","9":"tag-actualites","10":"tag-auvergne-rhone-alpes","11":"tag-conseil-municipal","12":"tag-edition-grenoble-agglomeration","13":"tag-eu","14":"tag-europe","15":"tag-fr","16":"tag-france","17":"tag-grenoble","18":"tag-grenoble-bassin","19":"tag-isere","20":"tag-metropole-de-grenoble","21":"tag-news","22":"tag-politique","23":"tag-republique-francaise"},"share_on_mastodon":{"url":"https:\/\/pubeurope.com\/@fr\/114551929098745083","error":""},"_links":{"self":[{"href":"https:\/\/www.europesays.com\/fr\/wp-json\/wp\/v2\/posts\/119619","targetHints":{"allow":["GET"]}}],"collection":[{"href":"https:\/\/www.europesays.com\/fr\/wp-json\/wp\/v2\/posts"}],"about":[{"href":"https:\/\/www.europesays.com\/fr\/wp-json\/wp\/v2\/types\/post"}],"author":[{"embeddable":true,"href":"https:\/\/www.europesays.com\/fr\/wp-json\/wp\/v2\/users\/2"}],"replies":[{"embeddable":true,"href":"https:\/\/www.europesays.com\/fr\/wp-json\/wp\/v2\/comments?post=119619"}],"version-history":[{"count":0,"href":"https:\/\/www.europesays.com\/fr\/wp-json\/wp\/v2\/posts\/119619\/revisions"}],"wp:featuredmedia":[{"embeddable":true,"href":"https:\/\/www.europesays.com\/fr\/wp-json\/wp\/v2\/media\/119620"}],"wp:attachment":[{"href":"https:\/\/www.europesays.com\/fr\/wp-json\/wp\/v2\/media?parent=119619"}],"wp:term":[{"taxonomy":"category","embeddable":true,"href":"https:\/\/www.europesays.com\/fr\/wp-json\/wp\/v2\/categories?post=119619"},{"taxonomy":"post_tag","embeddable":true,"href":"https:\/\/www.europesays.com\/fr\/wp-json\/wp\/v2\/tags?post=119619"}],"curies":[{"name":"wp","href":"https:\/\/api.w.org\/{rel}","templated":true}]}}