{"id":11962,"date":"2025-04-09T06:44:15","date_gmt":"2025-04-09T06:44:15","guid":{"rendered":"https:\/\/www.europesays.com\/fr\/11962\/"},"modified":"2025-04-09T06:44:15","modified_gmt":"2025-04-09T06:44:15","slug":"incendie-dans-un-centre-de-tri-a-paris-17e-des-cendres-tombaient-a-nos-pieds","status":"publish","type":"post","link":"https:\/\/www.europesays.com\/fr\/11962\/","title":{"rendered":"Incendie dans un centre de tri \u00e0 Paris 17e\u00a0: \u00ab\u00a0Des cendres tombaient \u00e0 nos pieds\u00a0\u00bb"},"content":{"rendered":"<p class=\"paragraph text_align_left\">Yvelines, Val-d\u2019Oise\u2026 Et en tous points de Paris, les observateurs sont sans voix. Comme Benjamin, qui sort de la salle de sport. \u00ab Je terminais une s\u00e9ance au Basic Fit de la Porte de Clichy, quand j\u2019ai vu des volutes de fum\u00e9e orange et noires d\u00e8s 20 heures dans le ciel. Les colonnes de fum\u00e9e \u00e9taient de plus en plus noires puis j\u2019ai entendu des sir\u00e8nes de pompiers, les camions se diriger vers la d\u00e9chetterie, \u00e0 l\u2019arri\u00e8re du tribunal. \u00bb<\/p>\n","protected":false},"excerpt":{"rendered":"Yvelines, Val-d\u2019Oise\u2026 Et en tous points de Paris, les observateurs sont sans voix. Comme Benjamin, qui sort de&hellip;\n","protected":false},"author":2,"featured_media":11963,"comment_status":"","ping_status":"","sticky":false,"template":"","format":"standard","meta":{"footnotes":""},"categories":[1888],"tags":[11,1777,674,118,1011,27,1944,12,626,25],"class_list":{"0":"post-11962","1":"post","2":"type-post","3":"status-publish","4":"format-standard","5":"has-post-thumbnail","7":"category-paris","8":"tag-actualites","9":"tag-eu","10":"tag-europe","11":"tag-faits-divers","12":"tag-fr","13":"tag-france","14":"tag-ma-ville","15":"tag-news","16":"tag-paris","17":"tag-republique-francaise"},"share_on_mastodon":{"url":"https:\/\/pubeurope.com\/@fr\/114306656815592240","error":""},"_links":{"self":[{"href":"https:\/\/www.europesays.com\/fr\/wp-json\/wp\/v2\/posts\/11962","targetHints":{"allow":["GET"]}}],"collection":[{"href":"https:\/\/www.europesays.com\/fr\/wp-json\/wp\/v2\/posts"}],"about":[{"href":"https:\/\/www.europesays.com\/fr\/wp-json\/wp\/v2\/types\/post"}],"author":[{"embeddable":true,"href":"https:\/\/www.europesays.com\/fr\/wp-json\/wp\/v2\/users\/2"}],"replies":[{"embeddable":true,"href":"https:\/\/www.europesays.com\/fr\/wp-json\/wp\/v2\/comments?post=11962"}],"version-history":[{"count":0,"href":"https:\/\/www.europesays.com\/fr\/wp-json\/wp\/v2\/posts\/11962\/revisions"}],"wp:featuredmedia":[{"embeddable":true,"href":"https:\/\/www.europesays.com\/fr\/wp-json\/wp\/v2\/media\/11963"}],"wp:attachment":[{"href":"https:\/\/www.europesays.com\/fr\/wp-json\/wp\/v2\/media?parent=11962"}],"wp:term":[{"taxonomy":"category","embeddable":true,"href":"https:\/\/www.europesays.com\/fr\/wp-json\/wp\/v2\/categories?post=11962"},{"taxonomy":"post_tag","embeddable":true,"href":"https:\/\/www.europesays.com\/fr\/wp-json\/wp\/v2\/tags?post=11962"}],"curies":[{"name":"wp","href":"https:\/\/api.w.org\/{rel}","templated":true}]}}