{"id":119621,"date":"2025-05-22T14:21:17","date_gmt":"2025-05-22T14:21:17","guid":{"rendered":"https:\/\/www.europesays.com\/fr\/119621\/"},"modified":"2025-05-22T14:21:17","modified_gmt":"2025-05-22T14:21:17","slug":"un-festival-gratuit-dans-la-cour-dun-chateau-vendredi-soir","status":"publish","type":"post","link":"https:\/\/www.europesays.com\/fr\/119621\/","title":{"rendered":"un festival gratuit dans la cour d&rsquo;un ch\u00e2teau vendredi soir"},"content":{"rendered":"<p>            Par<br \/>\n        <strong><br \/>\n            <a href=\"https:\/\/actu.fr\/auteur\/redaction-jv\" title=\"Consulter tous les articles de R\u00e9daction Vitr\u00e9\" rel=\"nofollow noopener\" target=\"_blank\">R\u00e9daction Vitr\u00e9<\/a><br \/>\n        <\/strong><\/p>\n<p>        Publi\u00e9 le<\/p>\n<p>            22 mai 2025 \u00e0 12h02        <\/p>\n<p>L\u2019\u00e9nergie musicale des jeunes <b>Castelgironnais<\/b> s\u2019appr\u00eate \u00e0 d\u00e9ferler sur la<b> cour du ch\u00e2teau de Ch\u00e2teaugiron <\/b>(Ille-et-Vilaine).<\/p>\n<p class=\" wall-content\">L\u2019espace jeunes Le Bis, en partenariat avec l\u2019\u00e9cole de musique, de danse et de th\u00e9\u00e2tre Paul-Le-Flem, annonce le retour tant attendu du festival Du Bruit au sous-sol, vendredi 23 mai, de 19 h \u00e0 23 h 30.<\/p>\n<p>Espace de rencontre et d\u2019expression<\/p>\n<p class=\" wall-content\">Cette troisi\u00e8me \u00e9dition promet une soir\u00e9e vibrante et accessible \u00e0 tous les publics, fruit de la collaboration entre le <b>service jeunesse de la Ville et l\u2019\u00e9cole Paul-Le-Flem<\/b>.<\/p>\n<p class=\" wall-content\">L\u2019\u00e9v\u00e9nement est n\u00e9 d\u2019une volont\u00e9 commune de cr\u00e9er un espace de rencontre et d\u2019expression pour les jeunes de Ch\u00e2teaugiron autour de leur amour pour la musique.<\/p>\n<p class=\" wall-content\">Pour ces jeunes talents, ce concert repr\u00e9sente une opportunit\u00e9 unique de se produire sur sc\u00e8ne, souvent pour la premi\u00e8re fois, devant un public enthousiaste.<\/p>\n<p>Vid\u00e9os : en ce moment sur Actu<\/p>\n<p class=\" wall-content\">Cette ann\u00e9e, les groupes auront \u00e9galement l\u2019honneur d\u2019inaugurer la toute nouvelle sc\u00e8ne mobile r\u00e9cemment acquise par la Ville, un \u00e9quipement moderne qui offrira des conditions optimales pour leurs prestations.<\/p>\n<p>Musiques actuelles et pop rock<\/p>\n<p class=\" wall-content\">Parmi les cinq groupes musicaux qui enflammeront la sc\u00e8ne, deux formations issues de l\u2019\u00e9cole de musique sont \u00e9galement accompagn\u00e9es par l\u2019espace jeunes Le Bis, t\u00e9moignant de la synergie entre les structures.<\/p>\n<p class=\" wall-content\">\u00ab \u00c0 travers cet \u00e9v\u00e9nement, nous souhaitons responsabiliser les jeunes en les impliquant concr\u00e8tement dans toutes les \u00e9tapes de l\u2019organisation \u00bb, souligne <b>Alice Balac<\/b>, en remplacement d\u2019Elise Martin, responsable du service jeunesse.<\/p>\n<p class=\" wall-content\">Depuis octobre, les participants ont activement contribu\u00e9 \u00e0 la programmation, au choix de l\u2019affiche, \u00e0 la communication, ainsi qu\u2019\u00e0 la logistique et aux aspects techniques du festival.<\/p>\n<p class=\" wall-content\">Au programme de cette soir\u00e9e \u00e9clectique : cinq formations de musiques actuelles et de pop rock se succ\u00e9deront sur sc\u00e8ne.<\/p>\n<p class=\" wall-content\">Le public d\u00e9couvrira <b>Melting Pop\u2019s, Pop\u2019s Flood, Gamma, Khepri et Jocrisse<\/b>. Des collaborations sont d\u00e9j\u00e0 en cours entre les groupes pour enrichir leurs r\u00e9pertoires, promettant des moments musicaux uniques.<\/p>\n<p class=\" wall-content\">Plus d\u2019une vingtaine de musiciens accompagneront les chanteurs, se relayant sur sc\u00e8ne tout au long de la soir\u00e9e. L\u2019entr\u00e9e est gratuite. Une buvette, une petite restauration et un espace d\u00e9tente seront \u00e0 disposition du public pour profiter pleinement de cette soir\u00e9e musicale.<\/p>\n<p class=\" wall-content\">\u00ab Venez nombreux soutenir la sc\u00e8ne musicale \u00e9mergente de Ch\u00e2teaugiron \u00bb, conclut Anne-Marie Echelard, adjointe \u00e0 l\u2019enfance et \u00e0 la jeunesse.<\/p>\n<p class=\" wall-content\">Suivez toute l\u2019actualit\u00e9 de vos villes et m\u00e9dias favoris en vous inscrivant \u00e0 <a href=\"https:\/\/moncompte.actu.fr\" title=\"D\u00e9couvez Mon Actu\" rel=\"nofollow noopener\" data-trk=\"{&quot;cta&quot;:{&quot;action&quot;:&quot;https:\\\/\\\/moncompte.actu.fr&quot;,&quot;category&quot;:&quot;mon compte&quot;,&quot;from&quot;:&quot;article footer&quot;,&quot;name&quot;:&quot;Mon actu&quot;,&quot;type&quot;:&quot;cta&quot;}}\" target=\"_blank\">Mon Actu<\/a>.<\/p>\n","protected":false},"excerpt":{"rendered":"Par R\u00e9daction Vitr\u00e9 Publi\u00e9 le 22 mai 2025 \u00e0 12h02 L\u2019\u00e9nergie musicale des jeunes Castelgironnais s\u2019appr\u00eate \u00e0 d\u00e9ferler&hellip;\n","protected":false},"author":2,"featured_media":119622,"comment_status":"","ping_status":"","sticky":false,"template":"","format":"standard","meta":{"footnotes":""},"categories":[2821],"tags":[1111,11,829,1697,1777,674,1011,27,1652,12,584,25],"class_list":{"0":"post-119621","1":"post","2":"type-post","3":"status-publish","4":"format-standard","5":"has-post-thumbnail","7":"category-rennes","8":"tag-actu","9":"tag-actualites","10":"tag-bretagne","11":"tag-concert","12":"tag-eu","13":"tag-europe","14":"tag-fr","15":"tag-france","16":"tag-loisirs-culture","17":"tag-news","18":"tag-rennes","19":"tag-republique-francaise"},"share_on_mastodon":{"url":"https:\/\/pubeurope.com\/@fr\/114551933045801064","error":""},"_links":{"self":[{"href":"https:\/\/www.europesays.com\/fr\/wp-json\/wp\/v2\/posts\/119621","targetHints":{"allow":["GET"]}}],"collection":[{"href":"https:\/\/www.europesays.com\/fr\/wp-json\/wp\/v2\/posts"}],"about":[{"href":"https:\/\/www.europesays.com\/fr\/wp-json\/wp\/v2\/types\/post"}],"author":[{"embeddable":true,"href":"https:\/\/www.europesays.com\/fr\/wp-json\/wp\/v2\/users\/2"}],"replies":[{"embeddable":true,"href":"https:\/\/www.europesays.com\/fr\/wp-json\/wp\/v2\/comments?post=119621"}],"version-history":[{"count":0,"href":"https:\/\/www.europesays.com\/fr\/wp-json\/wp\/v2\/posts\/119621\/revisions"}],"wp:featuredmedia":[{"embeddable":true,"href":"https:\/\/www.europesays.com\/fr\/wp-json\/wp\/v2\/media\/119622"}],"wp:attachment":[{"href":"https:\/\/www.europesays.com\/fr\/wp-json\/wp\/v2\/media?parent=119621"}],"wp:term":[{"taxonomy":"category","embeddable":true,"href":"https:\/\/www.europesays.com\/fr\/wp-json\/wp\/v2\/categories?post=119621"},{"taxonomy":"post_tag","embeddable":true,"href":"https:\/\/www.europesays.com\/fr\/wp-json\/wp\/v2\/tags?post=119621"}],"curies":[{"name":"wp","href":"https:\/\/api.w.org\/{rel}","templated":true}]}}