{"id":119625,"date":"2025-05-22T14:23:07","date_gmt":"2025-05-22T14:23:07","guid":{"rendered":"https:\/\/www.europesays.com\/fr\/119625\/"},"modified":"2025-05-22T14:23:07","modified_gmt":"2025-05-22T14:23:07","slug":"une-grande-fete-prevue-place-kleber-ce-samedi","status":"publish","type":"post","link":"https:\/\/www.europesays.com\/fr\/119625\/","title":{"rendered":"une grande f\u00eate pr\u00e9vue place Kl\u00e9ber\u00a0ce\u00a0samedi"},"content":{"rendered":"<p>            Par<br \/>\n        <strong><br \/>\n            <a href=\"https:\/\/actu.fr\/auteur\/margot-fournie\" title=\"Consulter tous les articles de Margot Fournie\" rel=\"nofollow noopener\" target=\"_blank\">Margot Fournie<\/a><br \/>\n        <\/strong><\/p>\n<p>        Publi\u00e9 le<\/p>\n<p>            22 mai 2025 \u00e0 16h16        <\/p>\n<p>Le 24\u00a0mai, de 14h30 \u00e0 21h30, la <strong>deuxi\u00e8me \u00e9dition<\/strong> de la <strong>f\u00eate du bilinguisme<\/strong> va se tenir sur la place Kl\u00e9ber, \u00e0 <a href=\"https:\/\/actu.fr\/strasbourg\/\" rel=\"nofollow noopener\" target=\"_blank\">Strasbourg<\/a>.<\/p>\n<p class=\" wall-content\">\u00c0 cette occasion, <strong>de nombreuses activit\u00e9s pour les enfants<\/strong> seront propos\u00e9es.<\/p>\n<p>Des ateliers artistiques, des visites guid\u00e9es\u2026<\/p>\n<p class=\" wall-content\">Les petits comme les grands pourront participer \u00e0 la <strong>cr\u00e9ation d\u2019un leporello<\/strong>, une longue bande de papier pli\u00e9e en accord\u00e9on, sur laquelle ils pourront <strong>dessiner et cr\u00e9er<\/strong> petit \u00e0 petit une histoire collectivement.<\/p>\n<p class=\" wall-content\">Apr\u00e8s ou avant avoir particip\u00e9 \u00e0 cet atelier, \u00e0 14h30 et \u00e0 18h, on pourra profiter des <strong>visites guid\u00e9es<\/strong> du centre historique de Strasbourg, donn\u00e9es en Alsacien.<\/p>\n<p class=\" wall-content\">Ou profiter du <strong>spectacle multilingue <\/strong>\u00ab\u2009En route vers Br\u00eame\u2009\u00bb. Cr\u00e9\u00e9 et interpr\u00e9t\u00e9 par Isabelle Grussenmeyer, il sera jou\u00e9 \u00e0 15h.<\/p>\n<p>Vid\u00e9os : en ce moment sur ActuDes concerts gratuits<\/p>\n<p class=\" wall-content\">En d\u00e9but de soir\u00e9e, \u00e0 18h, The Family project donnera un concert m\u00ealant <strong>rythmes funky-soul<\/strong> et <strong>chansons en alsacien et en allemand<\/strong>.<\/p>\n<p class=\" wall-content\">\u00c0 19h30, le groupe des Hopla Guys prendra leur suite.<\/p>\n<p>Le programme complet est \u00e0 retrouver sur le <a href=\"https:\/\/www.strasbourg.eu\/fete-bilinguisme#:~:text=Rendez%2Dvous%20le%2024%20mai,F%C3%AAte%20du%20bilinguisme%20place%20Kl%C3%A9ber.\" rel=\"nofollow noopener\" target=\"_blank\">site de la mairie<\/a>.<\/p>\n<p class=\" wall-content\">Suivez toute l\u2019actualit\u00e9 de vos villes et m\u00e9dias favoris en vous inscrivant \u00e0 <a href=\"https:\/\/moncompte.actu.fr\" title=\"D\u00e9couvez Mon Actu\" rel=\"nofollow noopener\" data-trk=\"{&quot;cta&quot;:{&quot;action&quot;:&quot;https:\\\/\\\/moncompte.actu.fr&quot;,&quot;category&quot;:&quot;mon compte&quot;,&quot;from&quot;:&quot;article footer&quot;,&quot;name&quot;:&quot;Mon actu&quot;,&quot;type&quot;:&quot;cta&quot;}}\" target=\"_blank\">Mon Actu<\/a>.<\/p>\n","protected":false},"excerpt":{"rendered":"Par Margot Fournie Publi\u00e9 le 22 mai 2025 \u00e0 16h16 Le 24\u00a0mai, de 14h30 \u00e0 21h30, la deuxi\u00e8me&hellip;\n","protected":false},"author":2,"featured_media":119626,"comment_status":"","ping_status":"","sticky":false,"template":"","format":"standard","meta":{"footnotes":""},"categories":[2820],"tags":[1111,11,1697,1719,1777,674,1011,27,775,1652,12,25,640],"class_list":{"0":"post-119625","1":"post","2":"type-post","3":"status-publish","4":"format-standard","5":"has-post-thumbnail","7":"category-strasbourg","8":"tag-actu","9":"tag-actualites","10":"tag-concert","11":"tag-enfants","12":"tag-eu","13":"tag-europe","14":"tag-fr","15":"tag-france","16":"tag-grand-est","17":"tag-loisirs-culture","18":"tag-news","19":"tag-republique-francaise","20":"tag-strasbourg"},"share_on_mastodon":{"url":"https:\/\/pubeurope.com\/@fr\/114551940969092124","error":""},"_links":{"self":[{"href":"https:\/\/www.europesays.com\/fr\/wp-json\/wp\/v2\/posts\/119625","targetHints":{"allow":["GET"]}}],"collection":[{"href":"https:\/\/www.europesays.com\/fr\/wp-json\/wp\/v2\/posts"}],"about":[{"href":"https:\/\/www.europesays.com\/fr\/wp-json\/wp\/v2\/types\/post"}],"author":[{"embeddable":true,"href":"https:\/\/www.europesays.com\/fr\/wp-json\/wp\/v2\/users\/2"}],"replies":[{"embeddable":true,"href":"https:\/\/www.europesays.com\/fr\/wp-json\/wp\/v2\/comments?post=119625"}],"version-history":[{"count":0,"href":"https:\/\/www.europesays.com\/fr\/wp-json\/wp\/v2\/posts\/119625\/revisions"}],"wp:featuredmedia":[{"embeddable":true,"href":"https:\/\/www.europesays.com\/fr\/wp-json\/wp\/v2\/media\/119626"}],"wp:attachment":[{"href":"https:\/\/www.europesays.com\/fr\/wp-json\/wp\/v2\/media?parent=119625"}],"wp:term":[{"taxonomy":"category","embeddable":true,"href":"https:\/\/www.europesays.com\/fr\/wp-json\/wp\/v2\/categories?post=119625"},{"taxonomy":"post_tag","embeddable":true,"href":"https:\/\/www.europesays.com\/fr\/wp-json\/wp\/v2\/tags?post=119625"}],"curies":[{"name":"wp","href":"https:\/\/api.w.org\/{rel}","templated":true}]}}