{"id":119627,"date":"2025-05-22T14:24:10","date_gmt":"2025-05-22T14:24:10","guid":{"rendered":"https:\/\/www.europesays.com\/fr\/119627\/"},"modified":"2025-05-22T14:24:10","modified_gmt":"2025-05-22T14:24:10","slug":"leurometropole-de-strasbourg-confie-lexploitation-du-service-mobistras-a-la-cts","status":"publish","type":"post","link":"https:\/\/www.europesays.com\/fr\/119627\/","title":{"rendered":"L\u2019Eurom\u00e9tropole de Strasbourg confie l\u2019exploitation du service Mobistras \u00e0 la CTS"},"content":{"rendered":"<p class=\"st-surtitre\">\n            Sur acte de d\u00e9lib\u00e9ration vot\u00e9 lors du conseil eurom\u00e9tropolitain du 28 juin 2024, l\u2019Eurom\u00e9tropole de Strasbourg a confi\u00e9 l\u2019exploitation du service Mobistras \u00e0 la Compagnie des Transports Strasbourgeois (CTS).\n        <\/p>\n<p><img decoding=\"async\" alt=\"\" data-fileentryid=\"534932275\" src=\"https:\/\/www.europesays.com\/fr\/wp-content\/uploads\/2025\/05\/mobistras-vignette1-1-jpg.jpeg\" style=\"margin:10px; float:left\"\/>\u00a0<br \/>A compter du 1er juin 2025, la CTS exploitera le service Mobistras. Ce service, pilot\u00e9 depuis 2011 par l\u2019Eurom\u00e9tropole de Strasbourg, s\u2019adresse aux personnes \u00e0 mobilit\u00e9 r\u00e9duite pour lesquelles l\u2019utilisation du r\u00e9seau bus\/tram CTS peut s\u2019av\u00e9rer inadapt\u00e9e voire impossible. Destin\u00e9 aux usagers inscrits remplissant les conditions d\u2019admission, il permet d\u2019effectuer un trajet d\u2019une adresse \u00e0 une autre au sein des 33 communes du territoire eurom\u00e9tropolitain et du centre-ville de Kehl. En rejoignant la CTS, ce service voit ainsi son offre s\u2019am\u00e9liorer et s\u2019int\u00e8gre d\u00e9sormais pleinement \u00e0 l\u2019offre de transport public de l\u2019Eurom\u00e9tropole de Strasbourg.\u00a0<\/p>\n<p>\u00ab\u00a0Int\u00e9grer Mobistras \u00e0 la CTS, c\u2019est un choix politique fort : faire du droit \u00e0 la mobilit\u00e9 une r\u00e9alit\u00e9 pour toutes et tous, sans exception. En faisant de Mobistras un service \u00e0 part enti\u00e8re du r\u00e9seau CTS, nous mettons fin \u00e0 une forme de traitement diff\u00e9renci\u00e9. Nous affirmons que chaque habitante et chaque habitant de notre territoire doit pouvoir se d\u00e9placer librement, avec dignit\u00e9, quels que soient ses besoins sp\u00e9cifiques. C\u2019est une avanc\u00e9e majeure pour l\u2019inclusion, la justice sociale, et la coh\u00e9rence de notre service public\u00a0\u00bb, se f\u00e9licite Pia Imbs, pr\u00e9sidente de l\u2019Eurom\u00e9tropole de Strasbourg.<\/p>\n<p>Comment fonctionne d\u00e9sormais Mobistras ?<\/p>\n<p>Mobistras demeure un service de transport en commun disponible uniquement sur r\u00e9servation et accessible aux clients \u00e9ligibles (titulaire d\u2019une carte mobilit\u00e9 inclusion (CMI) ou reconnu au pr\u00e9alable par la commission d\u2019acc\u00e8s de l\u2019Eurom\u00e9tropole de Strasbourg qui s\u2019appuie sur une \u00e9valuation des possibilit\u00e9s de d\u00e9placements).<br \/>Celle-ci est possible jusqu\u2019\u00e0 30 minutes avant l\u2019heure de d\u00e9part souhait\u00e9e, offrant ainsi un maximum de souplesse au client. Pour ceux qui souhaitent plus de libert\u00e9 et de s\u00e9r\u00e9nit\u00e9, la r\u00e9servation peut \u00eatre effectu\u00e9e jusqu\u2019\u00e0 14 jours avant la date de d\u00e9part voulue. Pour offrir les choix les plus pertinents dans les propositions de trajets aux clients, il leur est conseill\u00e9 d\u2019anticiper leur r\u00e9servation.\u00a0<\/p>\n<p>\u2003<br \/>Afin de permettre au plus grand nombre d\u2019utiliser le service, quatre modes de r\u00e9servation sont propos\u00e9s :<br \/>Appli MOBISTRAS\u00a0<br \/>&#8211;\u00a0 \u00a0Accessible 24h\/24 et 7jrs\/7<\/p>\n<p>Le site Internet<br \/>&#8211;\u00a0 <a href=\"https:\/\/mobistras.transport-a-la-demande.fr\/\u00a0\" target=\"_blank\" rel=\"noopener\">mobistras.transport-a-la-demande.fr<\/a><\/p>\n<p>&#8211;\u00a0 Utilisable 24h\/24 et 7jrs\/7<\/p>\n<p>La centrale t\u00e9l\u00e9phonique (nouveau num\u00e9ro)<br \/>&#8211; 0800 001 760<\/p>\n<p>&#8211; Service et appel gratuits<\/p>\n<p>-Ouverture du lundi au samedi, de 6h \u00e0 20h ;\u00a0<br \/>les dimanches et jours f\u00e9ri\u00e9s (sauf 1er mai), de 9h \u00e0 20h<\/p>\n<p>Par e-mail (nouvelle adresse mail)<br \/>-mobistras@cts-strasbourg.eu\u00a0<\/p>\n<p>-24h minimum avant le trajet<\/p>\n<p>Comment s\u2019inscrire ?<\/p>\n<p>Les titulaires d\u2019une carte de mobilit\u00e9 inclusion (CMI) mention invalidit\u00e9 ou priorit\u00e9 ou d\u2019une carte d\u2019invalidit\u00e9 b\u00e9n\u00e9ficient de droit de cette solution de transport \u00e0 la demande. Un dossier avec une copie de la carte doit \u00eatre instruit aux services de l\u2019Eurom\u00e9tropole de Strasbourg pour pr\u00e9tendre \u00e0 l\u2019\u00e9ligibilit\u00e9.<br \/>Pour les autres publics non titulaires d\u2019une CMI ou d\u2019une carte d\u2019invalidit\u00e9, un certificat m\u00e9dical doit compl\u00e9ter le dossier qui sera par la suite examin\u00e9 par la commission d\u2019acc\u00e8s de l\u2019Eurom\u00e9tropole.<br \/>Le service peut \u00e9galement profiter aux personnes titulaires d\u2019une CMI qui ne r\u00e9sident pas sur le territoire eurom\u00e9tropolitain, sous condition de fournir un justificatif aupr\u00e8s de Mobistras.<\/p>\n<p>https:\/\/www.mobistras.strasbourg.eu\/sinscrire<br \/>Soit par courrier :<br \/>Eurom\u00e9tropole de Strasbourg,<br \/>Service sant\u00e9 et autonomie<br \/>1 Parc de l\u2019Etoile\u00a0<br \/>67 076 Strasbourg<\/p>\n<p>Soit par email :<br \/>transport.adapte@strasbourg.eu<\/p>\n<p>Un service au tarif CTS habituel\u00a0\u00a0<br \/>\u00a0<\/p>\n<p>Le service Mobistras devient accessible aux clients \u00e9ligibles avec un titre de transport CTS valide : aucun surco\u00fbt n\u2019est demand\u00e9 au voyageur, quels que soient son trajet, sa date ou son heure de d\u00e9part. Il lui suffit de valider son titre lors de la mont\u00e9e dans le v\u00e9hicule.\u00a0<img decoding=\"async\" alt=\"\" data-fileentryid=\"534932354\" src=\"https:\/\/www.europesays.com\/fr\/wp-content\/uploads\/2025\/05\/mobistras-interieur-1-jpg.jpeg\" style=\"margin:10px; float:right\"\/>\u00a0<\/p>\n<p>De plus la tarification solidaire, propos\u00e9e par l\u2019Eurom\u00e9tropole, rend d\u00e9sormais accessible ce service \u00e0 partir de 3,40\u20ac par mois par un syst\u00e8me d\u2019abonnement sous conditions, notamment pour les personnes \u00e0 mobilit\u00e9 r\u00e9duite.<br \/>Les clients pourront faire l&rsquo;acquisition de leur titre de transport aupr\u00e8s des points de vente traditionnels (Application &#8211; site internet &#8211; agence commerciale et relais de la CTS, guichets automatiques bancaires du Cr\u00e9dit Mutuel et du CIC, distributeurs automatiques des stations de trams et de certaines lignes de bus) ainsi qu\u2019aupr\u00e8s des conducteurs.<br \/>Afin d\u2019int\u00e9grer cette nouveaut\u00e9, les 15 v\u00e9hicules Ford Transit adapt\u00e9s composant la flotte Mobistras seront \u00e9quip\u00e9s de valideurs CTS.<\/p>\n<p>Un service qui r\u00e9pond davantage aux besoins de ses usagers<br \/>L\u2019arriv\u00e9e du service Mobistras \u00e0 la CTS permet un \u00e9largissement des horaires, notamment en soir\u00e9e pour permettre plus de souplesse aux usagers.\u00a0<br \/>Actuellement r\u00e9servable \u00e0 partir de 6h et jusqu\u2019\u00e0 22h30 du dimanche au mercredi ou 23h30 du jeudi au samedi, le service sera, \u00e0 partir du 1er juin, \u00e9tendu de 5h \u00e0 minuit tous les jours (sauf le 1er mai).<br \/>D\u2019une capacit\u00e9 de 7 passagers (4 places assises \u00e0 l\u2019arri\u00e8re, 1 \u00e0 l\u2019avant et 2 places fauteuils roulants) ces derniers conserveront leur niveau de confort int\u00e9grant notamment des fauteuils fixes, des si\u00e8ges tournants et une rampe d\u2019acc\u00e8s t\u00e9l\u00e9command\u00e9e pour acc\u00e9der \u00e0 une plateforme (hayon \u00e9lectrique).<br \/>\u00a0<\/p>\n","protected":false},"excerpt":{"rendered":"Sur acte de d\u00e9lib\u00e9ration vot\u00e9 lors du conseil eurom\u00e9tropolitain du 28 juin 2024, l\u2019Eurom\u00e9tropole de Strasbourg a confi\u00e9&hellip;\n","protected":false},"author":2,"featured_media":119628,"comment_status":"","ping_status":"","sticky":false,"template":"","format":"standard","meta":{"footnotes":""},"categories":[2820],"tags":[24061,1111,11,13205,24062,20963,11925,11353,24063,24064,4373,1777,674,10594,1011,27,4076,775,20545,15899,24065,3088,24066,9440,10462,24067,24068,3327,3264,12,13182,17351,21307,24069,6611,23868,7092,25,5512,16322,640,2803,17241,24070],"class_list":{"0":"post-119627","1":"post","2":"type-post","3":"status-publish","4":"format-standard","5":"has-post-thumbnail","7":"category-strasbourg","8":"tag-achenheim","9":"tag-actu","10":"tag-actualites","11":"tag-bischheim","12":"tag-blaesheim","13":"tag-breuschwickersheim","14":"tag-deplacement","15":"tag-eckbolsheim","16":"tag-eckwersheim","17":"tag-entzheim","18":"tag-eschau","19":"tag-eu","20":"tag-europe","21":"tag-fegersheim","22":"tag-fr","23":"tag-france","24":"tag-geispolsheim","25":"tag-grand-est","26":"tag-hangenbieten","27":"tag-hoenheim","28":"tag-holtzheim","29":"tag-illkirch-graffenstaden","30":"tag-kolbsheim","31":"tag-la-wantzenau","32":"tag-lampertheim","33":"tag-lingolsheim","34":"tag-lipsheim","35":"tag-mittelhausbergen","36":"tag-mundolsheim","37":"tag-news","38":"tag-niederhausbergen","39":"tag-oberhausbergen","40":"tag-oberschaeffolsheim","41":"tag-osthoffen","42":"tag-ostwald","43":"tag-plobsheim","44":"tag-reichstett","45":"tag-republique-francaise","46":"tag-schiltigheim","47":"tag-souffelweyersheim","48":"tag-strasbourg","49":"tag-transport","50":"tag-vendenheim","51":"tag-wolfisheim"},"share_on_mastodon":{"url":"","error":"Validation failed: Text character limit of 500 exceeded"},"_links":{"self":[{"href":"https:\/\/www.europesays.com\/fr\/wp-json\/wp\/v2\/posts\/119627","targetHints":{"allow":["GET"]}}],"collection":[{"href":"https:\/\/www.europesays.com\/fr\/wp-json\/wp\/v2\/posts"}],"about":[{"href":"https:\/\/www.europesays.com\/fr\/wp-json\/wp\/v2\/types\/post"}],"author":[{"embeddable":true,"href":"https:\/\/www.europesays.com\/fr\/wp-json\/wp\/v2\/users\/2"}],"replies":[{"embeddable":true,"href":"https:\/\/www.europesays.com\/fr\/wp-json\/wp\/v2\/comments?post=119627"}],"version-history":[{"count":0,"href":"https:\/\/www.europesays.com\/fr\/wp-json\/wp\/v2\/posts\/119627\/revisions"}],"wp:featuredmedia":[{"embeddable":true,"href":"https:\/\/www.europesays.com\/fr\/wp-json\/wp\/v2\/media\/119628"}],"wp:attachment":[{"href":"https:\/\/www.europesays.com\/fr\/wp-json\/wp\/v2\/media?parent=119627"}],"wp:term":[{"taxonomy":"category","embeddable":true,"href":"https:\/\/www.europesays.com\/fr\/wp-json\/wp\/v2\/categories?post=119627"},{"taxonomy":"post_tag","embeddable":true,"href":"https:\/\/www.europesays.com\/fr\/wp-json\/wp\/v2\/tags?post=119627"}],"curies":[{"name":"wp","href":"https:\/\/api.w.org\/{rel}","templated":true}]}}