{"id":119633,"date":"2025-05-22T14:27:13","date_gmt":"2025-05-22T14:27:13","guid":{"rendered":"https:\/\/www.europesays.com\/fr\/119633\/"},"modified":"2025-05-22T14:27:13","modified_gmt":"2025-05-22T14:27:13","slug":"une-mobilisation-organisee-a-nantes","status":"publish","type":"post","link":"https:\/\/www.europesays.com\/fr\/119633\/","title":{"rendered":"une mobilisation organis\u00e9e \u00e0 Nantes"},"content":{"rendered":"<p>            Par<br \/>\n        <strong><br \/>\n            <a href=\"https:\/\/actu.fr\/auteur\/laure-gentil\" title=\"Consulter tous les articles de Laure Gentil\" target=\"_blank\" rel=\"noopener\">Laure Gentil<\/a><br \/>\n        <\/strong><\/p>\n<p>        Publi\u00e9 le<\/p>\n<p>            22 mai 2025 \u00e0 16h08        <\/p>\n<p>Vendredi 23 mai \u00e0 <strong>Europa Nantes<\/strong>, \u00e0 l\u2019occasion de la F\u00eate de l\u2019Europe, une soir\u00e9e de mobilisation va avoir lieu pour d\u00e9noncer \u00ab\u2009un crime de guerre majeur\u2009: la d\u00e9portation et la russification forc\u00e9e des enfants ukrainiens\u2009\u00bb.<\/p>\n<p class=\" wall-content\">Cette <strong>mobilisation<\/strong> est organis\u00e9e\u00a0par l\u2019association franco-ukrainienne Volya, le Collectif nantais de solidarit\u00e9 avec l\u2019Ukraine et l\u2019association Pour l\u2019Ukraine, pour leur libert\u00e9 et la n\u00f4tre.<\/p>\n<p>\u00ab\u200920\u2009000\u00a0enfants enlev\u00e9s\u2009\u00bb<\/p>\n<p class=\" wall-content\">Selon ces associations, \u00ab\u2009depuis le d\u00e9but de l\u2019invasion, plus de 20\u2009000\u00a0enfants ont \u00e9t\u00e9 enlev\u00e9s\u2009\u00bb.<\/p>\n<blockquote class=\"ac-article-quote wall-content\">\n<p>Plus d\u2019un million de mineurs vivent sous occupation ou ont \u00e9t\u00e9 transf\u00e9r\u00e9s en Russie. Derri\u00e8re ces chiffres, une strat\u00e9gie assum\u00e9e de destruction de l\u2019identit\u00e9 ukrainienne.<\/p>\n<p>    <strong>Association Volya<\/strong>\n            <\/p><\/blockquote>\n<p class=\" wall-content\"><strong>Deux temps forts<\/strong> sont pr\u00e9vus\u2009: une <strong>conf\u00e9rence \u00e0 18\u2009h<\/strong> et un <strong>concert hommage \u00e0 20\u2009h.<\/strong><\/p>\n<p>Vid\u00e9os : en ce moment sur Actu<\/p>\n<p class=\" wall-content\">Bertrand Lambolez, chercheur INSERM \u2013 CNRS, vice-pr\u00e9sident de Pour l\u2019Ukraine, pour leur libert\u00e9 et la n\u00f4tre, et Thierry Guidet, journaliste, seront pr\u00e9sents \u00e0 la conf\u00e9rence. Quant au concert, il sera port\u00e9 par Alona Sliusarenko, chanteuse ukrainienne et cofondatrice de l\u2019association Volya et les s\u0153urs Kostenko, jeunes pianistes ukrainiennes originaires de Kharkiv.<\/p>\n<p><strong>Infos pratiques\u2009: <\/strong><br \/>Vendredi 23 mai 2025, \u00e0 partir de 18 h, \u00e0 Europa Nantes, 90 boulevard de la Prairie aux ducs, \u00eele de Nantes.<br \/>Entr\u00e9e libre.<\/p>\n<p class=\" wall-content\">Suivez toute l\u2019actualit\u00e9 de vos villes et m\u00e9dias favoris en vous inscrivant \u00e0 <a href=\"https:\/\/moncompte.actu.fr\" title=\"D\u00e9couvez Mon Actu\" rel=\"nofollow noopener\" data-trk=\"{&quot;cta&quot;:{&quot;action&quot;:&quot;https:\\\/\\\/moncompte.actu.fr&quot;,&quot;category&quot;:&quot;mon compte&quot;,&quot;from&quot;:&quot;article footer&quot;,&quot;name&quot;:&quot;Mon actu&quot;,&quot;type&quot;:&quot;cta&quot;}}\" target=\"_blank\">Mon Actu<\/a>.<\/p>\n","protected":false},"excerpt":{"rendered":"Par Laure Gentil Publi\u00e9 le 22 mai 2025 \u00e0 16h08 Vendredi 23 mai \u00e0 Europa Nantes, \u00e0 l\u2019occasion&hellip;\n","protected":false},"author":2,"featured_media":119634,"comment_status":"","ping_status":"","sticky":false,"template":"","format":"standard","meta":{"footnotes":""},"categories":[2818],"tags":[1111,11,1697,1777,674,1011,27,131,766,12,2636,25,104,3400],"class_list":{"0":"post-119633","1":"post","2":"type-post","3":"status-publish","4":"format-standard","5":"has-post-thumbnail","7":"category-nantes","8":"tag-actu","9":"tag-actualites","10":"tag-concert","11":"tag-eu","12":"tag-europe","13":"tag-fr","14":"tag-france","15":"tag-guerre-en-ukraine","16":"tag-nantes","17":"tag-news","18":"tag-pays-de-la-loire","19":"tag-republique-francaise","20":"tag-societe","21":"tag-solidarite"},"share_on_mastodon":{"url":"https:\/\/pubeurope.com\/@fr\/114551956923516559","error":""},"_links":{"self":[{"href":"https:\/\/www.europesays.com\/fr\/wp-json\/wp\/v2\/posts\/119633","targetHints":{"allow":["GET"]}}],"collection":[{"href":"https:\/\/www.europesays.com\/fr\/wp-json\/wp\/v2\/posts"}],"about":[{"href":"https:\/\/www.europesays.com\/fr\/wp-json\/wp\/v2\/types\/post"}],"author":[{"embeddable":true,"href":"https:\/\/www.europesays.com\/fr\/wp-json\/wp\/v2\/users\/2"}],"replies":[{"embeddable":true,"href":"https:\/\/www.europesays.com\/fr\/wp-json\/wp\/v2\/comments?post=119633"}],"version-history":[{"count":0,"href":"https:\/\/www.europesays.com\/fr\/wp-json\/wp\/v2\/posts\/119633\/revisions"}],"wp:featuredmedia":[{"embeddable":true,"href":"https:\/\/www.europesays.com\/fr\/wp-json\/wp\/v2\/media\/119634"}],"wp:attachment":[{"href":"https:\/\/www.europesays.com\/fr\/wp-json\/wp\/v2\/media?parent=119633"}],"wp:term":[{"taxonomy":"category","embeddable":true,"href":"https:\/\/www.europesays.com\/fr\/wp-json\/wp\/v2\/categories?post=119633"},{"taxonomy":"post_tag","embeddable":true,"href":"https:\/\/www.europesays.com\/fr\/wp-json\/wp\/v2\/tags?post=119633"}],"curies":[{"name":"wp","href":"https:\/\/api.w.org\/{rel}","templated":true}]}}