{"id":119649,"date":"2025-05-22T14:35:08","date_gmt":"2025-05-22T14:35:08","guid":{"rendered":"https:\/\/www.europesays.com\/fr\/119649\/"},"modified":"2025-05-22T14:35:08","modified_gmt":"2025-05-22T14:35:08","slug":"au-musee-dhistoire-de-marseille-une-performance-collective-en-hommage-a-sylvain-menu","status":"publish","type":"post","link":"https:\/\/www.europesays.com\/fr\/119649\/","title":{"rendered":"Au mus\u00e9e d&rsquo;Histoire de Marseille, une performance collective en hommage \u00e0 Sylvain Menu"},"content":{"rendered":"<p>Jamais on n\u2019avait autant prononc\u00e9 le nom de <a href=\"https:\/\/www.laprovence.com\/article\/edition-marseille\/6405224\/sylvain-menu-ce-heros-meconnu-qui-perdait-la-vie-il-y-a-40-ans.html\" target=\"_blank\" rel=\"nofollow noopener\">Sylvain Menu<\/a> dans les murs de l\u2019amphith\u00e9\u00e2tre du <a href=\"https:\/\/www.laprovence.com\/article\/region\/119311814131915\/rentree-scolaire-a-marseille-le-telephone-portable-na-pas-sa-place-ici-insiste-martine-vassal\" target=\"_blank\" rel=\"nofollow noopener\">coll\u00e8ge \u00e9ponyme<\/a>, situ\u00e9 dans le 9e arrondissement de <a href=\"https:\/\/www.laprovence.com\/bouches-du-rhone\/marseille-13055\" target=\"_blank\" rel=\"nofollow noopener\">Marseille<\/a>. Non pas celui d\u2019un \u00e9l\u00e8ve d\u2019aujourd\u2019hui. Mais celui d\u2019un jeune homme de 16\u00a0ans, ancien scout, n\u00e9 le 19\u00a0mars\u00a01965 \u00e0 Bayonne et disparu tragiquement au d\u00e9but de l\u2019\u00e9t\u00e9, apr\u00e8s avoir sauv\u00e9 un gar\u00e7on de 11\u00a0ans, Jo\u00ebl, de la noyade \u00e0 la calanque de l\u2019Escu, pr\u00e8s de Sormiou.<\/p>\n<p>De ce fait divers, il ne reste gu\u00e8re que quelques coupures de presse jaunies, la fiche de renseignements de l\u2019\u00e9l\u00e8ve alors scolaris\u00e9 au coll\u00e8ge de La Gaye, l\u2019ancien nom de l\u2019\u00e9tablissement marseillais, avec cette inscription \u00ab\u00a0d\u00e9c\u00e9d\u00e9\u00a0\u00bb et aussi et surtout, le visage juv\u00e9nile d\u2019un adolescent devenu \u00ab\u00a0un h\u00e9ros\u00a0\u00bb.<\/p>\n<p>Important travail d\u2019enqu\u00eate<\/p>\n<p>L\u2019histoire se veut \u00e0 la fois singuli\u00e8re et universelle. Nous sommes le 28\u00a0juin\u00a01981, un peu plus d\u2019un mois apr\u00e8s <a href=\"https:\/\/www.laprovence.com\/article\/politique\/6349646\/grand-format-de-la-provence-le-printemps-mitterrand-il-y-a-quarante-ans-son-election-a-change-le-visag\" target=\"_blank\" rel=\"nofollow noopener\">l\u2019\u00e9lection pr\u00e9sidentielle et la victoire du socialiste Fran\u00e7ois Mitterrand<\/a>. Sylvain Menu \u00e9coute en boucle La Fille du coupeur de joints d\u2019Hubert-F\u00e9lix Thi\u00e9faine et Stairway to Heaven de Led Zeppelin. Les beaux jours s\u2019annoncent, les vacances ne sont pas loin. Le jeune homme est parti se baigner avec un groupe d\u2019amis \u00e0 Sormiou. C\u2019est alors que survient le drame. Une vague, qui lui sera fatale, emporte Sylvain Menu alors qu\u2019il porte sur ses \u00e9paules, Jo\u00ebl jusqu\u2019au rivage. Son corps est retrouv\u00e9 quelques jours plus tard.<\/p>\n<p>Ce r\u00e9cit, c\u2019est Philippe, le fr\u00e8re de Sylvain, qui l\u2019a racont\u00e9 plus de quarante ans apr\u00e8s les faits\u00a0\u00e0 seize coll\u00e9giens d\u2019une classe de troisi\u00e8me. Depuis plusieurs mois, ces \u00e9l\u00e8ves ont r\u00e9alis\u00e9 un important travail d\u2019enqu\u00eate, ont pris des notes, r\u00e9alis\u00e9 des retranscriptions d\u2019entretiens. \u00ab\u00a0Ils ont \u00e9t\u00e9 enthousiastes d\u00e8s le d\u00e9part. On a r\u00e9ussi \u00e0 cr\u00e9er une m\u00e9moire commune autour de ce gar\u00e7on d\u00e9c\u00e9d\u00e9. Pourtant, ce n\u2019\u00e9tait pas simple de se lancer dans une telle aventure\u00a0\u00bb, souligne l\u2019un des enseignants, Laurent Bedos, qui a coordonn\u00e9 le projet.<\/p>\n<p>\u00ab\u00a0Un adolescent de son \u00e9poque\u00a0\u00bb<\/p>\n<p>Vendredi 23\u00a0mai, pour cl\u00f4turer ce long chapitre, la performance collective Qui \u00e9tait Sylvain Menu\u00a0?, dans le cadre du <a href=\"https:\/\/www.laprovence.com\/article\/region\/7821058582205614\/a-marseille-le-festival-de-litterature-oh-les-beaux-jours-se-decline-de-a-a-z-du-27-mai-au-1er-juin\" target=\"_blank\" rel=\"nofollow noopener\">festival litt\u00e9raire Oh Les beaux jours<\/a>\u00a0!, a lieu \u00e0 partir de 17\u00a0h dans l\u2019auditorium du mus\u00e9e d\u2019Histoire de Marseille.<\/p>\n","protected":false},"excerpt":{"rendered":"Jamais on n\u2019avait autant prononc\u00e9 le nom de Sylvain Menu dans les murs de l\u2019amphith\u00e9\u00e2tre du coll\u00e8ge \u00e9ponyme,&hellip;\n","protected":false},"author":2,"featured_media":119650,"comment_status":"","ping_status":"","sticky":false,"template":"","format":"standard","meta":{"footnotes":""},"categories":[2814],"tags":[17,1111,11,13773,24071,1777,674,1011,27,4879,884,3048,12,3239,882,16,25,96],"class_list":{"0":"post-119649","1":"post","2":"type-post","3":"status-publish","4":"format-standard","5":"has-post-thumbnail","7":"category-marseille","8":"tag-17","9":"tag-actu","10":"tag-actualites","11":"tag-collective","12":"tag-dhistoire","13":"tag-eu","14":"tag-europe","15":"tag-fr","16":"tag-france","17":"tag-hommage","18":"tag-marseille","19":"tag-musee","20":"tag-news","21":"tag-performance","22":"tag-provence-alpes-cote-dazur","23":"tag-region","24":"tag-republique-francaise","25":"tag-une"},"share_on_mastodon":{"url":"https:\/\/pubeurope.com\/@fr\/114551988364277935","error":""},"_links":{"self":[{"href":"https:\/\/www.europesays.com\/fr\/wp-json\/wp\/v2\/posts\/119649","targetHints":{"allow":["GET"]}}],"collection":[{"href":"https:\/\/www.europesays.com\/fr\/wp-json\/wp\/v2\/posts"}],"about":[{"href":"https:\/\/www.europesays.com\/fr\/wp-json\/wp\/v2\/types\/post"}],"author":[{"embeddable":true,"href":"https:\/\/www.europesays.com\/fr\/wp-json\/wp\/v2\/users\/2"}],"replies":[{"embeddable":true,"href":"https:\/\/www.europesays.com\/fr\/wp-json\/wp\/v2\/comments?post=119649"}],"version-history":[{"count":0,"href":"https:\/\/www.europesays.com\/fr\/wp-json\/wp\/v2\/posts\/119649\/revisions"}],"wp:featuredmedia":[{"embeddable":true,"href":"https:\/\/www.europesays.com\/fr\/wp-json\/wp\/v2\/media\/119650"}],"wp:attachment":[{"href":"https:\/\/www.europesays.com\/fr\/wp-json\/wp\/v2\/media?parent=119649"}],"wp:term":[{"taxonomy":"category","embeddable":true,"href":"https:\/\/www.europesays.com\/fr\/wp-json\/wp\/v2\/categories?post=119649"},{"taxonomy":"post_tag","embeddable":true,"href":"https:\/\/www.europesays.com\/fr\/wp-json\/wp\/v2\/tags?post=119649"}],"curies":[{"name":"wp","href":"https:\/\/api.w.org\/{rel}","templated":true}]}}