{"id":119651,"date":"2025-05-22T14:36:11","date_gmt":"2025-05-22T14:36:11","guid":{"rendered":"https:\/\/www.europesays.com\/fr\/119651\/"},"modified":"2025-05-22T14:36:11","modified_gmt":"2025-05-22T14:36:11","slug":"des-essais-de-nuit-pour-le-tramway-a-marseille","status":"publish","type":"post","link":"https:\/\/www.europesays.com\/fr\/119651\/","title":{"rendered":"Des essais de nuit pour le tramway \u00e0 Marseille"},"content":{"rendered":"<p><img loading=\"lazy\" decoding=\"async\" alt=\"\u00a9 ROYON Mikael \/ M\u00e9tropole Aix-Marseille-Provence - Ces essais de nuit marquent le d\u00e9but de la phase de validation technique pour l\u2019extension du tramway nord-sud \u00e0 Marseille.\" data-zoom-src=\"https:\/\/www.europesays.com\/fr\/wp-content\/uploads\/2025\/05\/initial-tramway-marseille-essais-de-nuit-travaux.jpg\" data-zoomable=\"\" height=\"702\" src=\"https:\/\/www.europesays.com\/fr\/wp-content\/uploads\/2025\/05\/initial-tramway-marseille-essais-de-nuit-travaux.jpg\" width=\"1248\"\/>  <\/p>\n<p class=\"article-desc\">\u00a9 ROYON Mikael \/ M\u00e9tropole Aix-Marseille-Provence &#8211; Ces essais de nuit marquent le d\u00e9but de la phase de validation technique pour l\u2019extension du tramway nord-sud \u00e0 Marseille. <\/p>\n<p><a href=\"https:\/\/mesinfos.fr\/13000-marseille\/marseille-la-metropole-a-fixe-un-cap-au-nord-pour-le-tramway-181677.html\" rel=\"noopener\" target=\"_blank\">Le projet d\u2019extension nord-sud du tramway \u00e0 Marseille<\/a> se poursuit, avec une nouvelle \u00e9tape. <strong>Les premiers essais de nuit<\/strong> ont d\u00e9but\u00e9 entre <a href=\"https:\/\/mesinfos.fr\/13000-marseille\/place-castellane-a-marseille-une-nouvelle-voie-de-circulation-194301.html\" rel=\"noopener\" target=\"_blank\">la place Castellane<\/a>, <strong>enti\u00e8rement r\u00e9am\u00e9nag\u00e9e<\/strong>, et Sainte-Marguerite Dromel. <\/p>\n<p>Ce mardi 21 mai, \u00e0 partir de 21 heures, <strong>deux rames<\/strong> ont circul\u00e9 simultan\u00e9ment \u00e0 tr\u00e8s faible vitesse (2,5\u00a0km\/h) sur ce nouveau trac\u00e9. \u00ab\u00a0Il s\u2019agissait du tout premier essai technique sur ce tron\u00e7on \u00bb, apprend-on de <a href=\"https:\/\/mesinfos.fr\/tag\/metropole-aix-marseille-provence\" rel=\"noopener\" target=\"_blank\">la M\u00e9tropole Aix-Marseille Provence<\/a>. <\/p>\n<p> Les essais de nuit vont se poursuivre <\/p>\n<p>Ces essais de nuit marquent le d\u00e9but de <strong>la phase de validation technique<\/strong> et visent \u00e0 \u00ab\u00a0v\u00e9rifier la conformit\u00e9 du gabarit, s\u2019assurer que les rames peuvent se croiser en toute s\u00e9curit\u00e9, et contr\u00f4ler l\u2019\u00e9cart entre les quais et les v\u00e9hicules\u00a0\u00bb, explique la M\u00e9tropole.<\/p>\n<p>Les essais vont se poursuivre avec\u00a0\u00ab\u00a0une mont\u00e9e en puissance progressive\u00a0\u00bb, incluant <strong>l\u2019augmentation de la vitesse, le contr\u00f4le des \u00e9quipements du centre de maintenance, les interactions avec la ligne a\u00e9rienne et la v\u00e9rification de la signalisation ferroviaire<\/strong>.\u00a0<\/p>\n<blockquote>\n<p>Ce projet donnera naissance \u00e0 une nouvelle colonne vert\u00e9brale structurant les mobilit\u00e9s au sein de la deuxi\u00e8me ville de France. Cette extension entra\u00eene \u00e9galement la transformation durable de nombreux quartiers, r\u00e9nov\u00e9s et apais\u00e9s, \u00e0 Marseille \u00bb, a d\u00e9clar\u00e9 Martine Vassal, pr\u00e9sidente de la M\u00e9tropole Aix-Marseille-Provence.\u00a0 <\/p>\n<\/blockquote>\n<p>  350 M\u20ac pour l\u2019extension nord-sud du T3 \u00e0 Marseille <\/p>\n<p>Le projet d\u2019extension nord-sud du tramway T3 fait partie du <a href=\"https:\/\/mesinfos.fr\/tag\/marseille-en-grand\" rel=\"noopener\" target=\"_blank\">plan Marseille en Grand<\/a>. Il comprend <strong>1,8\u00a0km suppl\u00e9mentaire entre Arenc et Capitaine G\u00e8ze, au nord, et 4,4 km suppl\u00e9mentaires entre la place Castellane et la Gaye, au sud<\/strong>. <\/p>\n<p>Pour <strong>un co\u00fbt total de 350 M\u20ac<\/strong>, financ\u00e9 avec le soutien de l\u2019Etat, et <a href=\"https:\/\/mesinfos.fr\/13000-marseille\/l-ue-accorde-115-m-euro-pour-l-extension-du-tramway-t3-a-marseille-208993.html\" rel=\"noopener\" target=\"_blank\">une enveloppe de la Banque d\u2019Investissement europ\u00e9enne (BEI) d\u2019un montant de 115 M\u20ac<\/a>. Sa mise en service est pr\u00e9vue pour fin 2025.<\/p>\n","protected":false},"excerpt":{"rendered":"\u00a9 ROYON Mikael \/ M\u00e9tropole Aix-Marseille-Provence &#8211; Ces essais de nuit marquent le d\u00e9but de la phase de&hellip;\n","protected":false},"author":2,"featured_media":119652,"comment_status":"","ping_status":"","sticky":false,"template":"","format":"standard","meta":{"footnotes":""},"categories":[2814],"tags":[1111,11,1777,674,1011,27,884,24072,12,882,25,800,2086],"class_list":{"0":"post-119651","1":"post","2":"type-post","3":"status-publish","4":"format-standard","5":"has-post-thumbnail","7":"category-marseille","8":"tag-actu","9":"tag-actualites","10":"tag-eu","11":"tag-europe","12":"tag-fr","13":"tag-france","14":"tag-marseille","15":"tag-mu00e9tropole-aix-marseille-provence","16":"tag-news","17":"tag-provence-alpes-cote-dazur","18":"tag-republique-francaise","19":"tag-transports","20":"tag-travaux"},"share_on_mastodon":{"url":"https:\/\/pubeurope.com\/@fr\/114551992238157755","error":""},"_links":{"self":[{"href":"https:\/\/www.europesays.com\/fr\/wp-json\/wp\/v2\/posts\/119651","targetHints":{"allow":["GET"]}}],"collection":[{"href":"https:\/\/www.europesays.com\/fr\/wp-json\/wp\/v2\/posts"}],"about":[{"href":"https:\/\/www.europesays.com\/fr\/wp-json\/wp\/v2\/types\/post"}],"author":[{"embeddable":true,"href":"https:\/\/www.europesays.com\/fr\/wp-json\/wp\/v2\/users\/2"}],"replies":[{"embeddable":true,"href":"https:\/\/www.europesays.com\/fr\/wp-json\/wp\/v2\/comments?post=119651"}],"version-history":[{"count":0,"href":"https:\/\/www.europesays.com\/fr\/wp-json\/wp\/v2\/posts\/119651\/revisions"}],"wp:featuredmedia":[{"embeddable":true,"href":"https:\/\/www.europesays.com\/fr\/wp-json\/wp\/v2\/media\/119652"}],"wp:attachment":[{"href":"https:\/\/www.europesays.com\/fr\/wp-json\/wp\/v2\/media?parent=119651"}],"wp:term":[{"taxonomy":"category","embeddable":true,"href":"https:\/\/www.europesays.com\/fr\/wp-json\/wp\/v2\/categories?post=119651"},{"taxonomy":"post_tag","embeddable":true,"href":"https:\/\/www.europesays.com\/fr\/wp-json\/wp\/v2\/tags?post=119651"}],"curies":[{"name":"wp","href":"https:\/\/api.w.org\/{rel}","templated":true}]}}