{"id":119660,"date":"2025-05-22T14:41:08","date_gmt":"2025-05-22T14:41:08","guid":{"rendered":"https:\/\/www.europesays.com\/fr\/119660\/"},"modified":"2025-05-22T14:41:08","modified_gmt":"2025-05-22T14:41:08","slug":"nos-conseils-pour-eviter-les-bouchons-sur-les-routes","status":"publish","type":"post","link":"https:\/\/www.europesays.com\/fr\/119660\/","title":{"rendered":"nos conseils pour \u00e9viter les bouchons sur les routes"},"content":{"rendered":"<p>            Par<br \/>\n        <strong><br \/>\n            <a href=\"https:\/\/actu.fr\/auteur\/dorinegoth\" title=\"Consulter tous les articles de Dorine Goth\" rel=\"nofollow noopener\" target=\"_blank\">Dorine Goth<\/a><br \/>\n        <\/strong><\/p>\n<p>        Publi\u00e9 le<\/p>\n<p>            22 mai 2025 \u00e0 16h14        <\/p>\n<p>Des op\u00e9rations escargots qui poussent les automobilistes \u00e0 jouer au chat et \u00e0 la souris. De <a href=\"https:\/\/actu.fr\/ile-de-france\/paris_75056\/nouvelle-journee-de-mobilisation-des-taxis-a-paris-des-operations-escargots-en-cours-sur-les-autoroutes_62672010.html\" rel=\"nofollow noopener\" target=\"_blank\"><strong>nouvelles<\/strong> manifestations<\/a> des <strong><a href=\"https:\/\/actu.fr\/societe\/operations-escargot-barrages-blocages-les-taxis-en-colere-se-mobilisent-partout-en-france-ce-lundi_62652376.html\" rel=\"nofollow noopener\" target=\"_blank\">taxis en col\u00e8res<\/a><\/strong> se d\u00e9roulent, jeudi 22\u00a0mai 2025 sur les routes d\u2019\u00cele-de-France. Les principaux axes qui m\u00e8nent \u00e0 <strong>Paris<\/strong> font l\u2019objet d\u2019importants <strong>ralentissements,<\/strong> pouvant cr\u00e9er plusieurs<strong> dizaines de kilom\u00e8tres de bouchons<\/strong> dans leur sillage. La veille, en fin de journ\u00e9e, plus de <strong><a href=\"https:\/\/actu.fr\/ile-de-france\/paris_75056\/greve-des-taxis-les-routes-de-paris-et-d-ile-de-france-paralysees-plus-400-km-d-embouteillages-enregistres_62670385.html\" rel=\"nofollow noopener\" target=\"_blank\">450\u00a0km de bouchons<\/a><\/strong> \u00e9taient enregistr\u00e9s sur les routes. Une situation jug\u00e9e \u00ab\u2009exceptionnelle\u2009\u00bb par la direction des routes d\u2019\u00cele-de-France. Pour \u00e9viter de se retrouver pi\u00e9ger ce jeudi 22\u00a0mai, voici les axes \u00e0 \u00e9viter et nos conseils pour les contourner.<\/p>\n<p>Nos conseils pour circuler en \u00cele-de-France ce jeudi 22\u00a0mai<\/p>\n<p class=\" wall-content\">Ce jeudi, trois op\u00e9rations escargots sont en place. La premi\u00e8re sur la <strong><a href=\"https:\/\/actu.fr\/ile-de-france\/sevres_92072\/en-raison-de-travaux-la-circulation-sur-la-n118-en-direction-de-paris-sera-difficile-pendant-plusieurs-jours_62508002.html\" rel=\"nofollow noopener\" target=\"_blank\">N118<\/a>,<\/strong> entre V\u00e9lizy (Yvelines) et le Pont de S\u00e8vres. Pour \u00e9viter les embouteillages, il est recommand\u00e9 d\u2019emprunter la <strong>route foresti\u00e8re royale \u00e0 Meudon<\/strong> et de rejoindre le Pont de S\u00e8vres en longeant les quais de <a href=\"https:\/\/actu.fr\/tag\/la-seine\" rel=\"nofollow noopener\" target=\"_blank\">Seine<\/a>.<\/p>\n<p class=\" wall-content\">Au nord, les difficult\u00e9s se concentrent sur <strong>l\u2019autoroute A1<\/strong> en direction de Paris, entre l\u2019a\u00e9roport de Roissy et porte de La Chapelle. Au total, il faut 1 heure pour rallier l\u2019itin\u00e9raire, contre 20\u00a0minutes en temps normal. Pour rejoindre le p\u00e9riph\u00e9rique parisien, les automobilistes peuvent rejoindre<strong> l\u2019autoroute A3<\/strong> \u00e0 partir d\u2019Aulnay-sous-Bois, jusqu\u2019\u00e0 porte de Bagnolet.<\/p>\n<p class=\" wall-content\">Sur<strong> l\u2019autoroute A4<\/strong>, les difficult\u00e9s se concentrent entre Bry-sur-Marne et porte de Bercy. Le cort\u00e8ge occupe les trois voies les plus \u00e0 gauche de la chauss\u00e9e. Il est conseill\u00e9 d\u2019\u00e9viter le secteur. Les <strong>autoroutes A86 puis A3<\/strong> permettent de rejoindre Paris sans difficult\u00e9s. Les chauffeurs, mobilis\u00e9s contre la nouvelle tarification du transport sanitaire et la concurrence des <a href=\"https:\/\/actu.fr\/ile-de-france\/boulogne-billancourt_92012\/jo-de-paris-2024-on-est-la-cinquieme-roue-du-carrosse-le-ras-le-bol-des-vtc-contre-les-voies-reservees_61370629.html\" rel=\"nofollow noopener\" target=\"_blank\">VTC<\/a>, menacent de poursuivre leur gr\u00e8ve vendredi.<\/p>\n<p class=\" wall-content\">Suivez toute l\u2019actualit\u00e9 de vos villes et m\u00e9dias favoris en vous inscrivant \u00e0 <a href=\"https:\/\/moncompte.actu.fr\" title=\"D\u00e9couvez Mon Actu\" rel=\"nofollow noopener\" data-trk=\"{&quot;cta&quot;:{&quot;action&quot;:&quot;https:\\\/\\\/moncompte.actu.fr&quot;,&quot;category&quot;:&quot;mon compte&quot;,&quot;from&quot;:&quot;article footer&quot;,&quot;name&quot;:&quot;Mon actu&quot;,&quot;type&quot;:&quot;cta&quot;}}\" target=\"_blank\">Mon Actu<\/a>.<\/p>\n<ul class=\"ac-article-tag wall-content\">\n<li><a href=\"https:\/\/actu.fr\/tag\/circulation\" data-trk=\"{&quot;cta&quot;:{&quot;action&quot;:&quot;Circulation&quot;,&quot;category&quot;:&quot;tag&quot;,&quot;from&quot;:&quot;article footer&quot;,&quot;name&quot;:&quot;Circulation&quot;,&quot;type&quot;:&quot;cta&quot;}}\" rel=\"nofollow noopener\" target=\"_blank\">#Circulation<\/a><\/li>\n<li><a href=\"https:\/\/actu.fr\/tag\/manifestations\" data-trk=\"{&quot;cta&quot;:{&quot;action&quot;:&quot;Manifestations&quot;,&quot;category&quot;:&quot;tag&quot;,&quot;from&quot;:&quot;article footer&quot;,&quot;name&quot;:&quot;Manifestations&quot;,&quot;type&quot;:&quot;cta&quot;}}\" rel=\"nofollow noopener\" target=\"_blank\">#Manifestations<\/a><\/li>\n<\/ul>\n","protected":false},"excerpt":{"rendered":"Par Dorine Goth Publi\u00e9 le 22 mai 2025 \u00e0 16h14 Des op\u00e9rations escargots qui poussent les automobilistes \u00e0&hellip;\n","protected":false},"author":2,"featured_media":119661,"comment_status":"","ping_status":"","sticky":false,"template":"","format":"standard","meta":{"footnotes":""},"categories":[1888],"tags":[1111,1928,11,1927,3542,1777,674,1011,27,1272,12,1926,626,1925,25,104],"class_list":{"0":"post-119660","1":"post","2":"type-post","3":"status-publish","4":"format-standard","5":"has-post-thumbnail","7":"category-paris","8":"tag-actu","9":"tag-actu-paris","10":"tag-actualites","11":"tag-actualites-paris","12":"tag-circulation","13":"tag-eu","14":"tag-europe","15":"tag-fr","16":"tag-france","17":"tag-manifestations","18":"tag-news","19":"tag-news-paris","20":"tag-paris","21":"tag-paris-news","22":"tag-republique-francaise","23":"tag-societe"},"share_on_mastodon":{"url":"https:\/\/pubeurope.com\/@fr\/114552011889428792","error":""},"_links":{"self":[{"href":"https:\/\/www.europesays.com\/fr\/wp-json\/wp\/v2\/posts\/119660","targetHints":{"allow":["GET"]}}],"collection":[{"href":"https:\/\/www.europesays.com\/fr\/wp-json\/wp\/v2\/posts"}],"about":[{"href":"https:\/\/www.europesays.com\/fr\/wp-json\/wp\/v2\/types\/post"}],"author":[{"embeddable":true,"href":"https:\/\/www.europesays.com\/fr\/wp-json\/wp\/v2\/users\/2"}],"replies":[{"embeddable":true,"href":"https:\/\/www.europesays.com\/fr\/wp-json\/wp\/v2\/comments?post=119660"}],"version-history":[{"count":0,"href":"https:\/\/www.europesays.com\/fr\/wp-json\/wp\/v2\/posts\/119660\/revisions"}],"wp:featuredmedia":[{"embeddable":true,"href":"https:\/\/www.europesays.com\/fr\/wp-json\/wp\/v2\/media\/119661"}],"wp:attachment":[{"href":"https:\/\/www.europesays.com\/fr\/wp-json\/wp\/v2\/media?parent=119660"}],"wp:term":[{"taxonomy":"category","embeddable":true,"href":"https:\/\/www.europesays.com\/fr\/wp-json\/wp\/v2\/categories?post=119660"},{"taxonomy":"post_tag","embeddable":true,"href":"https:\/\/www.europesays.com\/fr\/wp-json\/wp\/v2\/tags?post=119660"}],"curies":[{"name":"wp","href":"https:\/\/api.w.org\/{rel}","templated":true}]}}