{"id":119662,"date":"2025-05-22T14:42:12","date_gmt":"2025-05-22T14:42:12","guid":{"rendered":"https:\/\/www.europesays.com\/fr\/119662\/"},"modified":"2025-05-22T14:42:12","modified_gmt":"2025-05-22T14:42:12","slug":"a-quel-immense-chanteur-francais-paris-rend-il-hommage-avec-un-belvedere","status":"publish","type":"post","link":"https:\/\/www.europesays.com\/fr\/119662\/","title":{"rendered":"A quel immense chanteur fran\u00e7ais Paris rend-il hommage avec un belv\u00e9d\u00e8re ?"},"content":{"rendered":"<p><strong>L\u2019autre \u00ab\u00a0grand Charles\u00a0\u00bb &#8211; Le lieu de ce belv\u00e9d\u00e8re est \u00e0 Montmartre dans le 18e\u00a0arrondissement de Paris. Mais qui est l\u2019artiste\u00a0? On vous donne un indice \u00ab\u00a0les moins de vingt ans ne peuvent pas\u00a0conna\u00eetre\u00a0\u00bb ce temps<\/strong><\/p>\n<p>David Bowie, <a href=\"https:\/\/www.20minutes.fr\/paris\/4147957-20250411-devinez-star-rock-va-avoir-passerelle-paris?at_medium=RSS%20feed&amp;at_campaign=ynews&amp;utm_source=yahoo&amp;utm_medium=rss&amp;utm_campaign=news_feed&amp;utm_content=in_article_link\" rel=\"nofollow noopener\" target=\"_blank\" data-ylk=\"slk:Jim Morrison;elm:context_link;itc:0;sec:content-canvas\" class=\"link \">Jim Morrison<\/a>\u2026 Ces derniers temps, ce sont des chanteurs internationaux qui ont eu un hommage de la Ville de Paris avec leur nom appos\u00e9 sur <a href=\"https:\/\/www.20minutes.fr\/paris\/4069267-20240107-star-internationale-va-avoir-rue-paris-lundi?at_medium=RSS%20feed&amp;at_campaign=ynews&amp;utm_source=yahoo&amp;utm_medium=rss&amp;utm_campaign=news_feed&amp;utm_content=in_article_link\" rel=\"nofollow noopener\" target=\"_blank\" data-ylk=\"slk:une plaque de rue;elm:context_link;itc:0;sec:content-canvas\" class=\"link \">une plaque de rue<\/a> ou de passerelle. Ce jeudi matin, c\u2019est la chanson fran\u00e7aise qui est mise en avant dans la capitale. Avec l\u2019inauguration d\u2019un Belv\u00e9d\u00e8re de la Boh\u00e8me \u00e0 Montmartre. Un hommage bien \u00e9videmment \u00e0 Charles Aznavour.<\/p>\n<p>La Ville de Paris rappelle qu&rsquo;\u00ab\u00a0\u00e0 l\u2019occasion du 100e anniversaire de la naissance de <a href=\"https:\/\/www.20minutes.fr\/dossier\/charles_aznavour?at_medium=RSS%20feed&amp;at_campaign=ynews&amp;utm_source=yahoo&amp;utm_medium=rss&amp;utm_campaign=news_feed&amp;utm_content=in_article_link\" rel=\"nofollow noopener\" target=\"_blank\" data-ylk=\"slk:Charles Aznavour;elm:context_link;itc:0;sec:content-canvas\" class=\"link \">Charles Aznavour<\/a>, elle avait renomm\u00e9 une partie des jardins des Champs-Elys\u00e9es, jardin Charles Aznavour, tout pr\u00e8s du jardin d\u2019Erevan, de l\u2019esplanade d\u2019Arm\u00e9nie et de la statue Komitas\u00a0\u00bb.<\/p>\n<p>L\u00e0, le belv\u00e9d\u00e8re la Boh\u00e8me rend hommage au \u00ab\u00a0succ\u00e8s retentissant\u00a0\u00bb de Charles Aznavour, et \u00ab\u00a0dont le nom [de la chanson] fait r\u00e9f\u00e9rence aux artistes romantiques du XIXe\u00a0si\u00e8cle, cette derni\u00e8re chanson raconte l\u2019histoire d\u2019un jeune montmartrois d\u00e9sargent\u00e9 dont la carri\u00e8re artistique naissante, quoique compliqu\u00e9e financi\u00e8rement, se r\u00e9v\u00e8le \u00eatre un souvenir heureux qui composera les plus belles ann\u00e9es de sa vie\u00a0\u00bb, rappelle la Ville de Paris dans un communiqu\u00e9.<\/p>\n<p>Mais o\u00f9 se trouve ce belv\u00e9d\u00e8re, vous demandez-vous\u00a0? A l\u2019intersection de la rue Saint-Vincent et de la rue de la Bonne (18e)<\/p>\n<p><a href=\"https:\/\/www.20minutes.fr\/paris\/4154869-20250522-immense-chanteur-francais-paris-rend-hommage-belvedere?at_medium=RSS%20feed&amp;at_campaign=ynews&amp;utm_source=yahoo&amp;utm_medium=rss&amp;utm_campaign=news_feed&amp;utm_content=read_more_link&quot;\" rel=\"nofollow noopener\" target=\"_blank\" data-ylk=\"slk:Lire la suite sur 20minutes;elm:context_link;itc:0;sec:content-canvas\" class=\"link \">Lire la suite sur 20minutes<\/a><\/p>\n<p>\u00c0 lire aussi :<br \/><a href=\"https:\/\/www.20minutes.fr\/sport\/cyclisme\/4154651-20250521-tour-france-2025-aso-regale-trois-ascensions-butte-montmartre-avant-final-champs?at_medium=RSS%20feed&amp;at_campaign=ynews&amp;utm_source=yahoo&amp;utm_medium=rss&amp;utm_campaign=news_feed&amp;utm_content=related_content_link\" rel=\"nofollow noopener\" target=\"_blank\" data-ylk=\"slk:Tour de France 2025\u00a0: ASO r\u00e9gale avec trois ascensions de la Butte Montmartre avant le final sur les Champs;elm:context_link;itc:0;sec:content-canvas\" class=\"link \">Tour de France 2025\u00a0: ASO r\u00e9gale avec trois ascensions de la Butte Montmartre avant le final sur les Champs<\/a><br \/><a href=\"https:\/\/www.20minutes.fr\/paris\/4144901-20250323-parisiens-disent-oui-davantage-rues-vegetalisees?at_medium=RSS%20feed&amp;at_campaign=ynews&amp;utm_source=yahoo&amp;utm_medium=rss&amp;utm_campaign=news_feed&amp;utm_content=related_content_link\" rel=\"nofollow noopener\" target=\"_blank\" data-ylk=\"slk:Les Parisiens disent \u00ab\u00a0Oui\u00a0\u00bb \u00e0 davantage de rues v\u00e9g\u00e9talis\u00e9es;elm:context_link;itc:0;sec:content-canvas\" class=\"link \">Les Parisiens disent \u00ab\u00a0Oui\u00a0\u00bb \u00e0 davantage de rues v\u00e9g\u00e9talis\u00e9es<\/a><\/p>\n","protected":false},"excerpt":{"rendered":"L\u2019autre \u00ab\u00a0grand Charles\u00a0\u00bb &#8211; Le lieu de ce belv\u00e9d\u00e8re est \u00e0 Montmartre dans le 18e\u00a0arrondissement de Paris. Mais&hellip;\n","protected":false},"author":2,"featured_media":119663,"comment_status":"","ping_status":"","sticky":false,"template":"","format":"standard","meta":{"footnotes":""},"categories":[1888],"tags":[24078,1111,1928,11,1927,24079,11775,24080,1777,674,1011,27,24081,12,1926,626,1925,25],"class_list":{"0":"post-119662","1":"post","2":"type-post","3":"status-publish","4":"format-standard","5":"has-post-thumbnail","7":"category-paris","8":"tag-18e-arrondissement-de-paris","9":"tag-actu","10":"tag-actu-paris","11":"tag-actualites","12":"tag-actualites-paris","13":"tag-belvedere","14":"tag-charles-aznavour","15":"tag-derniere-chanson","16":"tag-eu","17":"tag-europe","18":"tag-fr","19":"tag-france","20":"tag-la-ville-de-paris","21":"tag-news","22":"tag-news-paris","23":"tag-paris","24":"tag-paris-news","25":"tag-republique-francaise"},"share_on_mastodon":{"url":"https:\/\/pubeurope.com\/@fr\/114552015832871112","error":""},"_links":{"self":[{"href":"https:\/\/www.europesays.com\/fr\/wp-json\/wp\/v2\/posts\/119662","targetHints":{"allow":["GET"]}}],"collection":[{"href":"https:\/\/www.europesays.com\/fr\/wp-json\/wp\/v2\/posts"}],"about":[{"href":"https:\/\/www.europesays.com\/fr\/wp-json\/wp\/v2\/types\/post"}],"author":[{"embeddable":true,"href":"https:\/\/www.europesays.com\/fr\/wp-json\/wp\/v2\/users\/2"}],"replies":[{"embeddable":true,"href":"https:\/\/www.europesays.com\/fr\/wp-json\/wp\/v2\/comments?post=119662"}],"version-history":[{"count":0,"href":"https:\/\/www.europesays.com\/fr\/wp-json\/wp\/v2\/posts\/119662\/revisions"}],"wp:featuredmedia":[{"embeddable":true,"href":"https:\/\/www.europesays.com\/fr\/wp-json\/wp\/v2\/media\/119663"}],"wp:attachment":[{"href":"https:\/\/www.europesays.com\/fr\/wp-json\/wp\/v2\/media?parent=119662"}],"wp:term":[{"taxonomy":"category","embeddable":true,"href":"https:\/\/www.europesays.com\/fr\/wp-json\/wp\/v2\/categories?post=119662"},{"taxonomy":"post_tag","embeddable":true,"href":"https:\/\/www.europesays.com\/fr\/wp-json\/wp\/v2\/tags?post=119662"}],"curies":[{"name":"wp","href":"https:\/\/api.w.org\/{rel}","templated":true}]}}