{"id":119676,"date":"2025-05-22T14:49:14","date_gmt":"2025-05-22T14:49:14","guid":{"rendered":"https:\/\/www.europesays.com\/fr\/119676\/"},"modified":"2025-05-22T14:49:14","modified_gmt":"2025-05-22T14:49:14","slug":"la-fin-dun-siecle-de-litige","status":"publish","type":"post","link":"https:\/\/www.europesays.com\/fr\/119676\/","title":{"rendered":"la fin d\u2019un si\u00e8cle de litige"},"content":{"rendered":"<p>Il est apparu aux c\u00f4t\u00e9s de repr\u00e9sentants du gouvernement et des L\u00e4nder, le 13 mai, au palais de Sanssouci \u00e0 Potsdam, pour annoncer une nouvelle historique. Georg Friedrich de Prusse, l&rsquo;actuel chef de la maison Hohenzollern, a finalement accept\u00e9 de mettre fin <a href=\"https:\/\/www.pointdevue.fr\/royal\/couronnes-du-monde\/georg-friedrich-de-prusse-revendique-son-droit-sur-des-oeuvres-et-chateaux-spolies\" rel=\"nofollow noopener\" target=\"_blank\" data-ylk=\"slk:au conflit qui l&#039;opposait \u00e0 l&#039;Etat allemand depuis 2014;elm:context_link;itc:0;sec:content-canvas\" class=\"link \">au conflit qui l&rsquo;opposait \u00e0 l&rsquo;Etat allemand depuis 2014<\/a>. L&rsquo;h\u00e9ritier de l&rsquo;ancienne dynastie royale et imp\u00e9riale revendiquait en effet la propri\u00e9t\u00e9 de pr\u00e8s de 30 000 \u0153uvres d&rsquo;art qui avaient \u00e9t\u00e9 confisqu\u00e9es \u00e0 sa famille. Si les n\u00e9gociations s&rsquo;\u00e9taient tenues \u00e0 l&rsquo;\u00e9cart du public, nos confr\u00e8res de la cha\u00eene de t\u00e9l\u00e9vision Tagesspiegel en ont d\u00e9voil\u00e9 les dessous d\u00e9but mai, obligeant le ministre de la Culture, Wolfram Weimer, \u00e0 r\u00e9v\u00e9ler \u00ab\u00a0l\u2019accord final de ce litige foncier qui dure depuis pr\u00e8s de 100 ans\u00a0\u00bb.<\/p>\n<p>Le pass\u00e9 des Hohenzollern d\u00e9range<\/p>\n<p>Car l&rsquo;arri\u00e8re-arri\u00e8re-petit-fils du dernier Kaiser, Guillaume II, n&rsquo;est pas le premier de sa lign\u00e9e \u00e0 r\u00e9clamer ces biens. \u00ab\u00a0Pendant des ann\u00e9es, les Hohenzollern ont cherch\u00e9 \u00e0 r\u00e9cup\u00e9rer la propri\u00e9t\u00e9 ou \u00e0 obtenir une indemnisation pour les objets expropri\u00e9s apr\u00e8s la chute de la monarchie en 1918\u00a0\u00bb, explique <a href=\"https:\/\/www.the-berliner.com\/english-news-berlin\/germany-settles-decade-long-hohenzollern-dispute\/\" rel=\"nofollow noopener\" target=\"_blank\" data-ylk=\"slk:The Berliner;elm:context_link;itc:0;sec:content-canvas\" class=\"link \">The Berliner<\/a>. Or la loi de 1994 exclut toute restitution aux demandeurs qui auraient encourag\u00e9 le national-socialisme ou le communisme. Le prince de Prusse tente alors de minimiser l&rsquo;all\u00e9geance de sa famille au F\u00fchrer et va m\u00eame jusqu&rsquo;\u00e0 intenter une action en justice contre plus de 100 historiens, journalistes et politiciens, qu\u2019il accusent de diffuser de fausses affirmations. De quoi exasp\u00e9rer l&rsquo;opinion publique.<\/p>\n<p><img decoding=\"async\" class=\"caas-img caas-lazy has-preview\" alt=\"De gauche \u00e0 droite, Georg Friedrich, prince de Prusse, Sarah Wedl-Wilson, secr\u00e9taire d'\u00c9tat \u00e0 la culture de Berlin, et Wolfram Weimer, ministre de la Culture, ont donn\u00e9 une conf\u00e9rence de presse commune au ch\u00e2teau de Sanssouci, le 13 mai 2025.\" src=\"https:\/\/www.europesays.com\/fr\/wp-content\/uploads\/2025\/05\/476dc37d6d336cf7abf4e75c46c1e57d.jpeg\"\/><\/p>\n<p><strong>De gauche \u00e0 droite, Georg Friedrich, prince de Prusse, Sarah Wedl-Wilson, secr\u00e9taire d&rsquo;\u00c9tat \u00e0 la culture de Berlin, et Wolfram Weimer, ministre de la Culture, ont donn\u00e9 une conf\u00e9rence de presse commune au ch\u00e2teau de Sanssouci, le 13 mai 2025.<\/strong> \u00a9 Michael Bahlo\/DPA\/ABACAPRESS.COM<\/p>\n<p>En 2018, le gouvernement propose alors au prince \u00ab\u00a0une part consid\u00e9rable des objets controvers\u00e9s, et un nouveau &lsquo;Mus\u00e9e des Hohenzollern&rsquo; construit avec l\u2019argent des contribuables\u00a0\u00bb, rapporte Der Spiegel. Mais il refuse, formulant de nouvelles exigences, notamment un \u00ab\u00a0droit de s\u00e9jour permanent et libre dans le palais de Cecilienhof\u00a0\u00bb. Rien qui n&rsquo;aboutisse&#8230; L&rsquo;accord final, conclu d\u00e9but mai, met en lumi\u00e8re la cr\u00e9ation d&rsquo;une fondation d\u00e9di\u00e9e \u00e0 l&rsquo;ensemble du patrimoine actuellement expos\u00e9 dans les mus\u00e9es de Berlin et de Brandebourg. \u00ab\u00a0Le public reste le propri\u00e9taire de ces \u0153uvres\u00a0\u00bb, a ainsi d\u00e9clar\u00e9 le ministre de la Culture. \u00ab\u00a0La famille abandonnera la plupart de ses revendications financi\u00e8res, y compris les demandes de compensation pour les palais confisqu\u00e9s et les meubles d\u2019une valeur de plusieurs millions\u00a0\u00bb, pr\u00e9cise The Berliner.<\/p>\n<p>Tout \u00e7a en \u00e9change de quoi ? \u00ab\u00a0Les Hohenzollern poss\u00e8deront trois si\u00e8ges au conseil d\u2019administration de la nouvelle fondation, mais pas de droit de veto.\u00a0\u00bb Un peu plus de 2000 pi\u00e8ces de monnaie et m\u00e9dailles, ainsi que plusieurs centaines de meubles, tableaux, porcelaines et autres en provenance de la Fondation du patrimoine culturel prussien leur reviendront aussi, \u00e9num\u00e8re Der Spiegel. Des biens jug\u00e9s \u00ab\u00a0dispensables\u00a0\u00bb pour la fondation, selon les experts. Reste que leur valeur est estim\u00e9e \u00e0 deux millions d\u2019euros ! Parmi eux, sept tabati\u00e8res du roi de Prusse Fr\u00e9d\u00e9ric II, fabriqu\u00e9es en pierres semi-pr\u00e9cieuses et serties de diamants. En outre, une aide de 17 millions d&rsquo;euros \u2013 vot\u00e9e par le Bundestag \u2013 leur sera apport\u00e9e pour l&rsquo;assainissement et la restauration du ch\u00e2teau Hohenzollern non loin de Hechingen, class\u00e9 monument historique.<\/p>\n<p><img decoding=\"async\" class=\"caas-img caas-lazy has-preview\" alt=\"Le ministre de la Culture, Wolfram Weimer, en compagnie de Georg Friedrich, prince de Prusse, devant la fa\u00e7ade du ch\u00e2teau de Sanssouci, le 13 mai 2025.\" src=\"https:\/\/www.europesays.com\/fr\/wp-content\/uploads\/2025\/05\/d8f13bfa73f42181c2720a8528067f7c.jpeg\"\/><\/p>\n<p><strong>Le ministre de la Culture, Wolfram Weimer, en compagnie du prince Georg Friedrich de Prusse, devant la fa\u00e7ade du ch\u00e2teau de Sanssouci, le 13 mai 2025.<\/strong> \u00a9 Michael Bahlo\/DPA\/ABACAPRESS.COM<\/p>\n<p>Si les d\u00e9tails de l\u2019arrangement doivent encore \u00eatre approuv\u00e9s par plusieurs institutions \u2013 dont la Fondation du patrimoine culturel prussien et le Mus\u00e9e historique allemand \u2013, \u00ab\u00a0l\u2019accord marque une rare concession dans la confrontation actuelle de l\u2019Allemagne avec son pass\u00e9 imp\u00e9rial\u00a0\u00bb, insiste The Berliner. Pour l&rsquo;hebdomadaire Der Spiegel, le fait que le chancelier Scholz ait \u00e9t\u00e9 inform\u00e9 de l\u2019avancement des pourparlers montre \u00e0 quel point le sujet est d\u2019actualit\u00e9.<\/p>\n<p>Lire aussi &gt;&gt; <a href=\"https:\/\/www.pointdevue.fr\/royal\/couronnes-du-monde\/exclusif-notre-entretien-sans-tabou-avec-georg-friedrich-de-prusse\" rel=\"nofollow noopener\" target=\"_blank\" data-ylk=\"slk:Exclusif. Notre entretien sans tabou avec Georg Friedrich de Prusse;elm:context_link;itc:0;sec:content-canvas\" class=\"link \">Exclusif. Notre entretien sans tabou avec Georg Friedrich de Prusse<\/a><\/p>\n","protected":false},"excerpt":{"rendered":"Il est apparu aux c\u00f4t\u00e9s de repr\u00e9sentants du gouvernement et des L\u00e4nder, le 13 mai, au palais de&hellip;\n","protected":false},"author":2,"featured_media":119677,"comment_status":"","ping_status":"","sticky":false,"template":"","format":"standard","meta":{"footnotes":""},"categories":[1587],"tags":[11,672,1804,1805,1803,1777,674,24083,1801,24082,2616,12,24084,24085,1802,16842],"class_list":{"0":"post-119676","1":"post","2":"type-post","3":"status-publish","4":"format-standard","5":"has-post-thumbnail","7":"category-allemagne","8":"tag-actualites","9":"tag-allemagne","10":"tag-bundesrepublik-deutschland","11":"tag-de","12":"tag-deutschland","13":"tag-eu","14":"tag-europe","15":"tag-georg-friedrich","16":"tag-germany","17":"tag-hohenzollern","18":"tag-ministre-de-la-culture","19":"tag-news","20":"tag-palais-de-sanssouci","21":"tag-prusse","22":"tag-republique-federale-dallemagne","23":"tag-wolfram-weimer"},"share_on_mastodon":{"url":"https:\/\/pubeurope.com\/@fr\/114552043254321879","error":""},"_links":{"self":[{"href":"https:\/\/www.europesays.com\/fr\/wp-json\/wp\/v2\/posts\/119676","targetHints":{"allow":["GET"]}}],"collection":[{"href":"https:\/\/www.europesays.com\/fr\/wp-json\/wp\/v2\/posts"}],"about":[{"href":"https:\/\/www.europesays.com\/fr\/wp-json\/wp\/v2\/types\/post"}],"author":[{"embeddable":true,"href":"https:\/\/www.europesays.com\/fr\/wp-json\/wp\/v2\/users\/2"}],"replies":[{"embeddable":true,"href":"https:\/\/www.europesays.com\/fr\/wp-json\/wp\/v2\/comments?post=119676"}],"version-history":[{"count":0,"href":"https:\/\/www.europesays.com\/fr\/wp-json\/wp\/v2\/posts\/119676\/revisions"}],"wp:featuredmedia":[{"embeddable":true,"href":"https:\/\/www.europesays.com\/fr\/wp-json\/wp\/v2\/media\/119677"}],"wp:attachment":[{"href":"https:\/\/www.europesays.com\/fr\/wp-json\/wp\/v2\/media?parent=119676"}],"wp:term":[{"taxonomy":"category","embeddable":true,"href":"https:\/\/www.europesays.com\/fr\/wp-json\/wp\/v2\/categories?post=119676"},{"taxonomy":"post_tag","embeddable":true,"href":"https:\/\/www.europesays.com\/fr\/wp-json\/wp\/v2\/tags?post=119676"}],"curies":[{"name":"wp","href":"https:\/\/api.w.org\/{rel}","templated":true}]}}