{"id":119678,"date":"2025-05-22T14:50:09","date_gmt":"2025-05-22T14:50:09","guid":{"rendered":"https:\/\/www.europesays.com\/fr\/119678\/"},"modified":"2025-05-22T14:50:09","modified_gmt":"2025-05-22T14:50:09","slug":"les-eleves-ont-fete-leurope-au-restaurant-scolaire-a-fors","status":"publish","type":"post","link":"https:\/\/www.europesays.com\/fr\/119678\/","title":{"rendered":"Les \u00e9l\u00e8ves ont f\u00eat\u00e9 l\u2019Europe au restaurant scolaire \u00e0 Fors"},"content":{"rendered":"<p>Vendredi 9\u00a0mai 2025, \u00e0 l\u2019occasion de la Journ\u00e9e de l\u2019Europe, les \u00e9l\u00e8ves de l\u2019\u00e9cole de Fors ont partag\u00e9 un moment gourmand et \u00e9ducatif. Comme chaque ann\u00e9e, le comit\u00e9 de jumelage franco-allemand, en partenariat avec la municipalit\u00e9 et le personnel du restaurant scolaire, a organis\u00e9 un repas allemand pour sensibiliser les plus jeunes \u00e0 la construction europ\u00e9enne et \u00e0 l\u2019amiti\u00e9 entre les peuples.<\/p>\n<p>D\u00e8s le matin, plusieurs b\u00e9n\u00e9voles ont d\u00e9cor\u00e9 la salle aux couleurs de la France, de l\u2019Allemagne et de l\u2019Europe. Un v\u00e9ritable d\u00e9cor festif pour accueillir les enfants, qui ont ensuite d\u00e9gust\u00e9 un plat typique d\u2019outre-Rhin\u00a0: le\u00a0Sauerbraten, une savoureuse viande marin\u00e9e servie avec des p\u00e2tes, qui a rencontr\u00e9 un franc succ\u00e8s.<\/p>\n<p>Le 9\u00a0mai comm\u00e9more la d\u00e9claration de Robert Schuman en 1950\u00a0: le ministre fran\u00e7ais des Affaires \u00e9trang\u00e8res proposait alors la mise en commun des ressources de charbon et d\u2019acier entre pays europ\u00e9ens, une initiative qui a marqu\u00e9 le point de d\u00e9part de la construction europ\u00e9enne.<\/p>\n<p>Depuis, le 9\u00a0mai est devenu la Journ\u00e9e de l\u2019Europe, d\u00e9di\u00e9e \u00e0 la paix, \u00e0 l\u2019unit\u00e9 et \u00e0 la coop\u00e9ration entre les nations du continent. \u00c0 Fors, cette comm\u00e9moration prend tout son sens \u00e0 travers des actions concr\u00e8tes qui parlent aux enfants.<\/p>\n","protected":false},"excerpt":{"rendered":"Vendredi 9\u00a0mai 2025, \u00e0 l\u2019occasion de la Journ\u00e9e de l\u2019Europe, les \u00e9l\u00e8ves de l\u2019\u00e9cole de Fors ont partag\u00e9&hellip;\n","protected":false},"author":2,"featured_media":119679,"comment_status":"","ping_status":"","sticky":false,"template":"","format":"standard","meta":{"footnotes":""},"categories":[1586],"tags":[11,1674,4019,1777,674,24086,1011,27,12,25],"class_list":{"0":"post-119678","1":"post","2":"type-post","3":"status-publish","4":"format-standard","5":"has-post-thumbnail","7":"category-europe","8":"tag-actualites","9":"tag-communes","10":"tag-ecoles","11":"tag-eu","12":"tag-europe","13":"tag-fors","14":"tag-fr","15":"tag-france","16":"tag-news","17":"tag-republique-francaise"},"share_on_mastodon":{"url":"https:\/\/pubeurope.com\/@fr\/114552047121431750","error":""},"_links":{"self":[{"href":"https:\/\/www.europesays.com\/fr\/wp-json\/wp\/v2\/posts\/119678","targetHints":{"allow":["GET"]}}],"collection":[{"href":"https:\/\/www.europesays.com\/fr\/wp-json\/wp\/v2\/posts"}],"about":[{"href":"https:\/\/www.europesays.com\/fr\/wp-json\/wp\/v2\/types\/post"}],"author":[{"embeddable":true,"href":"https:\/\/www.europesays.com\/fr\/wp-json\/wp\/v2\/users\/2"}],"replies":[{"embeddable":true,"href":"https:\/\/www.europesays.com\/fr\/wp-json\/wp\/v2\/comments?post=119678"}],"version-history":[{"count":0,"href":"https:\/\/www.europesays.com\/fr\/wp-json\/wp\/v2\/posts\/119678\/revisions"}],"wp:featuredmedia":[{"embeddable":true,"href":"https:\/\/www.europesays.com\/fr\/wp-json\/wp\/v2\/media\/119679"}],"wp:attachment":[{"href":"https:\/\/www.europesays.com\/fr\/wp-json\/wp\/v2\/media?parent=119678"}],"wp:term":[{"taxonomy":"category","embeddable":true,"href":"https:\/\/www.europesays.com\/fr\/wp-json\/wp\/v2\/categories?post=119678"},{"taxonomy":"post_tag","embeddable":true,"href":"https:\/\/www.europesays.com\/fr\/wp-json\/wp\/v2\/tags?post=119678"}],"curies":[{"name":"wp","href":"https:\/\/api.w.org\/{rel}","templated":true}]}}