{"id":119685,"date":"2025-05-22T14:54:09","date_gmt":"2025-05-22T14:54:09","guid":{"rendered":"https:\/\/www.europesays.com\/fr\/119685\/"},"modified":"2025-05-22T14:54:09","modified_gmt":"2025-05-22T14:54:09","slug":"la-riposte-numerique-des-officinaux","status":"publish","type":"post","link":"https:\/\/www.europesays.com\/fr\/119685\/","title":{"rendered":"la riposte num\u00e9rique des officinaux"},"content":{"rendered":"<p>Quinze mois de travail auront \u00e9t\u00e9 n\u00e9cessaires <a href=\"https:\/\/www.lemoniteurdespharmacies.fr\/business\/retail\/e-commerce\/le-service-de-livraison-en-ligne-ma-pharmacie-en-france-disponible-des-juin\" target=\"_blank\" rel=\"noopener\">pour accoucher de \u00ab Ma pharmacie en France \u00bb<\/a>, un portail num\u00e9rique unifi\u00e9 destin\u00e9 \u00e0 doter les pharmaciens d\u2019un outil de services interconnect\u00e9s afin de garantir la souverainet\u00e9 num\u00e9rique de la profession.<\/p>\n<p>Lanc\u00e9e officiellement ce 22 mai \u00e0 Paris et port\u00e9 par Alain Grollaud, pr\u00e9sident de Federgy,\u00a0\u00ab\u202fMa pharmacie en France\u202f\u00bb est le fruit d\u2019une collaboration in\u00e9dite entre les syndicats USPO (Union des syndicats de pharmaciens d\u2019officine), FSPF (F\u00e9d\u00e9ration des syndicats pharmaceutiques de France), UDGO (Union des groupements de pharmaciens d\u2019officine),\u00a0des partenaires technologiques et La Poste via son p\u00f4le Sant\u00e9 &amp; Autonomie. L\u2019initiative f\u00e9d\u00e8re d\u00e9j\u00e0 pr\u00e8s de 15 000 officines.<\/p>\n<p>\u00ab\u202fCe que nous avons construit, <a href=\"https:\/\/www.lemoniteurdespharmacies.fr\/business\/retail\/e-commerce\/la-pharmacie-en-ligne-dattaque\" target=\"_blank\" rel=\"noopener\">ce n\u2019est pas une\u00a0plateforme d\u2019interm\u00e9diation, c\u2019est un portail de services,<\/a> pilot\u00e9 par la profession, pens\u00e9 par et pour les pharmaciens, avec une gouvernance coll\u00e9giale et un cap strat\u00e9gique partag\u00e9\u202f\u00bb, d\u00e9fend Alain Grollaud, pr\u00e9sident de F\u00e9dergy et \u00e0 l\u2019initiative de ce projet.\u00a0<\/p>\n<p>                                Quatre briques op\u00e9rationnelles d\u00e8s l\u2019automne 2025<\/p>\n<p>Le portail, qui entrera en phase de d\u00e9ploiement en octobre 2025, proposera d\u00e8s sa premi\u00e8re version quatre modules fonctionnels, interop\u00e9r\u00e9s avec les LGO (logiciels de gestion officinale) :<\/p>\n<p>\u2013 <strong>la livraison s\u00e9curis\u00e9e post-dispensation<\/strong> : les m\u00e9dicaments seront remis au domicile du patient ou \u00e0 son aidant, uniquement apr\u00e8s dispensation dans le cadre l\u00e9gal. La logistique sera assur\u00e9e par les facteurs de La Poste, form\u00e9s au contr\u00f4le d\u2019identit\u00e9. \u00ab\u202fOn fait de la livraison, pas de la vente en ligne. C\u2019est un prolongement du conseil pharmaceutique, pas une substitution\u202f\u00bb, insiste Alain Grollaud.<\/p>\n<p>\u2013 <strong>un t\u00e9l\u00e9service de dispensation<\/strong> : en cas d\u2019impossibilit\u00e9 de contact physique, le pharmacien pourra utiliser un module de visio ou de messagerie HDS (h\u00e9bergement de donn\u00e9es de sant\u00e9). Ce service permet d\u2019engager l\u2019acte officinal \u00e0 distance, de mani\u00e8re trac\u00e9e, conforme et s\u00e9curis\u00e9e. \u00ab\u202f30\u202f% des patients qui entrent dans une pharmacie le font \u00e0 travers un aidant. Il \u00e9tait indispensable de concevoir une solution adapt\u00e9e \u00e0 cette r\u00e9alit\u00e9\u202f\u00bb, souligne Pierre-Olivier Variot, pr\u00e9sident de l\u2019USPO.\u00a0<\/p>\n<p>\u2013 <strong>un agenda de rendez-vous officinaux<\/strong> : int\u00e9gr\u00e9 aux outils m\u00e9tier, il facilitera l\u2019organisation des vaccinations, bilans partag\u00e9s de m\u00e9dication, entretiens pharmaceutiques ou des actions de pr\u00e9vention.<\/p>\n<p>\u2013 <strong>un outil de communication<\/strong> : l\u2019application Ma pharmacie en France permettra aussi de communiquer sur les diff\u00e9rentes missions et services offerts \u00e0 l\u2019officine aupr\u00e8s des patients.\u00a0<\/p>\n<p>                                Lignes rouges et cadre d\u00e9ontologique<\/p>\n<p>Pour <a href=\"https:\/\/www.lemoniteurdespharmacies.fr\/business\/retail\/e-commerce\/vente-en-ligne-les-10-points-a-connaitre-sur-ma-pharmacie-en-france-le-portail-dedie-aux-officinaux\" target=\"_blank\" rel=\"noopener\">se d\u00e9marquer des mod\u00e8les marchands<\/a>, les promoteurs ont formalis\u00e9 une s\u00e9rie de \u00ab\u202flignes rouges\u202f\u00bb, inscrites dans les statuts de la soci\u00e9t\u00e9 :<\/p>\n<p>\u2013<strong> respect du libre choix de la pharmacie<\/strong> par le patient, sans algorithmes de tri ni tri automatis\u00e9 par les stocks ;<\/p>\n<p>\u2013 <strong>aucune logique de stock d\u00e9port\u00e9 <\/strong>ou mutualis\u00e9 hors cadre r\u00e9glementaire ;<\/p>\n<p>\u2013 <strong>refus du r\u00e9f\u00e9rencement par produit <\/strong>: le patient entre dans le portail via sa pharmacie, pas via une recherche par mol\u00e9cule ;<\/p>\n<p>\u2013 <strong>obligation de pr\u00e9sentation d\u2019une ordonnance originale<\/strong> ou d\u2019une e-prescription (prescription \u00e9lectronique s\u00e9curis\u00e9e), avec la carte Vitale physique ou son application officielle ;<\/p>\n<p>\u2013 <strong>propri\u00e9t\u00e9 exclusive des donn\u00e9es par le pharmacien<\/strong>, conform\u00e9ment \u00e0 la doctrine du num\u00e9rique en sant\u00e9 du minist\u00e8re ;<\/p>\n<p>\u2013 <strong>aucune d\u00e9cision majeure\u00a0sans validation du comit\u00e9 strat\u00e9gique<\/strong> compos\u00e9 des syndicats et groupements.<\/p>\n<p>                                Une architecture \u00e9volutive d\u00e8s 2026<\/p>\n<p>D\u00e8s 2026, plusieurs briques compl\u00e9mentaires sont attendues :<\/p>\n<p>\u2013 <strong>une interface avec l\u2019h\u00f4pital, via la solution CareSite<\/strong>, pour organiser la sortie d\u2019hospitalisation en lien avec l\u2019officine choisie par le patient ;<\/p>\n<p>\u2013 <strong>des parcours sp\u00e9cifiques pour les aidants familiaux <\/strong>et les patients en perte d\u2019autonomie ;<\/p>\n<p>\u2013<strong> l\u2019int\u00e9gration d\u2019outils d\u2019intelligence artificielle<\/strong>, notamment pour la d\u00e9tection d\u2019interactions, la v\u00e9rification des ordonnances via un syst\u00e8me plus op\u00e9rationnel que ne l\u2019est Asafo aujourd\u2019hui ;<\/p>\n<p>\u2013 <strong>un module de gestion des manquants,<\/strong> distinct de l\u2019outil 2025 de coordination locale. Cette nouvelle brique permettra d\u2019identifier des disponibilit\u00e9s territoriales en cas de p\u00e9nurie s\u00e9v\u00e8re (antibiotiques, vaccins\u2026) et de d\u00e9clencher un d\u00e9pannage \u00e0 l\u2019\u00e9chelle interr\u00e9gionale. \u00ab\u202fAujourd\u2019hui, on a vu des patients faire le tour de Paris pour trouver un antibiotique. Cette brique permettra d\u2019identifier les stocks disponibles ailleurs et de faire remonter les produits sans d\u00e9placer le patient\u202f\u00bb, a expliqu\u00e9 Alain Grollaud. Le produit reste accessible via l\u2019officine d\u2019origine, gr\u00e2ce \u00e0 un circuit interprofessionnel s\u00e9curis\u00e9. Cette approche mutualis\u00e9e s\u2019appuie sur des sch\u00e9mas logistiques \u00e9prouv\u00e9s et place la coordination entre pharmaciens au c\u0153ur de la r\u00e9ponse aux ruptures.<\/p>\n<p>                                \u00ab\u202fUn outil \u00e9thique au service de la proximit\u00e9\u202f\u00bb<\/p>\n<p>En s\u2019engageant comme partenaire op\u00e9rationnel, <a href=\"https:\/\/www.lemoniteurdespharmacies.fr\/business\/numerique\/e-sante\/sante-a-domicile-la-poste-capitalise-sur-son-propre-maillage-territorial\" target=\"_blank\" rel=\"noopener\">La Poste<\/a> affirme son ancrage dans les politiques de sant\u00e9 publique. \u00ab\u202fNous croyons \u00e0 un num\u00e9rique \u00e9thique, inclusif et respectueux des territoires. Ce portail n\u2019est pas un produit commercial. C\u2019est une infrastructure d\u2019int\u00e9r\u00eat g\u00e9n\u00e9ral, au service de la sant\u00e9 publique et de la proximit\u00e9\u202f\u00bb, d\u00e9clare Dominique Pon, directeur du p\u00f4le Sant\u00e9 &amp; Autonomie de la Poste.<\/p>\n<p>                                Une dynamique collective \u00e0 confirmer<\/p>\n<p>L\u2019abonnement est fix\u00e9 \u00e0 50 euros par mois, avec un seuil de rentabilit\u00e9 fix\u00e9 entre 3 000 et 4 000 officines. Les syndicats et groupements se sont engag\u00e9s \u00e0 soutenir massivement l\u2019adh\u00e9sion. \u00ab\u202fCe portail doit devenir un r\u00e9flexe. Ce n\u2019est pas un outil de plus, c\u2019est une infrastructure pour l\u2019avenir\u202f\u00bb, affirme Alain Grollaud.<\/p>\n<p>                                Un rempart strat\u00e9gique face aux logiques de plateforme<\/p>\n<p>Face \u00e0 l\u2019essor des ventes en ligne, \u00ab\u202fMa pharmacie en France\u202f\u00bb se pr\u00e9sente comme un rempart souverain, structur\u00e9 et strat\u00e9gique. \u00ab\u202fCet outil permettra de couper l\u2019herbe sous le pied de ceux qui voulaient faire du commerce, pas de la pharmacie\u202f\u00bb, ajoute Pierre-Olivier Variot.\u00ab\u202fNous faisons le pari d\u2019un num\u00e9rique au service de la relation officinale. Ce n\u2019est pas un outil commercial, c\u2019est un outil de sant\u00e9 publique\u202f\u00bb, conclut Alain Grollaud.\u00a0<\/p>\n","protected":false},"excerpt":{"rendered":"Quinze mois de travail auront \u00e9t\u00e9 n\u00e9cessaires pour accoucher de \u00ab Ma pharmacie en France \u00bb, un portail&hellip;\n","protected":false},"author":2,"featured_media":119686,"comment_status":"","ping_status":"","sticky":false,"template":"","format":"standard","meta":{"footnotes":""},"categories":[4],"tags":[11,24087,1011,27,12,5794,25,5699,3427],"class_list":{"0":"post-119685","1":"post","2":"type-post","3":"status-publish","4":"format-standard","5":"has-post-thumbnail","7":"category-france","8":"tag-actualites","9":"tag-espace-numerique-de-sante","10":"tag-fr","11":"tag-france","12":"tag-news","13":"tag-politiques-de-sante","14":"tag-republique-francaise","15":"tag-sante-publique","16":"tag-syndicats"},"share_on_mastodon":{"url":"https:\/\/pubeurope.com\/@fr\/114552062768262090","error":""},"_links":{"self":[{"href":"https:\/\/www.europesays.com\/fr\/wp-json\/wp\/v2\/posts\/119685","targetHints":{"allow":["GET"]}}],"collection":[{"href":"https:\/\/www.europesays.com\/fr\/wp-json\/wp\/v2\/posts"}],"about":[{"href":"https:\/\/www.europesays.com\/fr\/wp-json\/wp\/v2\/types\/post"}],"author":[{"embeddable":true,"href":"https:\/\/www.europesays.com\/fr\/wp-json\/wp\/v2\/users\/2"}],"replies":[{"embeddable":true,"href":"https:\/\/www.europesays.com\/fr\/wp-json\/wp\/v2\/comments?post=119685"}],"version-history":[{"count":0,"href":"https:\/\/www.europesays.com\/fr\/wp-json\/wp\/v2\/posts\/119685\/revisions"}],"wp:featuredmedia":[{"embeddable":true,"href":"https:\/\/www.europesays.com\/fr\/wp-json\/wp\/v2\/media\/119686"}],"wp:attachment":[{"href":"https:\/\/www.europesays.com\/fr\/wp-json\/wp\/v2\/media?parent=119685"}],"wp:term":[{"taxonomy":"category","embeddable":true,"href":"https:\/\/www.europesays.com\/fr\/wp-json\/wp\/v2\/categories?post=119685"},{"taxonomy":"post_tag","embeddable":true,"href":"https:\/\/www.europesays.com\/fr\/wp-json\/wp\/v2\/tags?post=119685"}],"curies":[{"name":"wp","href":"https:\/\/api.w.org\/{rel}","templated":true}]}}