{"id":119695,"date":"2025-05-22T15:02:16","date_gmt":"2025-05-22T15:02:16","guid":{"rendered":"https:\/\/www.europesays.com\/fr\/119695\/"},"modified":"2025-05-22T15:02:16","modified_gmt":"2025-05-22T15:02:16","slug":"le-detail-des-etapes-du-60e-tour-de-la-manche","status":"publish","type":"post","link":"https:\/\/www.europesays.com\/fr\/119695\/","title":{"rendered":"le d\u00e9tail des \u00e9tapes du 60e Tour de la Manche"},"content":{"rendered":"<p>            Par<br \/>\n        <strong><br \/>\n            <a href=\"https:\/\/actu.fr\/auteur\/redaction-gazettemanche\" title=\"Consulter tous les articles de R\u00e9daction La Gazette de la Manche\" target=\"_blank\" rel=\"noopener\">R\u00e9daction La Gazette de la Manche<\/a><br \/>\n        <\/strong><\/p>\n<p>        Publi\u00e9 le<\/p>\n<p>            22 mai 2025 \u00e0 6h00        <\/p>\n<p>Le <a href=\"https:\/\/actu.fr\/normandie\/sartilly-baie-bocage_50565\/cyclisme-le-60e-tour-de-la-manche-fera-la-part-belle-aux-routes-du-sud-du-departement_62597406.html\" target=\"_blank\" rel=\"noopener\">60e Tour de la Manche<\/a> d\u00e9bute \u00e0 <a href=\"https:\/\/actu.fr\/normandie\/sartilly-baie-bocage_50565\" target=\"_blank\" rel=\"noopener\">Sartilly-Baie-Bocage<\/a> (<a href=\"https:\/\/actu.fr\/tag\/sud-manche\" target=\"_blank\" rel=\"noopener\">Sud Manche<\/a>), ce jeudi 22\u00a0mai. Voici le programme complet des trois \u00e9tapes dans le Sud Manche, pour ne rien rater de la comp\u00e9tition.<\/p>\n<p>1re \u00e9tape<\/p>\n<p class=\" wall-content\">Sartilly-Baie-Bocage-Isigny-le-Buat, 165,3\u00a0km, 2\u2009130\u00a0m de d\u00e9nivel\u00e9 positif. Le d\u00e9part fictif du Tour de la Manche sera donn\u00e9 \u00e0 13\u2009h\u200915 le jeudi 22\u00a0mai. Les coureurs parcourront d\u2019abord \u00e0 vitesse r\u00e9duite une boucle de 8\u00a0km vers Angey avant de revenir \u00e0 Sartilly par la route de Gen\u00eats.<\/p>\n<p class=\" wall-content\">Le d\u00e9part r\u00e9el sera donn\u00e9 rue de l\u2019abbaye. Le peloton effectuera alors une deuxi\u00e8me boucle passant par La\u00a0Rochelle-Normande, Montviron et Champcey, avec beaucoup de relances \u00e0 parcourir deux fois (dont la c\u00f4te de la Montagne), avant de quitter la commune en direction de La\u00a0Haye-Pesnel. Deux ans apr\u00e8s la victoire en solitaire d\u2019Alexis Gougeard (VC Rouen), le peloton reviendra \u00e0 Isigny-le-Buat.<\/p>\n<p class=\" wall-content\">Cette premi\u00e8re \u00e9tape s\u2019ach\u00e8vera par un circuit final au nord-est de la commune (Montigny, Le Mesnil-B\u0153ufs et La Mancelli\u00e8re), \u00ab\u2009avec quelques bosses qui feront que le peloton n\u2019arrivera pas group\u00e9\u2009\u00bb pronostique d\u00e9j\u00e0 Fr\u00e9d\u00e9ric Laheurte, premier adjoint au maire d\u2019Isigny-le-Buat.<\/p>\n<p>4e \u00e9tape<\/p>\n<p class=\" wall-content\">Saint-Jean d\u2019Elle-Sourdeval, 166,3\u00a0km, 2\u2009564\u00a0m de d\u00e9nivel\u00e9 positif. Apr\u00e8s avoir travers\u00e9 Saint-Pois, les coureurs passeront samedi 24\u00a0mai \u00e0 Saint-Michel-de-Montjoie, Gathemo, Beauficel et Vengeons, avant un premier passage sur la ligne d\u2019arriv\u00e9e \u00e0 Sourdeval. \u00ab\u2009Les coureurs effectueront alors une boucle de 8\u00a0km par la vall\u00e9e de Brouains, \u00e0 parcourir \u00e0 quatre reprises avant l\u2019arriv\u00e9e finale sur une grande ligne droite, d\u00e9voile Adrien Jehenne, maire de Sourdeval.<\/p>\n<p>Vid\u00e9os : en ce moment sur Actu<\/p>\n<p class=\" wall-content\">Ce sera une \u00e9tape pour les baroudeurs, qui va bien casser les jambes\u2009!\u2009\u00bb Une course ouverte aux U17 sera organis\u00e9e en d\u00e9but d\u2019apr\u00e8s-midi en pr\u00e9lude de cette arriv\u00e9e.<\/p>\n<p>5e \u00e9tape<\/p>\n<p class=\" wall-content\">Donville-les-Bains-Granville, 152,3\u00a0km, 1\u2009540\u00a0m de d\u00e9nivel\u00e9 positif. Une \u00e9tape d\u00e9passant 150\u00a0km pour relier\u2026 deux communes voisines, tel est le menu propos\u00e9 dimanche 25\u00a0mai par les organisateurs du Tour de la Manche en conclusion de cette 60e \u00e9dition.<\/p>\n<p class=\" wall-content\">Le peloton mettra donc cap au Nord vers Montmartin-sur-Mer avant de bifurquer vers les terres jusqu\u2019\u00e0 La Blouti\u00e8re et de repartir vers l\u2019ouest en direction de C\u00e9rences, Br\u00e9hal et le retour \u00e0 Donville-les-Bains, avant l\u2019entr\u00e9e \u00e0 Granville. Dans la cit\u00e9 corsaire, un circuit final \u00e0 parcourir \u00e0 plusieurs reprises attendra les coureurs. L\u2019arriv\u00e9e, situ\u00e9e en haut de la rue Couraye, sacrera le grand vainqueur de ce 60e Tour de la Manche.<\/p>\n<p>    <a href=\"https:\/\/maps.google.com\/maps?q=48.752773056246504,-1.456993740136725&amp;z=15&amp;output=embed\" title=\"Ouvrie le lien\" target=\"_blank\" rel=\"noopener\">Cliquez ici pour visualiser le contenu<\/a><\/p>\n<p class=\" wall-content\">Suivez toute l\u2019actualit\u00e9 de vos villes et m\u00e9dias favoris en vous inscrivant \u00e0 <a href=\"https:\/\/moncompte.actu.fr\" title=\"D\u00e9couvez Mon Actu\" rel=\"nofollow noopener\" data-trk=\"{&quot;cta&quot;:{&quot;action&quot;:&quot;https:\\\/\\\/moncompte.actu.fr&quot;,&quot;category&quot;:&quot;mon compte&quot;,&quot;from&quot;:&quot;article footer&quot;,&quot;name&quot;:&quot;Mon actu&quot;,&quot;type&quot;:&quot;cta&quot;}}\" target=\"_blank\">Mon Actu<\/a>.<\/p>\n","protected":false},"excerpt":{"rendered":"Par R\u00e9daction La Gazette de la Manche Publi\u00e9 le 22 mai 2025 \u00e0 6h00 Le 60e Tour de&hellip;\n","protected":false},"author":2,"featured_media":119696,"comment_status":"","ping_status":"","sticky":false,"template":"","format":"standard","meta":{"footnotes":""},"categories":[1411],"tags":[1154,207,1011,27,60,23784],"class_list":{"0":"post-119695","1":"post","2":"type-post","3":"status-publish","4":"format-standard","5":"has-post-thumbnail","7":"category-cyclisme","8":"tag-cycling","9":"tag-cyclisme","10":"tag-fr","11":"tag-france","12":"tag-sports","13":"tag-sud-manche"},"share_on_mastodon":{"url":"https:\/\/pubeurope.com\/@fr\/114552094265934583","error":""},"_links":{"self":[{"href":"https:\/\/www.europesays.com\/fr\/wp-json\/wp\/v2\/posts\/119695","targetHints":{"allow":["GET"]}}],"collection":[{"href":"https:\/\/www.europesays.com\/fr\/wp-json\/wp\/v2\/posts"}],"about":[{"href":"https:\/\/www.europesays.com\/fr\/wp-json\/wp\/v2\/types\/post"}],"author":[{"embeddable":true,"href":"https:\/\/www.europesays.com\/fr\/wp-json\/wp\/v2\/users\/2"}],"replies":[{"embeddable":true,"href":"https:\/\/www.europesays.com\/fr\/wp-json\/wp\/v2\/comments?post=119695"}],"version-history":[{"count":0,"href":"https:\/\/www.europesays.com\/fr\/wp-json\/wp\/v2\/posts\/119695\/revisions"}],"wp:featuredmedia":[{"embeddable":true,"href":"https:\/\/www.europesays.com\/fr\/wp-json\/wp\/v2\/media\/119696"}],"wp:attachment":[{"href":"https:\/\/www.europesays.com\/fr\/wp-json\/wp\/v2\/media?parent=119695"}],"wp:term":[{"taxonomy":"category","embeddable":true,"href":"https:\/\/www.europesays.com\/fr\/wp-json\/wp\/v2\/categories?post=119695"},{"taxonomy":"post_tag","embeddable":true,"href":"https:\/\/www.europesays.com\/fr\/wp-json\/wp\/v2\/tags?post=119695"}],"curies":[{"name":"wp","href":"https:\/\/api.w.org\/{rel}","templated":true}]}}