{"id":119699,"date":"2025-05-22T15:04:09","date_gmt":"2025-05-22T15:04:09","guid":{"rendered":"https:\/\/www.europesays.com\/fr\/119699\/"},"modified":"2025-05-22T15:04:09","modified_gmt":"2025-05-22T15:04:09","slug":"en-marge-dune-altercation-a-quai-puis-dans-le-train-omar-sy-aurait-menace-de-mort-des-agents-sncf","status":"publish","type":"post","link":"https:\/\/www.europesays.com\/fr\/119699\/","title":{"rendered":"En marge d&rsquo;une altercation \u00e0 quai puis dans le train, Omar Sy aurait menac\u00e9 de mort des agents SNCF"},"content":{"rendered":"<p>Une altercation aurait eu lieu entre l&rsquo;acteur Omar Sy et le personnel SNCF jeudi 22\u00a0mai \u00e0 la gare de Lyon, \u00e0 Paris. L&rsquo;acteur aurait menac\u00e9 de mort des agents de la s\u00fbret\u00e9 ferroviaire qui lui demandaient de museler son chien.<\/p>\n<p>Une altercation qui aurait \u00e9t\u00e9 trop loin. C\u2019est que ce rapporte <a href=\"https:\/\/www.laprovence.com\/article\/faits-divers-justice\/2908893320671514\/info-la-provence-en-route-pour-avignon-omar-sy-accuse-de-menaces-de-mort-et-outrages-sur-des-agents-sncf-en-gare-a-paris\" rel=\"nofollow noopener\" target=\"_blank\" data-ylk=\"slk:\u00ab La Provence \u00bb;elm:context_link;itc:0;sec:content-canvas\" class=\"link \">\u00ab La Provence \u00bb<\/a> : ce jeudi 22 mai, <a href=\"https:\/\/www.elle.fr\/Personnalites\/Omar-Sy\" rel=\"nofollow noopener\" target=\"_blank\" data-ylk=\"slk:Omar Sy;elm:context_link;itc:0;sec:content-canvas\" class=\"link \">Omar Sy<\/a> aurait prof\u00e9r\u00e9 des menaces de mort et des outrages sur des agents SNCF apr\u00e8s une discussion mouvement\u00e9e \u00e0 l\u2019entr\u00e9e d\u2019un train partant de la gare de Lyon, \u00e0 Paris, pour Avignon. L\u2019origine de la dispute : des agents de s\u00fbret\u00e9 auraient demand\u00e9 \u00e0 l\u2019acteur de museler son chien au d\u00e9part du train, comme l\u2019exige le r\u00e8glement de la SNCF.<\/p>\n<p>De possibles poursuites judiciaires ?<\/p>\n<p>Apr\u00e8s un premier esclandre d\u2019Omar Sy au d\u00e9part, notamment \u00ab des menaces de mort et des insultes prof\u00e9r\u00e9es \u00e0 l\u2019encontre des agents sur le quai \u00bb, selon le quotidien, l\u2019acteur aurait r\u00e9p\u00e9t\u00e9 de nouvelles menaces \u00e0 l\u2019encontre, cette fois, des contr\u00f4leurs du train.<\/p>\n<p><b>Lire aussi &gt;\u00a0 <a href=\"https:\/\/www.elle.fr\/People\/La-vie-des-people\/News\/C-est-quand-meme-un-luxe-Omar-Sy-evoque-un-des-impacts-de-sa-notoriete-dans-son-quotidien-4285346\" rel=\"nofollow noopener\" target=\"_blank\" data-ylk=\"slk:\u00ab C\u2019est quand m\u00eame un luxe \u00bb : Omar Sy \u00e9voque un des impacts de sa notori\u00e9t\u00e9 dans son quotidien;elm:context_link;itc:0;sec:content-canvas\" class=\"link \">\u00ab C\u2019est quand m\u00eame un luxe \u00bb : Omar Sy \u00e9voque un des impacts de sa notori\u00e9t\u00e9 dans son quotidien<\/a><\/b><\/p>\n<p>Toujours selon \u00ab La Provence \u00bb, la direction de la SNCF assure avoir pris toute la mesure de l\u2019incident et se r\u00e9serve \u00ab la possibilit\u00e9 de r\u00e9gler cette affaire ult\u00e9rieurement devant la justice \u00bb. La police n\u2019est pas intervenue \u00e0 la descente du train comme cela peut \u00eatre parfois le cas dans ce genre de situation.<\/p>\n<p><a href=\"https:\/\/www.elle.fr\/Societe\/News\/En-marge-d-une-altercation-a-quai-puis-dans-le-train-Omar-Sy-aurait-menace-de-mort-des-agents-SNCF-4348714#xtor=AL-540\" rel=\"nofollow noopener\" target=\"_blank\" data-ylk=\"slk:Lire la suite de l&#039;article sur Elle.fr;elm:context_link;itc:0;sec:content-canvas\" class=\"link \">Lire la suite de l&rsquo;article sur Elle.fr<\/a><\/p>\n<p>A lire aussi<\/p>\n","protected":false},"excerpt":{"rendered":"Une altercation aurait eu lieu entre l&rsquo;acteur Omar Sy et le personnel SNCF jeudi 22\u00a0mai \u00e0 la gare&hellip;\n","protected":false},"author":2,"featured_media":119700,"comment_status":"","ping_status":"","sticky":false,"template":"","format":"standard","meta":{"footnotes":""},"categories":[1359],"tags":[15223,58,59,1011,27,3338,24088,7775,18580,973,2215],"class_list":{"0":"post-119699","1":"post","2":"type-post","3":"status-publish","4":"format-standard","5":"has-post-thumbnail","7":"category-people","8":"tag-altercation","9":"tag-divertissement","10":"tag-entertainment","11":"tag-fr","12":"tag-france","13":"tag-gare-de-lyon","14":"tag-menace-de-mort","15":"tag-menaces-de-mort","16":"tag-omar-sy","17":"tag-people","18":"tag-sncf"},"share_on_mastodon":{"url":"https:\/\/pubeurope.com\/@fr\/114552102184156387","error":""},"_links":{"self":[{"href":"https:\/\/www.europesays.com\/fr\/wp-json\/wp\/v2\/posts\/119699","targetHints":{"allow":["GET"]}}],"collection":[{"href":"https:\/\/www.europesays.com\/fr\/wp-json\/wp\/v2\/posts"}],"about":[{"href":"https:\/\/www.europesays.com\/fr\/wp-json\/wp\/v2\/types\/post"}],"author":[{"embeddable":true,"href":"https:\/\/www.europesays.com\/fr\/wp-json\/wp\/v2\/users\/2"}],"replies":[{"embeddable":true,"href":"https:\/\/www.europesays.com\/fr\/wp-json\/wp\/v2\/comments?post=119699"}],"version-history":[{"count":0,"href":"https:\/\/www.europesays.com\/fr\/wp-json\/wp\/v2\/posts\/119699\/revisions"}],"wp:featuredmedia":[{"embeddable":true,"href":"https:\/\/www.europesays.com\/fr\/wp-json\/wp\/v2\/media\/119700"}],"wp:attachment":[{"href":"https:\/\/www.europesays.com\/fr\/wp-json\/wp\/v2\/media?parent=119699"}],"wp:term":[{"taxonomy":"category","embeddable":true,"href":"https:\/\/www.europesays.com\/fr\/wp-json\/wp\/v2\/categories?post=119699"},{"taxonomy":"post_tag","embeddable":true,"href":"https:\/\/www.europesays.com\/fr\/wp-json\/wp\/v2\/tags?post=119699"}],"curies":[{"name":"wp","href":"https:\/\/api.w.org\/{rel}","templated":true}]}}