{"id":119701,"date":"2025-05-22T15:05:08","date_gmt":"2025-05-22T15:05:08","guid":{"rendered":"https:\/\/www.europesays.com\/fr\/119701\/"},"modified":"2025-05-22T15:05:08","modified_gmt":"2025-05-22T15:05:08","slug":"la-cour-dappel-suspend-son-delibere-sur-fond-de-commande-publique-artistique","status":"publish","type":"post","link":"https:\/\/www.europesays.com\/fr\/119701\/","title":{"rendered":"la cour d\u2019appel suspend son d\u00e9lib\u00e9r\u00e9 sur fond de commande publique artistique"},"content":{"rendered":"<p>Devant la complexit\u00e9 juridique du dossier, la cour d\u2019appel administrative de Marseille a d\u00e9cid\u00e9 de faire montre de prudence, s\u2019octroyant un d\u00e9lai de r\u00e9flexion suppl\u00e9mentaire. L\u2019affaire sera ainsi r\u00e9examin\u00e9e par une formation \u00e9largie de la juridiction en juillet prochain.<\/p>\n<p class=\"fig-paragraph\">C\u2019est un rebondissement majeur dans une affaire qui, depuis des mois, alimente les pol\u00e9miques sur la commande publique, l\u2019art et la m\u00e9moire nationale. La cour administrative d\u2019appel de Marseille, qui devait rendre sa d\u00e9cision ce mardi 21 mai sur le sort de\u00a0<a href=\"http:\/\/www.lefigaro.fr\/nice\/contrainte-par-la-justice-de-demonter-sa-statue-de-jeanne-d-arc-la-ville-de-nice-coule-du-beton-autour-du-socle-20250306\" data-fig-type=\"NewsFlash\" data-gtm-custom-categorie=\"navigation\" data-gtm-custom-action=\"crossclick\" data-gtm-custom-label=\"Contextuel\" data-gtm-event=\"customEventSPE\" data-fig-domain=\"LEFIGARO\" rel=\"nofollow noopener\" target=\"_blank\">la monumentale statue de Jeanne d\u2019Arc<\/a>\u00a0\u00e9rig\u00e9e \u00e0 l\u2019entr\u00e9e du parking du m\u00eame nom, dans le quartier Borriglione \u00e0 Nice (Alpes-Maritimes), a finalement choisi, chose exceptionnelle, de renvoyer l\u2019affaire devant une formation \u00e9largie de la juridiction en juillet prochain.<\/p>\n<p class=\"fig-paragraph\">Derri\u00e8re cette d\u00e9cision, c\u2019est la port\u00e9e juridique inexplor\u00e9e du dossier qui est en cause. \u00abLe point juridique principal que la Cour doit trancher est in\u00e9dit. C\u2019est la premi\u00e8re fois que vont \u00eatre appliqu\u00e9es les nouvelles dispositions du Code de la commande publique (R. 2122-3)\u00bb, explique Me Carine Chaix, avocate de\u00a0<a href=\"http:\/\/www.lefigaro.fr\/nice\/demontage-de-la-statue-de-jeanne-d-arc-a-nice-l-atelier-missor-fait-appel-de-la-rupture-de-son-contrat-a-170-000-euros-20250130\" data-fig-type=\"NewsFlash\" data-gtm-custom-categorie=\"navigation\" data-gtm-custom-action=\"crossclick\" data-gtm-custom-label=\"Contextuel\" data-gtm-event=\"customEventSPE\" data-fig-domain=\"LEFIGARO\" rel=\"nofollow noopener\" target=\"_blank\">l\u2019atelier Missor<\/a>, sculpteur de l\u2019\u0153uvre. Ces dispositions autorisent, sous conditions, de ne pas recourir \u00e0 une mise en concurrence pour une commande d\u2019\u0153uvre d\u2019art \u00ab\u00e0 cr\u00e9er ou d\u00e9j\u00e0 existante\u00bb, non pas pour des motifs techniques, mais pour tenir compte de la sp\u00e9cificit\u00e9 de l\u2019art.<\/p>\n<p>Un univers esth\u00e9tique singulier<\/p>\n<p class=\"fig-paragraph\">Or, c\u2019est pr\u00e9cis\u00e9ment cette exception artistique que la justice doit examiner. \u00abOn ne commande pas une \u0153uvre d\u2019art comme on ach\u00e8te un lot de fournitures, insiste Me Chaix. Une \u0153uvre d\u2019art est indissociable de son auteur. La R\u00e9gie n\u2019a pas command\u00e9 une statue de Jeanne d\u2019Arc. Elle a command\u00e9 une Jeanne d\u2019Arc de l\u2019atelier Missor, qui a une identit\u00e9 d\u2019artiste et une signature artistique bien sp\u00e9cifiques.\u00bb Le collectif Missor, sp\u00e9cialis\u00e9 dans la repr\u00e9sentation de figures historiques fran\u00e7aises, revendique un univers esth\u00e9tique singulier. La commande de cette sculpture de bronze dor\u00e9 \u00e0 l\u2019or fin de cinq m\u00e8tres de haut, install\u00e9e l\u2019an pass\u00e9 pour un montant de 170.000 euros hors taxes, avait \u00e9t\u00e9 attribu\u00e9e sans appel d\u2019offres par la R\u00e9gie m\u00e9tropolitaine Parcs d\u2019Azur. Ce choix a conduit le pr\u00e9fet des Alpes-Maritimes d\u2019alors, Hugues Moutouh,\u00a0<a href=\"http:\/\/www.lefigaro.fr\/nice\/statue-de-jeanne-d-arc-a-nice-au-coeur-du-conflit-entre-le-maire-et-le-prefet-l-atelier-missor-menace-de-faillite-20250128\" data-fig-type=\"NewsFlash\" data-gtm-custom-categorie=\"navigation\" data-gtm-custom-action=\"crossclick\" data-gtm-custom-label=\"Contextuel\" data-gtm-event=\"customEventSPE\" data-fig-domain=\"LEFIGARO\" rel=\"nofollow noopener\" target=\"_blank\">\u00e0 saisir le tribunal administratif de Nice<\/a>, qui a annul\u00e9 le march\u00e9 le 14 janvier dernier, ordonnant le remboursement de la somme vers\u00e9e et le retrait de la statue.<\/p>\n<p>Les jalons d\u2019une jurisprudence<\/p>\n<p class=\"fig-paragraph\">L\u2019affaire a depuis pris une ampleur politique. Le maire de Nice,\u00a0<a href=\"http:\/\/www.lefigaro.fr\/nice\/a-nice-les-discretes-invitations-du-camp-estrosi-pour-recuperer-les-soutiens-de-ciotti-20250418\" data-fig-type=\"NewsFlash\" data-gtm-custom-categorie=\"navigation\" data-gtm-custom-action=\"crossclick\" data-gtm-custom-label=\"Contextuel\" data-gtm-event=\"customEventSPE\" data-fig-domain=\"LEFIGARO\" rel=\"nofollow noopener\" target=\"_blank\">Christian Estrosi<\/a>, a d\u00e9nonc\u00e9 une \u00abcroisade contre Jeanne d\u2019Arc\u00bb, attaquant frontalement \u00e0 plusieurs reprises le repr\u00e9sentant de l\u2019\u00c9tat dans le d\u00e9partement, appel\u00e9 depuis au secr\u00e9tariat g\u00e9n\u00e9ral du minist\u00e8re de l\u2019Int\u00e9rieur. L\u2019opposition municipale &#8211; en particulier les \u00e9cologistes &#8211; s\u2019interroge quant \u00e0 elle sur les priorit\u00e9s budg\u00e9taires et les symboles mis en avant. Une enqu\u00eate pr\u00e9liminaire pour\u00a0<a href=\"http:\/\/www.lefigaro.fr\/nice\/nice-des-perquisitions-dans-l-affaire-de-la-statue-monumentale-de-jeanne-d-arc-20250128\" data-fig-type=\"NewsFlash\" data-gtm-custom-categorie=\"navigation\" data-gtm-custom-action=\"crossclick\" data-gtm-custom-label=\"Contextuel\" data-gtm-event=\"customEventSPE\" data-fig-domain=\"LEFIGARO\" rel=\"nofollow noopener\" target=\"_blank\">favoritisme\u00a0<\/a>est en cours, et a d\u00e9j\u00e0 conduit \u00e0\u00a0<a href=\"http:\/\/www.lefigaro.fr\/nice\/nice-des-perquisitions-dans-l-affaire-de-la-statue-monumentale-de-jeanne-d-arc-20250128\" data-fig-type=\"NewsFlash\" data-gtm-custom-categorie=\"navigation\" data-gtm-custom-action=\"crossclick\" data-gtm-custom-label=\"Contextuel\" data-gtm-event=\"customEventSPE\" data-fig-domain=\"LEFIGARO\" rel=\"nofollow noopener\" target=\"_blank\">des perquisitions<\/a>\u00a0dans les locaux de la r\u00e9gie. Face \u00e0 l\u2019annulation du march\u00e9, l\u2019atelier Missor a alert\u00e9 sur\u00a0<a href=\"http:\/\/www.lefigaro.fr\/nice\/statue-de-jeanne-d-arc-a-nice-au-coeur-du-conflit-entre-le-maire-et-le-prefet-l-atelier-missor-menace-de-faillite-20250128\" data-fig-type=\"NewsFlash\" data-gtm-custom-categorie=\"navigation\" data-gtm-custom-action=\"crossclick\" data-gtm-custom-label=\"Contextuel\" data-gtm-event=\"customEventSPE\" data-fig-domain=\"LEFIGARO\" rel=\"nofollow noopener\" target=\"_blank\">les cons\u00e9quences \u00abdramatiques\u00bb<\/a>\u00a0pour sa survie, et re\u00e7u le soutien de nombreuses personnalit\u00e9s locales. Une cagnotte en ligne a r\u00e9colt\u00e9 plus de 30.000 euros. Son avocate rappelle que \u00abla cour d\u2019appel a consacr\u00e9 pr\u00e8s de deux heures \u00e0 l\u2019audience, ce qui est tr\u00e8s rare pour une juridiction administrative, et t\u00e9moigne de l\u2019importance de l\u2019enjeu\u00bb.<\/p>\n<p class=\"fig-paragraph\">Le renvoi en formation \u00e9largie ne fixe, du reste, pas encore l\u2019avenir de la statue ni celui de l\u2019atelier Missor. Mais il offre un r\u00e9pit, mais aussi une opportunit\u00e9\u00a0: celle de poser, peut-\u00eatre pour la premi\u00e8re fois, les jalons d\u2019une jurisprudence autour de la place de l\u2019art dans la commande publique, et du statut de l\u2019artiste dans l\u2019espace r\u00e9publicain. En attendant, la Pucelle d\u2019Orl\u00e9ans azur\u00e9enne demeure, sto\u00efque et \u00e9tincelante, sur son socle b\u00e9tonn\u00e9 de la Baie des Anges.<\/p>\n","protected":false},"excerpt":{"rendered":"Devant la complexit\u00e9 juridique du dossier, la cour d\u2019appel administrative de Marseille a d\u00e9cid\u00e9 de faire montre de&hellip;\n","protected":false},"author":2,"featured_media":119702,"comment_status":"","ping_status":"","sticky":false,"template":"","format":"standard","meta":{"footnotes":""},"categories":[1358],"tags":[2898,1348,1384,1385,2829,2971,2972,2397,2973,350,2974,1386,58,59,2975,1011,27,14168,2969,2970,2987,2980,2897,2976,2977,2978,2985,2986,2979,2981,2982,2983,2984,2991,2992,2993,2994,2996,2997,2998,2999,3000,3001,3002,2995,3003,3004,3005,3007,2268,2551,2988,2989,2990,11600,2968,3006],"class_list":{"0":"post-119701","1":"post","2":"type-post","3":"status-publish","4":"format-standard","5":"has-post-thumbnail","7":"category-arts-et-design","8":"tag-alpes-maritimes","9":"tag-arts","10":"tag-arts-and-design","11":"tag-arts-et-design","12":"tag-baumettes","13":"tag-carabacel","14":"tag-caucade","15":"tag-christian-estrosi","16":"tag-cimiez","17":"tag-concurrence","18":"tag-cremat","19":"tag-design","20":"tag-divertissement","21":"tag-entertainment","22":"tag-fabron","23":"tag-fr","24":"tag-france","25":"tag-jeanne-darc","26":"tag-larenas","27":"tag-lariane","28":"tag-le-ray","29":"tag-lingostiere","30":"tag-nice-cote-dazur","31":"tag-nice-gairaut","32":"tag-nice-gambetta","33":"tag-nice-jean-medecin","34":"tag-nice-le-piol","35":"tag-nice-le-port","36":"tag-nice-liberation","37":"tag-nice-magnan","38":"tag-nice-mantega-mont-boron","39":"tag-nice-pasteur","40":"tag-nice-pessicart","41":"tag-nice-rue-de-france","42":"tag-nice-saint-antoine","43":"tag-nice-saint-augustin","44":"tag-nice-saint-isidore","45":"tag-nice-saint-maurice","46":"tag-nice-saint-pancrace","47":"tag-nice-saint-philippe","48":"tag-nice-saint-pierre-de-feric","49":"tag-nice-saint-roch","50":"tag-nice-saint-roman-de-bellet","51":"tag-nice-saint-sylvestre","52":"tag-nice-sainte-marguerite","53":"tag-nice-thiers","54":"tag-nice-ventabrun","55":"tag-nice-vernier","56":"tag-nice-vinaigrier","57":"tag-ogc-nice","58":"tag-patrimoine","59":"tag-rimiez","60":"tag-riquier","61":"tag-roquebilliere","62":"tag-statue","63":"tag-sud-est","64":"tag-vieux-nice"},"share_on_mastodon":{"url":"","error":"Validation failed: Text character limit of 500 exceeded"},"_links":{"self":[{"href":"https:\/\/www.europesays.com\/fr\/wp-json\/wp\/v2\/posts\/119701","targetHints":{"allow":["GET"]}}],"collection":[{"href":"https:\/\/www.europesays.com\/fr\/wp-json\/wp\/v2\/posts"}],"about":[{"href":"https:\/\/www.europesays.com\/fr\/wp-json\/wp\/v2\/types\/post"}],"author":[{"embeddable":true,"href":"https:\/\/www.europesays.com\/fr\/wp-json\/wp\/v2\/users\/2"}],"replies":[{"embeddable":true,"href":"https:\/\/www.europesays.com\/fr\/wp-json\/wp\/v2\/comments?post=119701"}],"version-history":[{"count":0,"href":"https:\/\/www.europesays.com\/fr\/wp-json\/wp\/v2\/posts\/119701\/revisions"}],"wp:featuredmedia":[{"embeddable":true,"href":"https:\/\/www.europesays.com\/fr\/wp-json\/wp\/v2\/media\/119702"}],"wp:attachment":[{"href":"https:\/\/www.europesays.com\/fr\/wp-json\/wp\/v2\/media?parent=119701"}],"wp:term":[{"taxonomy":"category","embeddable":true,"href":"https:\/\/www.europesays.com\/fr\/wp-json\/wp\/v2\/categories?post=119701"},{"taxonomy":"post_tag","embeddable":true,"href":"https:\/\/www.europesays.com\/fr\/wp-json\/wp\/v2\/tags?post=119701"}],"curies":[{"name":"wp","href":"https:\/\/api.w.org\/{rel}","templated":true}]}}