{"id":119711,"date":"2025-05-22T15:10:14","date_gmt":"2025-05-22T15:10:14","guid":{"rendered":"https:\/\/www.europesays.com\/fr\/119711\/"},"modified":"2025-05-22T15:10:14","modified_gmt":"2025-05-22T15:10:14","slug":"pourquoi-nos-doigts-deviennent-ils-fripes-dans-leau","status":"publish","type":"post","link":"https:\/\/www.europesays.com\/fr\/119711\/","title":{"rendered":"pourquoi nos doigts deviennent-ils frip\u00e9s dans l\u2019eau ?"},"content":{"rendered":"<p>             <a href=\"https:\/\/ma-sante.news\/wp-content\/uploads\/2025\/05\/peau-des-doigts-fripes-a-cause-leau-causes-pourquoi-Ma-Sante.jpg\" data-caption=\"Eh non, la peau des doigts qui se fripent au contact prolong\u00e9 de l&#039;eau n&#039;est pas caus\u00e9e par l&#039;humidit\u00e9 ! \u00a9 Freepik\" target=\"_blank\" rel=\"noopener\"><img loading=\"lazy\" decoding=\"async\" width=\"696\" height=\"464\" class=\"entry-thumb td-modal-image\" src=\"data:image\/svg+xml,%3Csvg%20xmlns=\" http:=\"\" data-lazy- data-lazy- alt=\"Mains frip\u00e9es dans l'eau.\" title=\"peau des doigts frip\u00e9s \u00e0 cause l'eau causes pourquoi Ma Sant\u00e9\" data-lazy-src=\"https:\/\/www.europesays.com\/fr\/wp-content\/uploads\/2025\/05\/peau-des-doigts-fripes-a-cause-leau-causes-pourquoi-Ma-Sante-696x464.jpg\"\/><\/a>Eh non, la peau des doigts qui se fripent au contact prolong\u00e9 de l&rsquo;eau n&rsquo;est pas caus\u00e9e par l&rsquo;humidit\u00e9 ! \u00a9 Freepik                                    \t\t\t             <a class=\"gofollow\" data-track=\"MjgsMCwxLDYw\" href=\"https:\/\/ma-sante.news\/inscrivez-vous-a-notre-newsletter\/\" target=\"_blank\" rel=\"noopener\"><img loading=\"lazy\" decoding=\"async\" width=\"1068\" height=\"131\" src=\"data:image\/svg+xml,%3Csvg%20xmlns=\" http:=\"\" data-lazy-src=\"https:\/\/www.europesays.com\/fr\/wp-content\/uploads\/2025\/03\/banniere-newsletter.png\"\/><\/a> <\/p>\n<p>Non, vos doigts ne gonflent pas d\u2019eau comme une \u00e9ponge us\u00e9e. En r\u00e9alit\u00e9, la peau ne se ride pas simplement parce qu\u2019elle absorbe trop de liquide. Ce que l\u2019on appelle commun\u00e9ment les \u201crides de l\u2019eau\u201d r\u00e9sulte d\u2019un processus neurologique tr\u00e8s pr\u00e9cis.<\/p>\n<p>Des chercheurs britanniques et allemands ont d\u00e9montr\u00e9 que ce ph\u00e9nom\u00e8ne est contr\u00f4l\u00e9 par le syst\u00e8me nerveux autonome, celui-l\u00e0 m\u00eame qui g\u00e8re <a href=\"https:\/\/ma-sante.news\/maladie-cardiaque-comment-eviter-lhypertension-arterielle\/\" target=\"_blank\" rel=\"noopener\">votre rythme cardiaque<\/a> ou votre digestion sans que vous ayez \u00e0 y penser (Science Advances, 2023).<\/p>\n<p>L\u2019exp\u00e9rience est d\u2019ailleurs frappante : des patients souffrant de l\u00e9sions nerveuses aux mains ne d\u00e9veloppent pas ces fameuses rides lors de l\u2019immersion prolong\u00e9e. Preuve que le cerveau a son mot \u00e0 dire\u2026 jusque dans vos bains moussants.<\/p>\n<p>        Une strat\u00e9gie de pr\u00e9hension\u2026 fa\u00e7on nature    <\/p>\n<p>Mais pourquoi la nature aurait-elle jug\u00e9 utile de plisser nos doigts dans l\u2019eau ? Une \u00e9quipe de scientifiques de l\u2019universit\u00e9 de Newcastle a creus\u00e9 la question et la r\u00e9ponse est \u00e9tonnamment pragmatique : les rides am\u00e9liorent l\u2019adh\u00e9rence et la prise en main d\u2019objets humides ou glissants. Un peu comme les pneus de voiture avec leurs rainures pour \u00e9vacuer l\u2019eau. <\/p>\n<p>Leur \u00e9tude, publi\u00e9e dans Biology Letters (2013), montre que des sujets aux doigts frip\u00e9s saisissent plus rapidement des objets mouill\u00e9s que ceux dont les doigts restent lisses. Voil\u00e0 une preuve que l\u2019\u00e9volution ne laisse rien au hasard !<\/p>\n<p>        Et si c\u2019\u00e9tait un avantage \u00e9volutif ?    <\/p>\n<p>Les biologistes avancent une hypoth\u00e8se s\u00e9duisante : nos anc\u00eatres auraient d\u00e9velopp\u00e9 cette fonction pour mieux manipuler des pierres, cueillir des fruits ou marcher sur des surfaces humides sans glisser. Ce serait donc un atout \u00e9volutif ancien, conserv\u00e9 par la s\u00e9lection naturelle, qui nous rend aujourd\u2019hui encore plus habiles dans notre cuisine ou notre baignoire.<\/p>\n<p>Et ce n\u2019est pas de la science-fiction : ce ph\u00e9nom\u00e8ne est tellement r\u00e9gulier qu\u2019il int\u00e9resse aussi les l\u00e9gistes. En m\u00e9decine l\u00e9gale, <a href=\"https:\/\/ma-sante.news\/vieillissement-mais-pourquoi-causes-ralentir-rides\/\" target=\"_blank\" rel=\"noopener\">les motifs des rides <\/a>pourraient m\u00eame devenir des indices pour d\u00e9terminer le temps d\u2019immersion d\u2019un corps retrouv\u00e9 dans l\u2019eau.<\/p>\n<p>        Une dur\u00e9e bien pr\u00e9cise\u2026 et mesurable    <\/p>\n<p>Combien de temps faut-il pour que les rides apparaissent ? En moyenne, environ 5 minutes d\u2019immersion suffisent \u00e0 d\u00e9clencher le ph\u00e9nom\u00e8ne. Mais cela varie selon la temp\u00e9rature de l\u2019eau (plus c\u2019est chaud, plus \u00e7a va vite), et la sensibilit\u00e9 nerveuse de chaque individu.<\/p>\n<p>Le motif form\u00e9 n\u2019est pas al\u00e9atoire non plus. Il suit des lignes sp\u00e9cifiques sur les pulpes des doigts, toujours identiques d\u2019une personne \u00e0 l\u2019autre. Une sorte de signature aquatique\u2026 un peu comme une empreinte digitale temporaire !<\/p>\n<p>        Les rides dans l\u2019eau : un signal de bonne sant\u00e9 ?    <\/p>\n<p>\u00c9tonnamment, la pr\u00e9sence ou l\u2019absence de ces rides peut aussi r\u00e9v\u00e9ler l\u2019\u00e9tat de sant\u00e9 du syst\u00e8me nerveux autonome. Des troubles comme le diab\u00e8te, certaines neuropathies ou la maladie de Parkinson peuvent perturber cette r\u00e9action cutan\u00e9e.<\/p>\n<p>Ainsi, certains m\u00e9decins utilisent ce ph\u00e9nom\u00e8ne dans le cadre de tests neurologiques simples. Une absence de rides pourrait alerter sur un dysfonctionnement nerveux sous-jacent, \u00e0 surveiller de pr\u00e8s.<\/p>\n<blockquote class=\"wp-block-quote is-layout-flow wp-block-quote-is-layout-flow\">\n<p><strong>\u00c0 SAVOIR\u00a0<\/strong><\/p>\n<p>Les scientifiques ont aussi d\u00e9couvert que ce ph\u00e9nom\u00e8ne ne concerne que les mains et les pieds, et pas le reste du corps. Pourquoi ? Parce que seules ces zones sont riches en glandes sudoripares et poss\u00e8dent une concentration \u00e9lev\u00e9e de terminaisons nerveuses, essentielles pour d\u00e9clencher la fameuse vasoconstriction responsable des rides.<\/p>\n<\/blockquote>\n<p>  <a class=\"gofollow\" data-track=\"MTIsMCwxLDYw\" href=\"https:\/\/ma-sante.news\/annonceurs\/\" target=\"_blank\" rel=\"noopener\"><img loading=\"lazy\" decoding=\"async\" width=\"2560\" height=\"2133\" src=\"data:image\/svg+xml,%3Csvg%20xmlns=\" http:=\"\" data-lazy-src=\"https:\/\/www.europesays.com\/fr\/wp-content\/uploads\/2025\/03\/pub-annonceurs-4-scaled.jpg\"\/><\/a>    <img loading=\"lazy\" decoding=\"async\" width=\"755\" height=\"495\" src=\"data:image\/svg+xml,%3Csvg%20xmlns=\" http:=\"\" data-lazy-src=\"https:\/\/www.europesays.com\/fr\/wp-content\/uploads\/2025\/03\/Image1.jpg\"\/>Inscrivez-vous \u00e0 notre newsletter <br \/>Ma Sant\u00e9                      <\/p>\n","protected":false},"excerpt":{"rendered":"Eh non, la peau des doigts qui se fripent au contact prolong\u00e9 de l&rsquo;eau n&rsquo;est pas caus\u00e9e par&hellip;\n","protected":false},"author":2,"featured_media":119712,"comment_status":"","ping_status":"","sticky":false,"template":"","format":"standard","meta":{"footnotes":""},"categories":[10],"tags":[1011,27,72,9854,71],"class_list":{"0":"post-119711","1":"post","2":"type-post","3":"status-publish","4":"format-standard","5":"has-post-thumbnail","7":"category-sante","8":"tag-fr","9":"tag-france","10":"tag-health","11":"tag-peau","12":"tag-sante"},"share_on_mastodon":{"url":"https:\/\/pubeurope.com\/@fr\/114552125934272364","error":""},"_links":{"self":[{"href":"https:\/\/www.europesays.com\/fr\/wp-json\/wp\/v2\/posts\/119711","targetHints":{"allow":["GET"]}}],"collection":[{"href":"https:\/\/www.europesays.com\/fr\/wp-json\/wp\/v2\/posts"}],"about":[{"href":"https:\/\/www.europesays.com\/fr\/wp-json\/wp\/v2\/types\/post"}],"author":[{"embeddable":true,"href":"https:\/\/www.europesays.com\/fr\/wp-json\/wp\/v2\/users\/2"}],"replies":[{"embeddable":true,"href":"https:\/\/www.europesays.com\/fr\/wp-json\/wp\/v2\/comments?post=119711"}],"version-history":[{"count":0,"href":"https:\/\/www.europesays.com\/fr\/wp-json\/wp\/v2\/posts\/119711\/revisions"}],"wp:featuredmedia":[{"embeddable":true,"href":"https:\/\/www.europesays.com\/fr\/wp-json\/wp\/v2\/media\/119712"}],"wp:attachment":[{"href":"https:\/\/www.europesays.com\/fr\/wp-json\/wp\/v2\/media?parent=119711"}],"wp:term":[{"taxonomy":"category","embeddable":true,"href":"https:\/\/www.europesays.com\/fr\/wp-json\/wp\/v2\/categories?post=119711"},{"taxonomy":"post_tag","embeddable":true,"href":"https:\/\/www.europesays.com\/fr\/wp-json\/wp\/v2\/tags?post=119711"}],"curies":[{"name":"wp","href":"https:\/\/api.w.org\/{rel}","templated":true}]}}