{"id":119726,"date":"2025-05-22T15:18:11","date_gmt":"2025-05-22T15:18:11","guid":{"rendered":"https:\/\/www.europesays.com\/fr\/119726\/"},"modified":"2025-05-22T15:18:11","modified_gmt":"2025-05-22T15:18:11","slug":"loire-patrons-experts-createurs-se-sont-rencontres-au-forum-de-lentrepreneuriat-de-saint-etienne","status":"publish","type":"post","link":"https:\/\/www.europesays.com\/fr\/119726\/","title":{"rendered":"Loire. Patrons, experts, cr\u00e9ateurs&#8230; se sont rencontr\u00e9s au forum de l\u2019entrepreneuriat de Saint-\u00c9tienne"},"content":{"rendered":"<p>Ouverte \u00e0 tous les \u00ab porteurs de projet, cr\u00e9ateurs, repreneurs et chefs d\u2019entreprise\u00a0\u00bb, cette \u00e9dition 2025 suivait le fil rouge de l&rsquo;\u00ab entrepreneuriat magnifique\u00a0\u00bb, explorant \u00ab les synergies entre art et entrepreneuriat\u00a0\u00bb et sublimant \u00ab l\u2019entrepreneuriat comme acte de cr\u00e9ation\u00a0\u00bb.<\/p>\n<p>Les arrivants pouvaient rejoindre les \u00ab\u00a0villages\u00a0\u00bb th\u00e9matiques suivant un parcours allant du \u00ab d\u00e9marrage\u00a0\u00bb (\u00e9tude de march\u00e9, d\u00e9finition du projet) au \u00ab d\u00e9but d\u2019activit\u00e9\u00a0\u00bb (rencontres d\u2019experts et conseils personnalis\u00e9s) durant lequel ils \u00e9changaient tour \u00e0 tour avec des partenaires sp\u00e9cialis\u00e9s.<\/p>\n<p>Des salles de conf\u00e9rences abritent toute la journ\u00e9e un programme de formations et d\u2019expos\u00e9s en lien avec l\u2019\u00e9cosyst\u00e8me entrepreneurial local. Des \u00ab meet-up\u00a0\u00bb ont permis des \u00e9changes en petits groupes avec des experts, autour des domaines de la cr\u00e9ation d\u2019entreprise.<\/p>\n<p>  \u00ab\u00a0On y rencontre des coll\u00e8gues, partenaires, futurs clients\u2026\u00a0\u00bb<\/p>\n<p>Ekpe Kossi Kougnigban, pr\u00e9sent pour l\u2019association La Folie des Gandoles, porte <a href=\"https:\/\/www.leprogres.fr\/economie\/2024\/01\/13\/en-boite-le-plat-les-premieres-boites-consignees-arrivent-dans-les-restos\" target=\"_blank\" rel=\"nofollow noopener\">le projet \u00ab En bo\u00eete le plat\u00a0\u00bb<\/a>, proposant une solution pour r\u00e9guler les d\u00e9chets issus de la restauration. Il esp\u00e8re structurer localement l\u2019association autour d\u2019un r\u00e9seau de restaurants partenaires. La mise en circulation de bo\u00eetes en verre consign\u00e9es est au c\u0153ur du projet. Pour Ekpe Kossi Kougnigban, la journ\u00e9e a \u00e9t\u00e9 l\u2019occasion de \u00ab prises de contacts et d\u2019\u00e9changes avec des experts pour enrichir notre r\u00e9flexion\u00a0\u00bb.<\/p>\n<p>D\u2019autres ateliers \u00e9taient \u00e9galement propos\u00e9s, tel que \u00ab Pitch ton projet\u00a0\u00bb\u00a0: pendant 15 minutes, l\u2019entrepreneur exposait son concept \u00e0 des professionnels. C\u2019est notamment le cas de Hazen Nader, venu pr\u00e9senter son incubateur destin\u00e9 aux free-lances avec son agence de marketing digital, Nadermedia\u00a0: \u00ab C\u2019est la troisi\u00e8me ann\u00e9e que je me rends sur le forum. On y rencontre des coll\u00e8gues, partenaires, futurs clients\u2026 Le retour au terrain est important\u00a0\u00bb.<\/p>\n<p>Hazen Nader compte d\u00e9j\u00e0 plusieurs clients sur Saint-\u00c9tienne et alentours. Malgr\u00e9 un contexte \u00e9conomique intimidant, Hazen Nader est optimiste\u00a0: \u00ab La responsabilit\u00e9 et la libert\u00e9, c\u2019est le prix \u00e0 payer pour \u00eatre entrepreneur\u00a0!\u00a0\u00bb.<\/p>\n","protected":false},"excerpt":{"rendered":"Ouverte \u00e0 tous les \u00ab porteurs de projet, cr\u00e9ateurs, repreneurs et chefs d\u2019entreprise\u00a0\u00bb, cette \u00e9dition 2025 suivait le&hellip;\n","protected":false},"author":2,"featured_media":119727,"comment_status":"","ping_status":"","sticky":false,"template":"","format":"standard","meta":{"footnotes":""},"categories":[9653],"tags":[1111,11,2430,33,7539,1777,674,1011,27,3367,12,25,4001,7538,216],"class_list":{"0":"post-119726","1":"post","2":"type-post","3":"status-publish","4":"format-standard","5":"has-post-thumbnail","7":"category-saint-etienne","8":"tag-actu","9":"tag-actualites","10":"tag-auvergne-rhone-alpes","11":"tag-economie","12":"tag-edition-loire-sud","13":"tag-eu","14":"tag-europe","15":"tag-fr","16":"tag-france","17":"tag-loire","18":"tag-news","19":"tag-republique-francaise","20":"tag-saint-etienne","21":"tag-saint-etienne-ville","22":"tag-vie-des-entreprises"},"share_on_mastodon":{"url":"https:\/\/pubeurope.com\/@fr\/114552157511275346","error":""},"_links":{"self":[{"href":"https:\/\/www.europesays.com\/fr\/wp-json\/wp\/v2\/posts\/119726","targetHints":{"allow":["GET"]}}],"collection":[{"href":"https:\/\/www.europesays.com\/fr\/wp-json\/wp\/v2\/posts"}],"about":[{"href":"https:\/\/www.europesays.com\/fr\/wp-json\/wp\/v2\/types\/post"}],"author":[{"embeddable":true,"href":"https:\/\/www.europesays.com\/fr\/wp-json\/wp\/v2\/users\/2"}],"replies":[{"embeddable":true,"href":"https:\/\/www.europesays.com\/fr\/wp-json\/wp\/v2\/comments?post=119726"}],"version-history":[{"count":0,"href":"https:\/\/www.europesays.com\/fr\/wp-json\/wp\/v2\/posts\/119726\/revisions"}],"wp:featuredmedia":[{"embeddable":true,"href":"https:\/\/www.europesays.com\/fr\/wp-json\/wp\/v2\/media\/119727"}],"wp:attachment":[{"href":"https:\/\/www.europesays.com\/fr\/wp-json\/wp\/v2\/media?parent=119726"}],"wp:term":[{"taxonomy":"category","embeddable":true,"href":"https:\/\/www.europesays.com\/fr\/wp-json\/wp\/v2\/categories?post=119726"},{"taxonomy":"post_tag","embeddable":true,"href":"https:\/\/www.europesays.com\/fr\/wp-json\/wp\/v2\/tags?post=119726"}],"curies":[{"name":"wp","href":"https:\/\/api.w.org\/{rel}","templated":true}]}}