{"id":119728,"date":"2025-05-22T15:19:11","date_gmt":"2025-05-22T15:19:11","guid":{"rendered":"https:\/\/www.europesays.com\/fr\/119728\/"},"modified":"2025-05-22T15:19:11","modified_gmt":"2025-05-22T15:19:11","slug":"la-biennale-du-design-renoue-avec-ses-premieres-amours","status":"publish","type":"post","link":"https:\/\/www.europesays.com\/fr\/119728\/","title":{"rendered":"La Biennale du design renoue avec ses premi\u00e8res amours"},"content":{"rendered":"<p class=\"is-style-chapo\">Depuis sa cr\u00e9ation par Jacques Bonnaval en 1998, la Biennale internationale du design a connu des hauts et des bas. Pour cette 13\u00e8me \u00e9dition, intitul\u00e9e ressource(s), pr\u00e9sager demain, les organisateurs avaient pour mission de renouer avec l\u2019esprit des premi\u00e8res \u00e9ditions, en proposant une biennale davantage accessible, festive et recentr\u00e9e autour de l\u2019objet\u2026 le tout avec un budget revu \u00e0 la baisse.<\/p>\n<p><img fetchpriority=\"high\" decoding=\"async\" width=\"1024\" height=\"576\" src=\"https:\/\/www.europesays.com\/fr\/wp-content\/uploads\/2025\/05\/IMG_0130-1024x576.jpg\" alt=\"Biennale design\" class=\"wp-image-79309\"  \/>C\u2019est parti pour cette 13\u00e8me \u00e9dition jusqu\u2019au 6 juillet. \u00a9JT\/ If Saint-Etienne.<\/p>\n<p>\u00ab On est tous concern\u00e9 par le design, via la voiture, le t\u00e9l\u00e9phone, le grille-pain, la chaise sur laquelle on s\u2019assoit\u2026 C\u2019est vrai qu\u2019il y a eu des biennales compl\u00e8tement prises de t\u00eate, on est bien conscients de \u00e7a, on y travaille \u00bb, nous d\u00e9clarait le directeur de l\u2019EPCC Cit\u00e9 du Design, <a href=\"https:\/\/www.if-saint-etienne.fr\/culture-loisirs\/eric-jourdan-parler-de-design-sans-designers-cest-termine\" target=\"_blank\" rel=\"noopener\">Eric Jourdan<\/a>, en ao\u00fbt dernier lors d\u2019une interview. Huit mois plus tard, et apr\u00e8s trois ans d\u2019absence, la <a href=\"https:\/\/www.biennale-design.com\/saint-etienne\/2025\/\" target=\"_blank\" rel=\"noreferrer noopener\">Biennale<\/a> internationale du design de Saint-Etienne est officiellement lanc\u00e9e, jusqu\u2019au 6 juillet. <\/p>\n<p>Apr\u00e8s l\u2019\u00e9chec de la 12\u00e8me \u00e9dition, la mission des organisateurs \u00e9tait claire : renouer avec le grand public, en particulier st\u00e9phanois, cr\u00e9er l\u2019\u00e9v\u00e9nement, le tout avec un budget revu \u00e0 la baisse. Alors le pari est-il r\u00e9ussi pour celle appel\u00e9e par certains St\u00e9phanois \u00ab la Biennale de la derni\u00e8re chance \u00bb ?<\/p>\n<p>3 600 m\u00e8tres carr\u00e9s d\u2019expo<\/p>\n<p>Mercredi 21 mai, nous avons pu assister \u00e0 l\u2019inauguration de cette nouvelle \u00e9dition \u00e0 laquelle pas moins de 275 designers participent \u00e0 neuf expositions sur les sites de la Platine, la Cit\u00e9 du design, et, nouveaut\u00e9 cette ann\u00e9e, de la friche industrielle des Halles Barrouin. Au total, 3 600 m\u00e8tres carr\u00e9s d\u2019expositions, et 300 projets ou objets expos\u00e9s. Car oui, cette Biennale fait la part belle aux objets. <\/p>\n<p>D\u2019abord au sein de la Platine, avec notamment les expositions Cr\u00e9er en Arm\u00e9nie, pays invit\u00e9 de cette \u00e9dition, ou encore Qui \u00eates-vous Raymond Guidot, qui rend hommage \u00e0 cet ing\u00e9nieur en design et enseignant en pr\u00e9sentant ses archives \u00e0 travers des prototypes, maquettes et photographies. L\u2019existant y est pr\u00e9sent\u00e9 comme ressource. On retrouve facilement la th\u00e9matique choisie par les organisateurs au sein des diff\u00e9rents espaces et projets qui sont propos\u00e9s au visiteur. Ici, on s\u2019int\u00e9resse \u00e0 l\u2019upcycling, l\u00e0, on repense les fili\u00e8res, puis plus loin, on cherche \u00e0 savoir comment l\u2019IA doit \u00eatre consid\u00e9r\u00e9e pour le designer.<\/p>\n<p>Mettre en avant les talents du territoire<\/p>\n<p>Puis, c\u2019est dans les Halles Barrouin, r\u00e9quisitionn\u00e9es en raison des travaux sur le b\u00e2timent H de la Cit\u00e9 du design, que l\u2019on peut d\u00e9couvrir l\u2019exposition principale, mise en avant par la sc\u00e9nographie color\u00e9e du designer Joachim Jirou-Najou. Laurence Salmon, directrice scientifique de la <a href=\"https:\/\/www.if-saint-etienne.fr\/culture-loisirs\/biennale-du-design-renouer-avec-lesprit-fondateur\" target=\"_blank\" rel=\"noreferrer noopener\">Biennale<\/a> et commissaire g\u00e9n\u00e9rale de l\u2019exposition principale l\u2019assure\u00a0: \u00ab\u00a0Elle permet de d\u00e9couvrir des id\u00e9es neuves, car le design est une ressource et les designers ne manquent pas de ressource\u00a0\u00bb. Des ressources choisies avec soin jusque dans la boutique imagin\u00e9e par le studio Num\u00e9ro 111, con\u00e7ue dans un souci d\u2019usage raisonn\u00e9e des mati\u00e8res. L\u2019accent est aussi mis sur le local, gr\u00e2ce au travail des \u00e9tudiants de l\u2019Ecole sup\u00e9rieure d\u2019art et design de Saint-Etienne (Esadse) \u00e0 travers la Fab\u00e9cole, qui pr\u00e9sente des prototypes r\u00e9alis\u00e9s en collaboration avec des entreprises du territoire, comme le porte-bouteille en cuir v\u00e9g\u00e9tal.<\/p>\n<p>Hors les murs, le dispositif Bancs d\u2019essai est de retour place Waldeck-Rousseau, mais aussi dans les communes de La Grand\u2019Croix ou encore Chateauneuf. Des bancs imagin\u00e9s par d\u2019anciens \u00e9l\u00e8ves, en collaboration avec des entreprises r\u00e9gionales. L\u2019une des propositions les plus palpables. Dire que la totalit\u00e9 des propositions de cette 13\u00e8me Biennale est accessible \u00e0 un public de n\u00e9ophytes comme nous le sommes reste difficile. N\u00e9anmoins, gr\u00e2ce \u00e0 un programme plus riche et plus festif, tous les publics pourront y trouver leur compte.<\/p>\n<p>Biennale en f\u00eate<\/p>\n<p>Durant les six week-ends du 24 mai au 29 juin, de nombreuses animations gratuites sont organis\u00e9es dans le cadre de la Biennale. <\/p>\n<p>Parmi elles, une f\u00eate foraine loufoque r\u00e9alis\u00e9e \u00e0 partir de mat\u00e9riaux de r\u00e9cup\u00e9ration, ou une installation de feu \u00e0 voir samedi 24 mai de 21h30 \u00e0 minuit.<br \/>Les 30 et 1er juin, c\u2019est le festival d\u2019arts de la rue Compl\u00e8tement gaga qui fera \u00e9tape \u00e0 la Cit\u00e9 du design pour proposer quatre spectacles.<br \/>Samedi 7 et dimanche 8 juin, un march\u00e9 de cr\u00e9ateurs prendra place avec de nombreux ateliers d\u2019initiation propos\u00e9s. En parall\u00e8le, un d\u00e9fil\u00e9 de mode aura lieu pour pr\u00e9senter le travail des \u00e9l\u00e8ves du lyc\u00e9e des M\u00e9tiers de la mode Adrien Testud, qui sera r\u00e9alis\u00e9 \u00e0 partir de mati\u00e8res de r\u00e9cup\u00e9ration. <\/p>\n<p>Les 14 et 15 juin seront ax\u00e9s autour du bien-\u00eatre. Le week-end suivant, la Biennale f\u00eatera la musique et enfin, les 28 et 29 juin, friperies, disquaires antiquaires et brocanteurs seront r\u00e9unis pour terminer cette \u00e9dition.<\/p>\n<p><img loading=\"lazy\" decoding=\"async\" width=\"1024\" height=\"576\" src=\"https:\/\/www.europesays.com\/fr\/wp-content\/uploads\/2025\/05\/IMG_1369-1024x576.jpg\" alt=\"\" class=\"wp-image-79313\"  \/>\u00a9JT\/ If Saint-Etienne.<\/p>\n","protected":false},"excerpt":{"rendered":"Depuis sa cr\u00e9ation par Jacques Bonnaval en 1998, la Biennale internationale du design a connu des hauts et&hellip;\n","protected":false},"author":2,"featured_media":119729,"comment_status":"","ping_status":"","sticky":false,"template":"","format":"standard","meta":{"footnotes":""},"categories":[9653],"tags":[1111,11,2430,24095,24096,24097,24098,23340,24099,24100,1777,674,1011,27,24101,24102,12,25,4001],"class_list":{"0":"post-119728","1":"post","2":"type-post","3":"status-publish","4":"format-standard","5":"has-post-thumbnail","7":"category-saint-etienne","8":"tag-actu","9":"tag-actualites","10":"tag-auvergne-rhone-alpes","11":"tag-biennale-design","12":"tag-biennale-internationale-design","13":"tag-biennale-internationale-design-saint-etienne-2025","14":"tag-cite-du-design","15":"tag-creatif","16":"tag-eric-jourdan","17":"tag-esadse","18":"tag-eu","19":"tag-europe","20":"tag-fr","21":"tag-france","22":"tag-laurence-salmon","23":"tag-marc-chassaubene","24":"tag-news","25":"tag-republique-francaise","26":"tag-saint-etienne"},"share_on_mastodon":{"url":"https:\/\/pubeurope.com\/@fr\/114552161316891917","error":""},"_links":{"self":[{"href":"https:\/\/www.europesays.com\/fr\/wp-json\/wp\/v2\/posts\/119728","targetHints":{"allow":["GET"]}}],"collection":[{"href":"https:\/\/www.europesays.com\/fr\/wp-json\/wp\/v2\/posts"}],"about":[{"href":"https:\/\/www.europesays.com\/fr\/wp-json\/wp\/v2\/types\/post"}],"author":[{"embeddable":true,"href":"https:\/\/www.europesays.com\/fr\/wp-json\/wp\/v2\/users\/2"}],"replies":[{"embeddable":true,"href":"https:\/\/www.europesays.com\/fr\/wp-json\/wp\/v2\/comments?post=119728"}],"version-history":[{"count":0,"href":"https:\/\/www.europesays.com\/fr\/wp-json\/wp\/v2\/posts\/119728\/revisions"}],"wp:featuredmedia":[{"embeddable":true,"href":"https:\/\/www.europesays.com\/fr\/wp-json\/wp\/v2\/media\/119729"}],"wp:attachment":[{"href":"https:\/\/www.europesays.com\/fr\/wp-json\/wp\/v2\/media?parent=119728"}],"wp:term":[{"taxonomy":"category","embeddable":true,"href":"https:\/\/www.europesays.com\/fr\/wp-json\/wp\/v2\/categories?post=119728"},{"taxonomy":"post_tag","embeddable":true,"href":"https:\/\/www.europesays.com\/fr\/wp-json\/wp\/v2\/tags?post=119728"}],"curies":[{"name":"wp","href":"https:\/\/api.w.org\/{rel}","templated":true}]}}