{"id":119732,"date":"2025-05-22T15:21:11","date_gmt":"2025-05-22T15:21:11","guid":{"rendered":"https:\/\/www.europesays.com\/fr\/119732\/"},"modified":"2025-05-22T15:21:11","modified_gmt":"2025-05-22T15:21:11","slug":"nancy-cest-parti-pour-le-championnat-de-france-de-football-des-sapeurs-pompiers","status":"publish","type":"post","link":"https:\/\/www.europesays.com\/fr\/119732\/","title":{"rendered":"Nancy. C\u2019est parti pour le championnat de France de football des sapeurs-pompiers"},"content":{"rendered":"<p>Ce jeudi matin, la <a href=\"https:\/\/www.estrepublicain.fr\/p\/place-stanislas\" target=\"_blank\" rel=\"noopener\">place Stanislas<\/a> a \u00e9t\u00e9 le th\u00e9\u00e2tre de la c\u00e9r\u00e9monie d\u2019ouverture du 34e championnat de France de football des sapeurs-pompiers. Organis\u00e9s pour la premi\u00e8re fois \u00e0 <a href=\"https:\/\/www.estrepublicain.fr\/edition-nancy-et-agglomeration\" target=\"_blank\" rel=\"noopener\">Nancy,<\/a> les petits plats ont \u00e9t\u00e9 mis dans les grands par le SDIS 54 (le service d\u00e9partemental d\u2019incendie et de secours) et l\u2019AFSP 54 (association de football des sapeurs-pompiers), pour faire rayonner le d\u00e9partement.<\/p>\n<p>Durant trois jours, 23 \u00e9quipes, qui repr\u00e9sentent 23 d\u00e9partements fran\u00e7ais dont ceux d\u2019Outre-Mer, s\u2019affrontent pour d\u00e9terminer qui repartira avec le troph\u00e9e de champion de National 1, et celui du fair-play.<\/p>\n<p>  Des matches \u00e0 Marcel-Picot<\/p>\n<p>Pour ce faire, les pompiers, tout statut confondu, auront l\u2019honneur de fouler la pelouse du stade Marcel-Picot et de ses annexes. \u00ab\u00a0Jouer \u00e0 Picot am\u00e8ne un peu plus de pression car on va penser \u00e0 <a href=\"https:\/\/www.estrepublicain.fr\/sport\/asnl\" target=\"_blank\" rel=\"noopener\">l\u2019ASNL,<\/a> \u00e0 nos anciennes l\u00e9gendes comme Platini alors que nous ne sommes que des amateurs\u00a0\u00bb, glisse Robert Claus, s\u00e9lectionneur de l\u2019\u00e9quipe locale. Malgr\u00e9 cette petite pression, c\u2019est une fiert\u00e9 pour tous d\u2019accueillir cette comp\u00e9tition. \u00ab\u00a0C\u2019est un \u00e9v\u00e8nement particulier pour tous les sapeurs-pompiers, toute la France est repr\u00e9sent\u00e9e et on rencontre nos pairs.\u00a0\u00bb<\/p>\n<p>En effet, une minute de silence a \u00e9t\u00e9 observ\u00e9e pour les pompiers d\u00e9c\u00e9d\u00e9s ainsi que des applaudissements pour ceux venus de <a href=\"https:\/\/www.estrepublicain.fr\/environnement\/2024\/12\/25\/la-confusion-regne-sur-l-ile-devastee-l-evacuation-des-fonctionnaires-passe-mal\" target=\"_blank\" rel=\"noopener\">Mayotte<\/a> \u00a0ce jeudi matin.<\/p>\n<p>Pour en revenir au championnat, les matches dureront 30 minutes et seront arbitr\u00e9s par des arbitres officiels, fournis par la ligue. Cette ann\u00e9e, le parrain n\u2019est autre qu\u2019 <a href=\"https:\/\/www.estrepublicain.fr\/culture-loisirs\/2024\/07\/28\/je-me-considere-chanceux-d-avoir-vecu-les-jeux-olympiques\" target=\"_blank\" rel=\"noopener\">Olivier Rouyer, ancien rouge et blanc.<\/a> \u00a0Le\u00a0verre\u00a0de\u00a0l\u2019amiti\u00e9\u00a0partag\u00e9 au c\u0153ur de la ville, les premiers matches ont d\u00e9but\u00e9 \u00e0 16\u00a0h et se poursuivront jusqu\u2019\u00e0 samedi soir.<\/p>\n","protected":false},"excerpt":{"rendered":"Ce jeudi matin, la place Stanislas a \u00e9t\u00e9 le th\u00e9\u00e2tre de la c\u00e9r\u00e9monie d\u2019ouverture du 34e championnat de&hellip;\n","protected":false},"author":2,"featured_media":119733,"comment_status":"","ping_status":"","sticky":false,"template":"","format":"standard","meta":{"footnotes":""},"categories":[9635],"tags":[1111,11,1687,1704,1777,674,1011,27,775,1702,1703,12,25],"class_list":{"0":"post-119732","1":"post","2":"type-post","3":"status-publish","4":"format-standard","5":"has-post-thumbnail","7":"category-nancy","8":"tag-actu","9":"tag-actualites","10":"tag-culture-loisirs","11":"tag-edition-nancy-et-agglomeration","12":"tag-eu","13":"tag-europe","14":"tag-fr","15":"tag-france","16":"tag-grand-est","17":"tag-nancy","18":"tag-nancy-ville-54b","19":"tag-news","20":"tag-republique-francaise"},"share_on_mastodon":{"url":"https:\/\/pubeurope.com\/@fr\/114552168941452839","error":""},"_links":{"self":[{"href":"https:\/\/www.europesays.com\/fr\/wp-json\/wp\/v2\/posts\/119732","targetHints":{"allow":["GET"]}}],"collection":[{"href":"https:\/\/www.europesays.com\/fr\/wp-json\/wp\/v2\/posts"}],"about":[{"href":"https:\/\/www.europesays.com\/fr\/wp-json\/wp\/v2\/types\/post"}],"author":[{"embeddable":true,"href":"https:\/\/www.europesays.com\/fr\/wp-json\/wp\/v2\/users\/2"}],"replies":[{"embeddable":true,"href":"https:\/\/www.europesays.com\/fr\/wp-json\/wp\/v2\/comments?post=119732"}],"version-history":[{"count":0,"href":"https:\/\/www.europesays.com\/fr\/wp-json\/wp\/v2\/posts\/119732\/revisions"}],"wp:featuredmedia":[{"embeddable":true,"href":"https:\/\/www.europesays.com\/fr\/wp-json\/wp\/v2\/media\/119733"}],"wp:attachment":[{"href":"https:\/\/www.europesays.com\/fr\/wp-json\/wp\/v2\/media?parent=119732"}],"wp:term":[{"taxonomy":"category","embeddable":true,"href":"https:\/\/www.europesays.com\/fr\/wp-json\/wp\/v2\/categories?post=119732"},{"taxonomy":"post_tag","embeddable":true,"href":"https:\/\/www.europesays.com\/fr\/wp-json\/wp\/v2\/tags?post=119732"}],"curies":[{"name":"wp","href":"https:\/\/api.w.org\/{rel}","templated":true}]}}