{"id":119741,"date":"2025-05-22T15:26:15","date_gmt":"2025-05-22T15:26:15","guid":{"rendered":"https:\/\/www.europesays.com\/fr\/119741\/"},"modified":"2025-05-22T15:26:15","modified_gmt":"2025-05-22T15:26:15","slug":"une-clean-walk-a-linitiative-du-conseil-municipal-denfants","status":"publish","type":"post","link":"https:\/\/www.europesays.com\/fr\/119741\/","title":{"rendered":"Une clean walk \u00e0 l&rsquo;initiative du Conseil municipal d&rsquo;enfants"},"content":{"rendered":"\n<p>         Th\u00e8me d\u2019actualit\u00e9\u00a0:\u00a0       <\/p>\n<p>Le groupe \u00ab\u00a0Centre-ville rive droite\u00a0\u00bb de la Commission Environnement du Conseil municipal d&rsquo;enfants est \u00e0 l&rsquo;origine d&rsquo;une op\u00e9ration\u00a0citoyenne qui s&rsquo;est d\u00e9roul\u00e9e\u00a0ce\u00a0mercredi 21 mai 2025 : une clean walk a r\u00e9uni 13 enfants et 15 adultes, en pr\u00e9sence des associations Greenpeace et Cardere (Centre d&rsquo;action r\u00e9gional de d\u00e9veloppement et d&rsquo;\u00e9ducation relative \u00e0 l&rsquo;environnement).<\/p>\n<p>De 14h \u00e0 16h, les participants\u00a0sont intervenus sur le site du complexe sportif Saint-Exup\u00e9ry, autour du stade. Leur chasse aux\u00a0d\u00e9chets s&rsquo;est un peu \u00e9tendue \u00e0 la promenade du Robec. R\u00e9sultat\u00a0: une douzaine de sacs de d\u00e9chets \u00e9vacu\u00e9s de l&rsquo;\u00e9crin de verdure. Et un petit go\u00fbter partag\u00e9 bien m\u00e9rit\u00e9 \u00e0 l&rsquo;accueil de loisirs Le Petit Prince.<\/p>\n<p><img decoding=\"async\" alt=\"3520614073993331582_1.jpg\" src=\"https:\/\/www.europesays.com\/fr\/wp-content\/uploads\/2025\/05\/3520614073993331582_1.jpg\"\/><\/p>\n<p>\u00a9 Lucie Chauvir\u00e9<\/p>\n","protected":false},"excerpt":{"rendered":"Th\u00e8me d\u2019actualit\u00e9\u00a0:\u00a0 Le groupe \u00ab\u00a0Centre-ville rive droite\u00a0\u00bb de la Commission Environnement du Conseil municipal d&rsquo;enfants est \u00e0 l&rsquo;origine&hellip;\n","protected":false},"author":2,"featured_media":119742,"comment_status":"","ping_status":"","sticky":false,"template":"","format":"standard","meta":{"footnotes":""},"categories":[9587],"tags":[1111,11,1777,674,1011,27,12,5161,25,9590],"class_list":{"0":"post-119741","1":"post","2":"type-post","3":"status-publish","4":"format-standard","5":"has-post-thumbnail","7":"category-rouen","8":"tag-actu","9":"tag-actualites","10":"tag-eu","11":"tag-europe","12":"tag-fr","13":"tag-france","14":"tag-news","15":"tag-normandie","16":"tag-republique-francaise","17":"tag-rouen"},"share_on_mastodon":{"url":"https:\/\/pubeurope.com\/@fr\/114552188606401446","error":""},"_links":{"self":[{"href":"https:\/\/www.europesays.com\/fr\/wp-json\/wp\/v2\/posts\/119741","targetHints":{"allow":["GET"]}}],"collection":[{"href":"https:\/\/www.europesays.com\/fr\/wp-json\/wp\/v2\/posts"}],"about":[{"href":"https:\/\/www.europesays.com\/fr\/wp-json\/wp\/v2\/types\/post"}],"author":[{"embeddable":true,"href":"https:\/\/www.europesays.com\/fr\/wp-json\/wp\/v2\/users\/2"}],"replies":[{"embeddable":true,"href":"https:\/\/www.europesays.com\/fr\/wp-json\/wp\/v2\/comments?post=119741"}],"version-history":[{"count":0,"href":"https:\/\/www.europesays.com\/fr\/wp-json\/wp\/v2\/posts\/119741\/revisions"}],"wp:featuredmedia":[{"embeddable":true,"href":"https:\/\/www.europesays.com\/fr\/wp-json\/wp\/v2\/media\/119742"}],"wp:attachment":[{"href":"https:\/\/www.europesays.com\/fr\/wp-json\/wp\/v2\/media?parent=119741"}],"wp:term":[{"taxonomy":"category","embeddable":true,"href":"https:\/\/www.europesays.com\/fr\/wp-json\/wp\/v2\/categories?post=119741"},{"taxonomy":"post_tag","embeddable":true,"href":"https:\/\/www.europesays.com\/fr\/wp-json\/wp\/v2\/tags?post=119741"}],"curies":[{"name":"wp","href":"https:\/\/api.w.org\/{rel}","templated":true}]}}