{"id":119745,"date":"2025-05-22T15:29:15","date_gmt":"2025-05-22T15:29:15","guid":{"rendered":"https:\/\/www.europesays.com\/fr\/119745\/"},"modified":"2025-05-22T15:29:15","modified_gmt":"2025-05-22T15:29:15","slug":"grenoble-spectacles-concerts-et-plus-ce-week-end-des-24-25-mai-2025","status":"publish","type":"post","link":"https:\/\/www.europesays.com\/fr\/119745\/","title":{"rendered":"Grenoble : spectacles, concerts et plus ce week-end des 24-25 mai 2025"},"content":{"rendered":"<p>Le week-end \u00e0 Grenoble et dans les communes voisines se veut une nouvelle fois riche en \u00e9v\u00e9nements culturels. Voici la s\u00e9lection de la r\u00e9daction pour le samedi 24 mai et le dimanche 25 mai 2025. <\/p>\n<p>Rire avec des clowns \u00e0 Grenoble <img decoding=\"async\" alt=\"\" data-zoomable=\"\" height=\"3019\" loading=\"lazy\" src=\"https:\/\/www.europesays.com\/fr\/wp-content\/uploads\/2025\/05\/man-person-people-red-artist-profession-960253-pxherecom.jpg\" title=\"\u00a9 PxHere - la compagnie D\u00e9sordre Imaginaire et Le Prunier sauvage coorganisent la 11e \u00e9dition du festival du num\u00e9ro de clown.\" width=\"2000\"\/> \u00a9 PxHere &#8211; la compagnie D\u00e9sordre Imaginaire et Le Prunier sauvage coorganisent la 11e \u00e9dition du festival du num\u00e9ro de clown \u00e0 Grenoble. <\/p>\n<p>La compagnie D\u00e9sordre imaginaire, en partenariat avec le Prunier sauvage, organise la 11e \u00e9dition<strong>\u00a0<\/strong>du <strong>festival du num\u00e9ro de clown \u00e0 Grenoble<\/strong>. L&rsquo;\u00e9v\u00e9nement se d\u00e9cline jusqu&rsquo;\u00e0 ce samedi 24 mai, sous le chapiteau du parc des arts (parvis c\u00f4t\u00e9 <strong>stade Bachelard<\/strong>). Au programme, \u00e0 19h30 :\u00a0 <\/p>\n<p>Vendredi 23 mai : Les T\u00e9moins par la compagnie A Nariguda, Monsieur Lune, de Gilles R\u00e9my, Gaia Ma Orkestra par la compagnie Gaia Ma, Gravier sur plateau de la compagnie Mi-Ride Mi-Raison, La Pr\u00e9paration du F\u00fbt-F\u00fct collectif, Le Gymnaste par Camilo Clown, Monsieur Franck de la compagnie Estomaqu\u00e9es et Candle and gargle d&rsquo;Ugo Sanchez Jr. <\/p>\n<p>Samedi 24 mai : La Tache, par la compagnie \u00e9ponyme, Les T\u00e9moins duo, par la compagnie A Nariguda, Kristin &amp; Gustina chantent l&rsquo;amour, par la compagnie la Bouilloire, Gravier sur plateau, Carcaza en Des-Concierto par la Carcazas Circus company, Candle and Gargle et Sortez les mouchoirs de Clara Urio. <\/p>\n<p>A voir \u00e9galement une <strong>exposition photographique<\/strong>, Un regard de clown, d&rsquo;Olivier Pascal ou encore le Photomatronche animation loufoque par la compagnie Clown de toi.<\/p>\n<p><strong>Pratique<\/strong> <\/p>\n<p>Parc Bachelard, 63, rue Albert-Reynier \u00e0 Grenoble. Programme complet r\u00e9servations : <a class=\"invalid-link\" href=\"http:\/\/www.lepruniersauvage.com\/billetterie\" rel=\"noopener\" target=\"_blank\">ici<\/a>.\u00a0<\/p>\n<p>  Assister \u00e0 la cl\u00f4ture du festival des arts du r\u00e9cit \u00e0 Grenoble et \u00e0 Saint-Martin-d&rsquo;H\u00e8res <\/p>\n<p>Le <a href=\"https:\/\/mesinfos.fr\/auvergne-rhone-alpes\/festival-des-arts-du-recit-en-isere-10-jours-de-spectacles-pour-toute-la-famille-222235.html\" rel=\"noopener\" target=\"_blank\">festival des arts du r\u00e9cit<\/a> touche \u00e0 sa fin avec deux derniers spectacles programm\u00e9s vendredi 23 mai. <\/p>\n<p>Le premier se d\u00e9roulera au <strong>th\u00e9\u00e2tre Sainte-Marie-d&rsquo;en-Bas<\/strong> \u00e0 Grenoble, \u00e0 18h. Il s&rsquo;agit d&rsquo;un <strong>r\u00e9cit-concert <\/strong>intitul\u00e9 Parabolers sur les traces d&rsquo;Alain Peters par la compagnie Hepta. M\u00ealant paroles, chant, musique et vid\u00e9o, ce spectacle se pr\u00e9sente \u00e0 la fois comme un hommage au patriarche d\u00e9funt, une enqu\u00eate au c\u0153ur du maloya, genre musical r\u00e9unionnais et un retour aux origines. <\/p>\n<p>Puis, \u00e0 20h, \u00e0 <strong>L&rsquo;Heure bleue<\/strong>, \u00e0 <strong>Saint-Martin-d&rsquo;H\u00e8res<\/strong>, place \u00e0 l&rsquo;Afro carnaval des animaux par le collectif L&rsquo;Oreille en friche. L&rsquo;occasion de (re)d\u00e9couvrir Le c\u00e9l\u00e8bre conte musical dans une version moderne et africaine qui donne envie de danser. <\/p>\n<p><strong>Pratique<\/strong> <\/p>\n<p>Vendredi 23 mai, \u00e0 18h au th\u00e9\u00e2tre Sainte-Marie-d&rsquo;-en-Bas \u00e0 Grenoble et \u00e0 20h \u00e0 l&rsquo;Heure bleue \u00e0 Saint-Martin-d&rsquo;H\u00e8res. Renseignements et r\u00e9servations : <a href=\"https:\/\/www.artsdurecit.com\/la-saison\/festival-2025\/\" rel=\"noopener\" target=\"_blank\">ici<\/a>.\u00a0<\/p>\n<p>  Admirer et acheter des \u0153uvres d&rsquo;art contemporain \u00e0 Alpexpo <img decoding=\"async\" alt=\"\" class=\"img-align-center img-size-limited\" data-zoomable=\"\" height=\"1333\" loading=\"lazy\" src=\"https:\/\/www.europesays.com\/fr\/wp-content\/uploads\/2025\/05\/img-9904.JPG\" title=\"\u00a9 Thomas Richardson - La foire d'Art Up ! se d\u00e9roule jusqu'\u00e0 dimanche 25 mai \u00e0 Alpexpo.\" width=\"2000\"\/> \u00a9 Thomas Richardson &#8211; La foire Grenoble Art Up ! se d\u00e9roule jusqu&rsquo;\u00e0 dimanche 25 mai \u00e0 Alpexpo. <\/p>\n<p>La deuxi\u00e8me \u00e9dition de la <a href=\"https:\/\/mesinfos.fr\/38000-grenoble\/grenoble-art-up-la-foire-d-art-contemporain-revient-a-grenoble-du-22-au-25-mai-222804.html\" rel=\"noopener\" target=\"_blank\">foire d&rsquo;art contemporain Grenoble Art Up ! <\/a>se d\u00e9roule tout le week-end jusqu&rsquo;\u00e0 dimanche 25 mai \u00e0 <strong>Alpexpo <\/strong>\u00e0 Grenoble. Pr\u00e8s de 50 galeries et plusieurs dizaines d&rsquo;artistes seront pr\u00e9sents ou repr\u00e9sent\u00e9s.<\/p>\n<p>Le <a href=\"https:\/\/mesinfos.fr\/38000-grenoble\/musee-de-grenoble-a-la-decouverte-d-estampes-meconnues-218260.html\" rel=\"noopener\" target=\"_blank\">Mus\u00e9e de Grenoble<\/a> pr\u00e9sentera les maquettes de l\u2019\u0153uvre, Onze variations sur le Radeau de la M\u00e9duse ou la d\u00e9rive de la soci\u00e9t\u00e9 de consommation, r\u00e9alis\u00e9e par le collectif Les Malassis, offrant ainsi une nouvelle visibilit\u00e9 \u00e0 cette fresque embl\u00e9matique. <\/p>\n<p><strong>Pratique<\/strong> <\/p>\n<p>Samedi 24 mai de 10h \u00e0 20h et dimanche 25 mai, de 10h \u00e0 18h \u00e0 Alpexpo \u00e0 Grenoble. Tarifs : 8 \u00e0 12 euros. Renseignements et r\u00e9servations : <a href=\"https:\/\/grenobleartup.com\/\" rel=\"noopener\" target=\"_blank\">ici<\/a>.\u00a0<\/p>\n<p>  Plonger dans l&rsquo;histoire de l&rsquo;exposition internationale de la houille blanche \u00e0 Grenoble <img decoding=\"async\" alt=\"\" class=\"img-align-center img-size-limited\" data-zoomable=\"\" height=\"1471\" loading=\"lazy\" src=\"https:\/\/www.europesays.com\/fr\/wp-content\/uploads\/2025\/05\/grand-palais-du-tourisme-rb-1925.jpg\" title=\"\u00a9 Office de tourisme Grenoble Alpes - Une visite guid\u00e9e sur le th\u00e8me de l'exposition internationale de la houille blanche et du tourisme de 1925 est propos\u00e9e ce samedi \u00e0 Grenoble.\" width=\"2000\"\/> \u00a9 Oddoux &#8211; Office de tourisme Grenoble Alpes &#8211; Une visite guid\u00e9e sur le th\u00e8me de l&rsquo;exposition internationale de la houille blanche et du tourisme de 1925 est propos\u00e9e ce samedi \u00e0 Grenoble. <\/p>\n<p>L&rsquo;Office de tourisme Grenoble Alpes propose une <strong>visite guid\u00e9e gratuite<\/strong>, samedi 24 mai, de 14h30 \u00e0 16h, au sein du parc Paul-Mistral afin de raconter l&rsquo;<a href=\"https:\/\/mesinfos.fr\/auvergne-rhone-alpes\/il-y-a-100-ans-grenoble-attirait-les-foules-pour-l-exposition-internationale-de-la-houille-blanche-221752.html\" rel=\"noopener\" target=\"_blank\">exposition internationale de la houille blanche et du tourisme<\/a> qui s&rsquo;est d\u00e9roul\u00e9e de mai \u00e0 octobre 1925, il y a donc exactement 100 ans. <\/p>\n<p><strong>Pratique<\/strong> <\/p>\n<p>Gratuit. Renseignements : 04 76 42 41 41.<\/p>\n<p>  \u00c9couter un concert de jazz fusion au mus\u00e9e H\u00e9bert \u00e0 La Tronche <img decoding=\"async\" alt=\"\" class=\"img-align-center img-size-limited\" data-zoomable=\"\" height=\"1396\" loading=\"lazy\" src=\"https:\/\/www.europesays.com\/fr\/wp-content\/uploads\/2025\/05\/musee-herbet-ok.jpg\" title=\"\u00a9 Thomas Richardson - Le mus\u00e9e H\u00e9bert accueillera un concert de jazz fusion gratuit samedi 24 mai \u00e0 18h.\" width=\"2000\"\/> \u00a9 Thomas Richardson &#8211; Le mus\u00e9e H\u00e9bert accueillera un concert de jazz fusion gratuit samedi 24 mai \u00e0 18h. <\/p>\n<p>Samedi 24 mai, de 18h \u00e0 19h, <strong>concert de jazz fusion<\/strong> gratuit de l&rsquo;ensemble Marthe, dans le jardin du <strong>mus\u00e9e H\u00e9bert<\/strong> \u00e0 <strong>La Tronche<\/strong>. <\/p>\n<p>N\u00e9 de l\u2019union de quatre musiciens, <strong>l\u2019ensemble Marthe<\/strong> convoque des influences grecques et orientales, combinant la puissance du rock et l\u2019exigence du jazz. <\/p>\n<p><strong>Pratique<\/strong> <\/p>\n<p>Concert samedi 24 mai \u00e0 18h au mus\u00e9e H\u00e9bert \u00e0 La Tronche. Gratuit. Renseignements: 04 76 42 97 35.<\/p>\n<p> \u00c9couter des grands tubes de la musique classique \u00e0 Grenoble <\/p>\n<p>Samedi 24 mai \u00e0 20h et dimanche 25 mai \u00e0 17h30, salle Olivier-Messiaen, \u00e0 Grenoble : <strong>concert <\/strong>de la Petite Philharmonie. <\/p>\n<p><strong>La Petite Philharmonie<\/strong> interpr\u00e9tera un concert sur le th\u00e8me du souvenir, du r\u00eave, voire de l&rsquo;hallucination&#8230;<br \/>Mendelssohn, Kod\u00e1ly, Moussorgski, trois ma\u00eetres de la musique du XIXe et XXe si\u00e8cle avec un fort contraste de style et d&rsquo;inspiration : une belle occasion de d\u00e9couvrir ou red\u00e9couvrir trois chefs-d&rsquo;\u0153uvre du <strong>r\u00e9pertoire symphonique<\/strong>. <\/p>\n<p>Au programme : Songe d&rsquo;une nuit d&rsquo;\u00e9t\u00e9 de Mendelssohn, Tableaux d&rsquo;une exposition de Moussorgski, Danses de Galanta de Kodaly. <\/p>\n<p><strong>Pratique<\/strong> <\/p>\n<p>Concerts samedi 24 mai \u00e0 20h et dimanche 25 mai \u00e0 17h30, salle Olivier-Messiaen, 1 rue du Vieux-Temple \u00e0 Grenoble. Tarifs : 9 \u00e0 18 euros. Renseignements et r\u00e9servations <a href=\"https:\/\/www.lapetitephilharmonie.fr\/\" rel=\"noopener\" target=\"_blank\">ici<\/a>.<\/p>\n<p> O\u00f9 chiner \u00e0 Grenoble et alentour <\/p>\n<ul>\n<li>Samedi 24 mai, de 14h \u00e0 18h, <strong>vide-greniers<\/strong> des \u00e9coles Amp\u00e8re et Buffon, rue du Drac \u00e0 Grenoble. <\/li>\n<li>Samedi 24 mai, de 8h30 \u00e0 13h, vide-greniers des parents d&rsquo;\u00e9l\u00e8ves du coll\u00e8ge Notre-Dame de Sion, rue Louise-Michel \u00e0 Grenoble. <\/li>\n<li>Samedi 24 mai, de 9h \u00e0 13h, vide-greniers du sou des \u00e9coles au groupe scolaire le Coteau, grande rue \u00e0 La Tronche. <\/li>\n<li>Samedi 24 mai, de 8h30 \u00e0 17h, vide-greniers de l&rsquo;association du quartier Jean-Jaur\u00e8s, sur le parking de l&rsquo;auberge de jeunesse, 10 avenue du Gr\u00e9sivaudan \u00e0 \u00c9chirolles. <\/li>\n<li>Dimanche 24 mai, de 6h \u00e0 14h, vide-greniers, 16 boulevard de l&rsquo;Esplanade \u00e0 Grenoble. <\/li>\n<li>Dimanche 24 mai, de 8h \u00e0 18h, vide-greniers rue Chenoise \u00e0 Grenoble. <\/li>\n<li>Dimanche 24 mai, de 8h \u00e0 18h, vide-greniers au boulodrome parc Danielle-Casanova, rue Anatole-France \u00e0 Saint-Martin-d&rsquo;H\u00e8res. <\/li>\n<li>Dimanche 24 mai, de 9h \u00e0 17h, vide-greniers de l&rsquo;association des parents d&rsquo;\u00e9l\u00e8ves de l&rsquo;\u00e9cole Paul-Bert, 4 bis, rue Fr\u00e9d\u00e9ric-Chopin \u00e0 Saint-Martin-d&rsquo;H\u00e8res.<\/li>\n<\/ul>\n","protected":false},"excerpt":{"rendered":"Le week-end \u00e0 Grenoble et dans les communes voisines se veut une nouvelle fois riche en \u00e9v\u00e9nements culturels.&hellip;\n","protected":false},"author":2,"featured_media":119746,"comment_status":"","ping_status":"","sticky":false,"template":"","format":"standard","meta":{"footnotes":""},"categories":[9566],"tags":[1111,11,1396,2430,4156,1777,674,1011,27,2731,12,25,3365],"class_list":{"0":"post-119745","1":"post","2":"type-post","3":"status-publish","4":"format-standard","5":"has-post-thumbnail","7":"category-grenoble","8":"tag-actu","9":"tag-actualites","10":"tag-art-contemporain","11":"tag-auvergne-rhone-alpes","12":"tag-concerts","13":"tag-eu","14":"tag-europe","15":"tag-fr","16":"tag-france","17":"tag-grenoble","18":"tag-news","19":"tag-republique-francaise","20":"tag-vide-greniers"},"share_on_mastodon":{"url":"https:\/\/pubeurope.com\/@fr\/114552200532647051","error":""},"_links":{"self":[{"href":"https:\/\/www.europesays.com\/fr\/wp-json\/wp\/v2\/posts\/119745","targetHints":{"allow":["GET"]}}],"collection":[{"href":"https:\/\/www.europesays.com\/fr\/wp-json\/wp\/v2\/posts"}],"about":[{"href":"https:\/\/www.europesays.com\/fr\/wp-json\/wp\/v2\/types\/post"}],"author":[{"embeddable":true,"href":"https:\/\/www.europesays.com\/fr\/wp-json\/wp\/v2\/users\/2"}],"replies":[{"embeddable":true,"href":"https:\/\/www.europesays.com\/fr\/wp-json\/wp\/v2\/comments?post=119745"}],"version-history":[{"count":0,"href":"https:\/\/www.europesays.com\/fr\/wp-json\/wp\/v2\/posts\/119745\/revisions"}],"wp:featuredmedia":[{"embeddable":true,"href":"https:\/\/www.europesays.com\/fr\/wp-json\/wp\/v2\/media\/119746"}],"wp:attachment":[{"href":"https:\/\/www.europesays.com\/fr\/wp-json\/wp\/v2\/media?parent=119745"}],"wp:term":[{"taxonomy":"category","embeddable":true,"href":"https:\/\/www.europesays.com\/fr\/wp-json\/wp\/v2\/categories?post=119745"},{"taxonomy":"post_tag","embeddable":true,"href":"https:\/\/www.europesays.com\/fr\/wp-json\/wp\/v2\/tags?post=119745"}],"curies":[{"name":"wp","href":"https:\/\/api.w.org\/{rel}","templated":true}]}}