{"id":119747,"date":"2025-05-22T15:30:08","date_gmt":"2025-05-22T15:30:08","guid":{"rendered":"https:\/\/www.europesays.com\/fr\/119747\/"},"modified":"2025-05-22T15:30:08","modified_gmt":"2025-05-22T15:30:08","slug":"importante-operation-de-controle-de-la-police-a-rennes-plusieurs-dizaines-dinfractions-relevees-en-deux-heures","status":"publish","type":"post","link":"https:\/\/www.europesays.com\/fr\/119747\/","title":{"rendered":"Importante op\u00e9ration de contr\u00f4le de la police \u00e0 Rennes\u00a0: plusieurs dizaines d\u2018infractions relev\u00e9es en deux heures"},"content":{"rendered":"<p>Ce mercredi 21 mai, la Police nationale avait organis\u00e9 une op\u00e9ration de lutte contre les rod\u00e9os urbains, dans les quartiers de Br\u00e9quigny et du Blosne, \u00e0 Rennes.<\/p>\n<p>Engag\u00e9s de 15 h \u00e0 17 h 30 environ, les policiers n\u2019ont pas eu affaire \u00e0 des rod\u00e9os, mais ils ont relev\u00e9 de tr\u00e8s nombreuses infractions.<\/p>\n<p>D\u2019abord avec 140 v\u00e9hicules qui ont \u00e9t\u00e9 contr\u00f4l\u00e9s, ces contr\u00f4les donnant lieu \u00e0 28 proc\u00e8s-verbaux, pour des infractions de toutes sortes. \u00ab Nous avons eu quasiment tout le registre du routier, explique une source polici\u00e8re au T\u00e9l\u00e9gramme. Avec des d\u00e9fauts de permis, d\u2019assurance, de contr\u00f4le technique, des pneus lisses, mais aussi des conducteurs positifs \u00e0 l\u2019alcool ou aux stup\u00e9fiants \u00bb.<\/p>\n<p>Les policiers ont \u00e9galement men\u00e9 des visites, dans des caves du secteur, ce qui leur a permis de retrouver trois scooters signal\u00e9s vol\u00e9s. \u00ab Ces op\u00e9rations sont amen\u00e9es \u00e0 se r\u00e9p\u00e9ter, les rod\u00e9os \u00e9tant un v\u00e9ritable fl\u00e9au \u00bb, pr\u00e9vient la police rennaise.<\/p>\n","protected":false},"excerpt":{"rendered":"Ce mercredi 21 mai, la Police nationale avait organis\u00e9 une op\u00e9ration de lutte contre les rod\u00e9os urbains, dans&hellip;\n","protected":false},"author":2,"featured_media":119748,"comment_status":"","ping_status":"","sticky":false,"template":"","format":"standard","meta":{"footnotes":""},"categories":[2821],"tags":[1111,11,829,765,1777,674,3383,1011,27,12,584,25],"class_list":{"0":"post-119747","1":"post","2":"type-post","3":"status-publish","4":"format-standard","5":"has-post-thumbnail","7":"category-rennes","8":"tag-actu","9":"tag-actualites","10":"tag-bretagne","11":"tag-en-continu","12":"tag-eu","13":"tag-europe","14":"tag-faits-divers-a-rennes","15":"tag-fr","16":"tag-france","17":"tag-news","18":"tag-rennes","19":"tag-republique-francaise"},"share_on_mastodon":{"url":"https:\/\/pubeurope.com\/@fr\/114552204431062544","error":""},"_links":{"self":[{"href":"https:\/\/www.europesays.com\/fr\/wp-json\/wp\/v2\/posts\/119747","targetHints":{"allow":["GET"]}}],"collection":[{"href":"https:\/\/www.europesays.com\/fr\/wp-json\/wp\/v2\/posts"}],"about":[{"href":"https:\/\/www.europesays.com\/fr\/wp-json\/wp\/v2\/types\/post"}],"author":[{"embeddable":true,"href":"https:\/\/www.europesays.com\/fr\/wp-json\/wp\/v2\/users\/2"}],"replies":[{"embeddable":true,"href":"https:\/\/www.europesays.com\/fr\/wp-json\/wp\/v2\/comments?post=119747"}],"version-history":[{"count":0,"href":"https:\/\/www.europesays.com\/fr\/wp-json\/wp\/v2\/posts\/119747\/revisions"}],"wp:featuredmedia":[{"embeddable":true,"href":"https:\/\/www.europesays.com\/fr\/wp-json\/wp\/v2\/media\/119748"}],"wp:attachment":[{"href":"https:\/\/www.europesays.com\/fr\/wp-json\/wp\/v2\/media?parent=119747"}],"wp:term":[{"taxonomy":"category","embeddable":true,"href":"https:\/\/www.europesays.com\/fr\/wp-json\/wp\/v2\/categories?post=119747"},{"taxonomy":"post_tag","embeddable":true,"href":"https:\/\/www.europesays.com\/fr\/wp-json\/wp\/v2\/tags?post=119747"}],"curies":[{"name":"wp","href":"https:\/\/api.w.org\/{rel}","templated":true}]}}