{"id":119759,"date":"2025-05-22T15:36:12","date_gmt":"2025-05-22T15:36:12","guid":{"rendered":"https:\/\/www.europesays.com\/fr\/119759\/"},"modified":"2025-05-22T15:36:12","modified_gmt":"2025-05-22T15:36:12","slug":"deux-mois-de-travaux-sur-cette-route-au-nord-de-nantes","status":"publish","type":"post","link":"https:\/\/www.europesays.com\/fr\/119759\/","title":{"rendered":"deux mois de travaux sur cette route au nord de Nantes"},"content":{"rendered":"<p>            Par<br \/>\n        <strong><br \/>\n            <a href=\"https:\/\/actu.fr\/auteur\/gwendal-lepriellec\" title=\"Consulter tous les articles de Gwendal Le Priellec\" rel=\"nofollow noopener\" target=\"_blank\">Gwendal Le Priellec<\/a><br \/>\n        <\/strong><\/p>\n<p>        Publi\u00e9 le<\/p>\n<p>            22 mai 2025 \u00e0 16h13        <\/p>\n<p>Atlantic Eau va r\u00e9aliser des <b>travaux <\/b>de remplacement d\u2019une conduite d\u2019eau potable sur la D164 \u00e0 <b>H\u00e9ric <\/b>(Loire-Atlantique), sur<b> <\/b>la route ralliant <b>Blain \u00e0 Nort-sur-Erdre<\/b>, dans le hameau de La Remaudais.<\/p>\n<p>Loire-Atlantique\u2009: deux mois de travaux entre Blain et Nort-sur-Erdre<\/p>\n<p class=\" wall-content\">Ce chantier n\u00e9cessitera la <b>fermeture de la D164<\/b> \u00e0 La Remaudais \u00ab\u2009du lundi 2\u00a0juin 2025 \u00e0 partir de 8\u2009h au jeudi 31\u00a0juillet \u00e0 18\u2009h, entre le lieu-dit Passac et le lieu-dit le Moulin de la Remaudais\u2009\u00bb, pr\u00e9cise le <b>D\u00e9partement <\/b>de Loire-Atlantique, qui interviendra pour mener les travaux.<\/p>\n<p class=\" wall-content\">L\u2019acc\u00e8s restera autoris\u00e9 \u00ab\u2009pour les services de <b>secours<\/b>, les <b>riverains<\/b>, les<b> transports scolaires<\/b> et les lignes r\u00e9guli\u00e8res de <b>transport en commun<\/b>\u2009\u00bb. Le D\u00e9partement indique enfin que \u00ab\u2009le chantier pourrait \u00eatre prolong\u00e9 en cas d\u2019impr\u00e9vus ou d\u2019intemp\u00e9ries\u2009\u00bb.<\/p>\n<p>Des d\u00e9viations mises en place<\/p>\n<p class=\" wall-content\">Des <b>d\u00e9viations <\/b>seront donc mises en place\u2009:<\/p>\n<p>Vid\u00e9os : en ce moment sur Actu<\/p>\n<ul class=\" wall-content\">\n<li>pour les <b>v\u00e9hicules l\u00e9gers<\/b> et les <b>poids lourds<\/b>\u2009: dans le sens Blain vers Nort-sur-Erdre (d\u00e9viation par la RD37, la RD16) et dans le sens Nort-sur-Erdre vers Blain (d\u00e9viation par la RN137, la RD2, la RN137, la RN171).<\/li>\n<li>pour les <b>transports exceptionnels\u2009<\/b>: dans les deux sens de circulation (d\u00e9viation par la RN137, la RD2, la RN171).<\/li>\n<li>pour les <b>v\u00e9hicules non autoris\u00e9s sur la RN137<\/b>\u2009: dans les deux sens de circulation (d\u00e9viation par la RD132, la RD27, la VC41, la RD537).<\/li>\n<\/ul>\n<p class=\" wall-content\">Suivez toute l\u2019actualit\u00e9 de vos villes et m\u00e9dias favoris en vous inscrivant \u00e0 <a href=\"https:\/\/moncompte.actu.fr\" title=\"D\u00e9couvez Mon Actu\" rel=\"nofollow noopener\" data-trk=\"{&quot;cta&quot;:{&quot;action&quot;:&quot;https:\\\/\\\/moncompte.actu.fr&quot;,&quot;category&quot;:&quot;mon compte&quot;,&quot;from&quot;:&quot;article footer&quot;,&quot;name&quot;:&quot;Mon actu&quot;,&quot;type&quot;:&quot;cta&quot;}}\" target=\"_blank\">Mon Actu<\/a>.<\/p>\n","protected":false},"excerpt":{"rendered":"Par Gwendal Le Priellec Publi\u00e9 le 22 mai 2025 \u00e0 16h13 Atlantic Eau va r\u00e9aliser des travaux de&hellip;\n","protected":false},"author":2,"featured_media":119760,"comment_status":"","ping_status":"","sticky":false,"template":"","format":"standard","meta":{"footnotes":""},"categories":[2818],"tags":[1111,11,1777,674,1011,27,766,12,2636,25,104,2086],"class_list":{"0":"post-119759","1":"post","2":"type-post","3":"status-publish","4":"format-standard","5":"has-post-thumbnail","7":"category-nantes","8":"tag-actu","9":"tag-actualites","10":"tag-eu","11":"tag-europe","12":"tag-fr","13":"tag-france","14":"tag-nantes","15":"tag-news","16":"tag-pays-de-la-loire","17":"tag-republique-francaise","18":"tag-societe","19":"tag-travaux"},"share_on_mastodon":{"url":"https:\/\/pubeurope.com\/@fr\/114552227990642677","error":""},"_links":{"self":[{"href":"https:\/\/www.europesays.com\/fr\/wp-json\/wp\/v2\/posts\/119759","targetHints":{"allow":["GET"]}}],"collection":[{"href":"https:\/\/www.europesays.com\/fr\/wp-json\/wp\/v2\/posts"}],"about":[{"href":"https:\/\/www.europesays.com\/fr\/wp-json\/wp\/v2\/types\/post"}],"author":[{"embeddable":true,"href":"https:\/\/www.europesays.com\/fr\/wp-json\/wp\/v2\/users\/2"}],"replies":[{"embeddable":true,"href":"https:\/\/www.europesays.com\/fr\/wp-json\/wp\/v2\/comments?post=119759"}],"version-history":[{"count":0,"href":"https:\/\/www.europesays.com\/fr\/wp-json\/wp\/v2\/posts\/119759\/revisions"}],"wp:featuredmedia":[{"embeddable":true,"href":"https:\/\/www.europesays.com\/fr\/wp-json\/wp\/v2\/media\/119760"}],"wp:attachment":[{"href":"https:\/\/www.europesays.com\/fr\/wp-json\/wp\/v2\/media?parent=119759"}],"wp:term":[{"taxonomy":"category","embeddable":true,"href":"https:\/\/www.europesays.com\/fr\/wp-json\/wp\/v2\/categories?post=119759"},{"taxonomy":"post_tag","embeddable":true,"href":"https:\/\/www.europesays.com\/fr\/wp-json\/wp\/v2\/tags?post=119759"}],"curies":[{"name":"wp","href":"https:\/\/api.w.org\/{rel}","templated":true}]}}