{"id":119769,"date":"2025-05-22T15:41:09","date_gmt":"2025-05-22T15:41:09","guid":{"rendered":"https:\/\/www.europesays.com\/fr\/119769\/"},"modified":"2025-05-22T15:41:09","modified_gmt":"2025-05-22T15:41:09","slug":"violente-agression-dans-une-salle-daudience-du-palais-de-justice-un-homme-exfiltre-par-un-souterrain","status":"publish","type":"post","link":"https:\/\/www.europesays.com\/fr\/119769\/","title":{"rendered":"violente agression dans une salle d\u2019audience du palais de justice, un homme exfiltr\u00e9 par un souterrain"},"content":{"rendered":"<p>Alors qu\u2019une audience \u00e9tait en cours devant le tribunal correctionnel mercredi soir, trois hommes assistant au proc\u00e8s d\u2019un enl\u00e8vement sur fond de trafic de drogue ont agress\u00e9 un homme d\u2019une vingtaine d\u2019ann\u00e9es.<\/p>\n<p class=\"fig-paragraph\">Une victime de s\u00e9questration a \u00e9t\u00e9 violemment frapp\u00e9e dans une salle d&rsquo;audience du palais de justice de\u00a0<a href=\"http:\/\/www.lefigaro.fr\/actualite-france\/le-palmares-2025-des-villes-et-des-villages-ou-s-installer-pres-de-toulouse-20250516\" target=\"_blank\" data-fig-type=\"Article\" rel=\"noopener\" data-gtm-custom-categorie=\"navigation\" data-gtm-custom-action=\"crossclick\" data-gtm-custom-label=\"Contextuel\" data-gtm-event=\"customEventSPE\" data-fig-domain=\"LEFIGARO\">Toulouse<\/a>, par des proches de ses ravisseurs pr\u00e9sum\u00e9s, a-t-on appris ce jeudi de sources concordantes. Alors qu&rsquo;une audience \u00e9tait en cours devant le tribunal correctionnel mercredi soir, trois hommes assistant au proc\u00e8s d&rsquo;un enl\u00e8vement sur fond de<a href=\"http:\/\/www.lefigaro.fr\/faits-divers\/on-va-laisser-une-trainee-de-cadavres-en-prison-ou-en-cavale-le-regne-de-mohamed-amra-sur-les-trafics-de-drogue-du-havre-a-saint-nazaire-20250514\" target=\"_blank\" data-fig-type=\"Article\" rel=\"noopener\" data-gtm-custom-categorie=\"navigation\" data-gtm-custom-action=\"crossclick\" data-gtm-custom-label=\"Contextuel\" data-gtm-event=\"customEventSPE\" data-fig-domain=\"LEFIGARO\">\u00a0trafic de drogue<\/a>\u00a0ont agress\u00e9 cet homme d&rsquo;une vingtaine d&rsquo;ann\u00e9es, lui donnant des coups de pied et de poing, alors qu&rsquo;il se trouvait au sol, selon son avocat Brice Zanin.<\/p>\n<p class=\"fig-paragraph\">Un policier r\u00e9serviste a \u00e9t\u00e9 l\u00e9g\u00e8rement bless\u00e9, alors qu&rsquo;il s&rsquo;interposait en compagnie d&rsquo;un huissier, d&rsquo;un avocat et d&rsquo;un magistrat. Les agresseurs ont r\u00e9ussi \u00e0 prendre la fuite. Une enqu\u00eate a \u00e9t\u00e9 ouverte par le parquet de Toulouse, a indiqu\u00e9 \u00e0 l&rsquo;AFP le procureur de Toulouse David Charmatz.<\/p>\n<p>Le proc\u00e8s a pu se poursuivre \u00e0 huis clos<\/p>\n<p class=\"fig-paragraph\">\u00abApr\u00e8s les violences constat\u00e9es \u00e0 Bordeaux au d\u00e9but d&rsquo;un dossier d&rsquo;assises, ces faits \u00e9meuvent n\u00e9cessairement la communaut\u00e9 judiciaire car ils d\u00e9montrent que l&rsquo;institution elle-m\u00eame (m\u00eame si elle n&rsquo;\u00e9tait pas vis\u00e9e) n&rsquo;est plus \u00e0 l&rsquo;abri de passages \u00e0 l&rsquo;acte violents en son sein\u00bb, a-t-il ajout\u00e9.<\/p>\n<p class=\"fig-paragraph\">Le proc\u00e8s, qui se d\u00e9roule de ce mercredi \u00e0 vendredi, a pu se poursuivre \u00e0 huis clos. L&rsquo;homme molest\u00e9, arcade sourcili\u00e8re ouverte et multiples contusions, a \u00e9t\u00e9 exfiltr\u00e9 du tribunal par un souterrain, puis a pass\u00e9 une nuit \u00e0 l&rsquo;h\u00f4pital, a pr\u00e9cis\u00e9 son avocat.\u00a0<a href=\"http:\/\/www.lefigaro.fr\/bordeaux\/je-n-ai-jamais-vu-un-tel-deferlement-de-violence-une-rixe-eclate-au-tribunal-a-bordeaux-sur-fond-de-rivalites-entre-quartiers-20250513\" target=\"_blank\" data-fig-type=\"NewsFlash\" rel=\"noopener\" data-gtm-custom-categorie=\"navigation\" data-gtm-custom-action=\"crossclick\" data-gtm-custom-label=\"Contextuel\" data-gtm-event=\"customEventSPE\" data-fig-domain=\"LEFIGARO\">Une violente bagarre\u00a0<\/a>avait \u00e9clat\u00e9 le 19 mai dans l&rsquo;enceinte de la cour d&rsquo;assises de la Gironde lors du proc\u00e8s de trois jeunes hommes, jug\u00e9s pour la mort d&rsquo;un autre jeune de 16 ans lors d&rsquo;une fusillade, sur fond de rivalit\u00e9s entre quartiers bordelais.<\/p>\n","protected":false},"excerpt":{"rendered":"Alors qu\u2019une audience \u00e9tait en cours devant le tribunal correctionnel mercredi soir, trois hommes assistant au proc\u00e8s d\u2019un&hellip;\n","protected":false},"author":2,"featured_media":119770,"comment_status":"","ping_status":"","sticky":false,"template":"","format":"standard","meta":{"footnotes":""},"categories":[2816],"tags":[119,1111,11,3694,1120,271,2951,3695,1777,674,3696,118,1011,27,2825,1253,303,12,2680,1072,2694,25,2312,2949],"class_list":{"0":"post-119769","1":"post","2":"type-post","3":"status-publish","4":"format-standard","5":"has-post-thumbnail","7":"category-toulouse","8":"tag-accident","9":"tag-actu","10":"tag-actualites","11":"tag-affaires","12":"tag-agression","13":"tag-crime","14":"tag-criminalite","15":"tag-enquetes","16":"tag-eu","17":"tag-europe","18":"tag-evenements","19":"tag-faits-divers","20":"tag-fr","21":"tag-france","22":"tag-insecurite","23":"tag-islamisme","24":"tag-justice","25":"tag-news","26":"tag-occitanie","27":"tag-police","28":"tag-proces","29":"tag-republique-francaise","30":"tag-toulouse","31":"tag-violences"},"share_on_mastodon":{"url":"https:\/\/pubeurope.com\/@fr\/114552247836842770","error":""},"_links":{"self":[{"href":"https:\/\/www.europesays.com\/fr\/wp-json\/wp\/v2\/posts\/119769","targetHints":{"allow":["GET"]}}],"collection":[{"href":"https:\/\/www.europesays.com\/fr\/wp-json\/wp\/v2\/posts"}],"about":[{"href":"https:\/\/www.europesays.com\/fr\/wp-json\/wp\/v2\/types\/post"}],"author":[{"embeddable":true,"href":"https:\/\/www.europesays.com\/fr\/wp-json\/wp\/v2\/users\/2"}],"replies":[{"embeddable":true,"href":"https:\/\/www.europesays.com\/fr\/wp-json\/wp\/v2\/comments?post=119769"}],"version-history":[{"count":0,"href":"https:\/\/www.europesays.com\/fr\/wp-json\/wp\/v2\/posts\/119769\/revisions"}],"wp:featuredmedia":[{"embeddable":true,"href":"https:\/\/www.europesays.com\/fr\/wp-json\/wp\/v2\/media\/119770"}],"wp:attachment":[{"href":"https:\/\/www.europesays.com\/fr\/wp-json\/wp\/v2\/media?parent=119769"}],"wp:term":[{"taxonomy":"category","embeddable":true,"href":"https:\/\/www.europesays.com\/fr\/wp-json\/wp\/v2\/categories?post=119769"},{"taxonomy":"post_tag","embeddable":true,"href":"https:\/\/www.europesays.com\/fr\/wp-json\/wp\/v2\/tags?post=119769"}],"curies":[{"name":"wp","href":"https:\/\/api.w.org\/{rel}","templated":true}]}}