{"id":119771,"date":"2025-05-22T15:42:13","date_gmt":"2025-05-22T15:42:13","guid":{"rendered":"https:\/\/www.europesays.com\/fr\/119771\/"},"modified":"2025-05-22T15:42:13","modified_gmt":"2025-05-22T15:42:13","slug":"inauguration-du-square-des-poussins-a-lalma","status":"publish","type":"post","link":"https:\/\/www.europesays.com\/fr\/119771\/","title":{"rendered":"Inauguration du square des Poussins \u00e0 l&rsquo;Alma"},"content":{"rendered":"<p class=\"introduction\">Dans une ambiance conviviale, le 14 mai 2025 une grande f\u00eate d\u2019ouverture \u00e9tait organis\u00e9e en pr\u00e9sence du maire de Roubaix Guillaume Delbar, de l\u2019adjoint au Maire de Roubaix, Pierre Fran\u00e7ois Lazzaro, des partenaires du projet, des habitants et des enfants venus nombreux avec le Centre social Alma.<\/p>\n<p>P\u00eache aux canards, tennis, quizz interactifs et go\u00fbter r\u00e9alis\u00e9 par la coop Manaau ont permis aux enfants du centre social ainsi que des familles du quartier\u00a0de s\u2019\u00e9panouir pendant l\u2019apr\u00e8s-midi.<\/p>\n<p>La ferme itin\u00e9rante Eco Zoone \u00e9tait \u00e9galement de la partie, permettant aux enfants des diff\u00e9rents groupes d\u2019entrer dans l\u2019enclos anim\u00e9\u00a0des animaux\u00a0de la ferme\u00a0: canards, poules et ch\u00e8vres. Plus de 150 personnes ont r\u00e9pondu \u00e0 l\u2019appel des poussins\u00a0!<\/p>\n<p>Qu\u2019est-ce que le square des poussins\u00a0?<\/p>\n<p>C\u2019est une\u00a0nouvelle aire de jeux, con\u00e7ue pour les enfants de moins de 6 ans et leurs parents, soit un espace de jeu ludique et interactif.<\/p>\n<p>Dans une cabane pleine de surprises, les enfants peuvent donner vie \u00e0 des cr\u00e9atures animales en manipulant une fresque sensorielle. Le square est situ\u00e9 juste \u00e0 c\u00f4t\u00e9 du playground, le terrain de tennis color\u00e9 am\u00e9nag\u00e9 au niveau du terrain rouge.<\/p>\n<p>Comment est n\u00e9 le square des poussins\u00a0?<\/p>\n<p>Le square a \u00e9t\u00e9 imagin\u00e9 et con\u00e7u avec l\u2019agence What Time Is I.T, les habitants du quartier, le Centre social Alma, les halte garderies\u00a0et parents de Nicolas Pimprenelle et Polichinelle, les \u00e9coles Blaise Pascal, Elsa Triolet, Ville Renouvel\u00e9e en lien avec la Ville de Roubaix et la MEL.<\/p>\n<p>Il r\u00e9pond \u00e0 un besoin exprim\u00e9 par les professionnels de la petite enfance : disposer d\u2019un espace de jeu ext\u00e9rieur, s\u00e9curis\u00e9 et accessible, \u00e0 proximit\u00e9 de leurs structures, notamment pendant les travaux li\u00e9s \u00e0 la r\u00e9novation urbaine\u00a0de certains \u00e9quipements petite enfance.<\/p>\n<p>\u00ab\u00a0L\u2019apr\u00e8s-midi d\u2019ouverture du square des poussins s\u2019est tr\u00e8s bien\u00a0d\u00e9roul\u00e9, sous le soleil et avec les sourires des enfants\/parents et des\u00a0partenaires\u00a0qui ont particip\u00e9 et nourrit le projet \u00bb t\u00e9moigne Gabriel Vanaerde, charg\u00e9 de mission\u00a0urbanisme transitoire chez Ville Renouvel\u00e9e.<\/p>\n<p><strong>Merci \u00e0 tous les habitants et \u00e0 l\u2019ensemble des partenaires mobilis\u00e9s dans ce projet.<\/strong><\/p>\n<p>Merci au centre social de l\u2019Alma, \u00e0 l\u2019<a href=\"https:\/\/www.roubaixxl.fr\/renovation-urbaine-reemploi\/\" target=\"_blank\" rel=\"noopener\">EBE R\u00e9-emploi<\/a>, la ferme Eco Zoone, la Ville de Roubaix, la <a href=\"https:\/\/www.roubaixxl.fr\/la-maison-du-projet-mobile-pour-echanger-avec-vous\/\" target=\"_blank\" rel=\"noopener\">Maison Mobile de Projet<\/a> ainsi que Ville Renouvel\u00e9e pour le bon d\u00e9roul\u00e9 de cette apr\u00e8s-midi, plac\u00e9e sous le signe de la joie, la convivialit\u00e9 et la bonne humeur.<\/p>\n<p class=\"title\">Infos pratiques<\/p>\n<p>Square des Poussins \u2013 Angle des rues Vallon et Jacquard<\/p>\n<p><strong>Ouvertures au public<\/strong><\/p>\n<ul>\n<li>Mardi et vendredi : 16h30 \u00e0 18h30<\/li>\n<li>Mercredi : 14h \u00e0 18h<\/li>\n<li>Samedi : 9h \u00e0 12h et 14h \u00e0 18h<\/li>\n<\/ul>\n<p>Les autres cr\u00e9neaux sont r\u00e9serv\u00e9s aux structures enfance\/petite enfance du quartier, telles que les \u00e9coles et les cr\u00e8ches.<\/p>\n<p>Les ouvertures au public sont assur\u00e9es par des habitants via Re\u2019emploi.<\/p>\n","protected":false},"excerpt":{"rendered":"Dans une ambiance conviviale, le 14 mai 2025 une grande f\u00eate d\u2019ouverture \u00e9tait organis\u00e9e en pr\u00e9sence du maire&hellip;\n","protected":false},"author":2,"featured_media":119772,"comment_status":"","ping_status":"","sticky":false,"template":"","format":"standard","meta":{"footnotes":""},"categories":[2815],"tags":[1111,11,24105,1777,674,1011,27,811,1307,12,14466,25],"class_list":{"0":"post-119771","1":"post","2":"type-post","3":"status-publish","4":"format-standard","5":"has-post-thumbnail","7":"category-lille","8":"tag-actu","9":"tag-actualites","10":"tag-alma","11":"tag-eu","12":"tag-europe","13":"tag-fr","14":"tag-france","15":"tag-hauts-de-france","16":"tag-lille","17":"tag-news","18":"tag-npnru","19":"tag-republique-francaise"},"share_on_mastodon":{"url":"https:\/\/pubeurope.com\/@fr\/114552251595915098","error":""},"_links":{"self":[{"href":"https:\/\/www.europesays.com\/fr\/wp-json\/wp\/v2\/posts\/119771","targetHints":{"allow":["GET"]}}],"collection":[{"href":"https:\/\/www.europesays.com\/fr\/wp-json\/wp\/v2\/posts"}],"about":[{"href":"https:\/\/www.europesays.com\/fr\/wp-json\/wp\/v2\/types\/post"}],"author":[{"embeddable":true,"href":"https:\/\/www.europesays.com\/fr\/wp-json\/wp\/v2\/users\/2"}],"replies":[{"embeddable":true,"href":"https:\/\/www.europesays.com\/fr\/wp-json\/wp\/v2\/comments?post=119771"}],"version-history":[{"count":0,"href":"https:\/\/www.europesays.com\/fr\/wp-json\/wp\/v2\/posts\/119771\/revisions"}],"wp:featuredmedia":[{"embeddable":true,"href":"https:\/\/www.europesays.com\/fr\/wp-json\/wp\/v2\/media\/119772"}],"wp:attachment":[{"href":"https:\/\/www.europesays.com\/fr\/wp-json\/wp\/v2\/media?parent=119771"}],"wp:term":[{"taxonomy":"category","embeddable":true,"href":"https:\/\/www.europesays.com\/fr\/wp-json\/wp\/v2\/categories?post=119771"},{"taxonomy":"post_tag","embeddable":true,"href":"https:\/\/www.europesays.com\/fr\/wp-json\/wp\/v2\/tags?post=119771"}],"curies":[{"name":"wp","href":"https:\/\/api.w.org\/{rel}","templated":true}]}}