{"id":119775,"date":"2025-05-22T15:44:10","date_gmt":"2025-05-22T15:44:10","guid":{"rendered":"https:\/\/www.europesays.com\/fr\/119775\/"},"modified":"2025-05-22T15:44:10","modified_gmt":"2025-05-22T15:44:10","slug":"marseille-ils-denoncent-la-transformation-de-cette-avenue-cest-un-enfer","status":"publish","type":"post","link":"https:\/\/www.europesays.com\/fr\/119775\/","title":{"rendered":"Marseille. Ils d\u00e9noncent la transformation de cette avenue : \u00ab\u00a0C&rsquo;est un enfer\u00a0\u00bb"},"content":{"rendered":"<p>            Par<br \/>\n        <strong><br \/>\n            <a href=\"https:\/\/actu.fr\/auteur\/thibault-nadal-actu-fr\" title=\"Consulter tous les articles de Thibault Nadal\" target=\"_blank\" rel=\"noopener\">Thibault Nadal<\/a><br \/>\n        <\/strong><\/p>\n<p>        Publi\u00e9 le<\/p>\n<p>            22 mai 2025 \u00e0 17h04        <\/p>\n<p>\u00ab\u2009C\u2019est un sacr\u00e9 pied de nez\u2009\u00bb. Six jours apr\u00e8s <a href=\"https:\/\/www.facebook.com\/mairie68\/posts\/pfbid02sxnqjcjJXnvALxfD1CYpX1t7SupVLeCrBQz82fwydfoE84FULFgmMfn3aG6ES73Dl\" target=\"_blank\" rel=\"noopener\">la publication d\u2019un post sur les r\u00e9seaux sociaux<\/a> de la mairie des 6e et 8e arrondissements de <a href=\"https:\/\/actu.fr\/marseille\/\" target=\"_blank\" rel=\"noopener\">Marseille<\/a> se f\u00e9licitant <a href=\"https:\/\/actu.fr\/tag\/travaux\" target=\"_blank\" rel=\"noopener\">des travaux<\/a> effectu\u00e9s sur une partie d\u2019une de ses avenues tr\u00e8s fr\u00e9quent\u00e9es. \u00ab\u2009Non, ces travaux ne sont pas parfaits. Ils \u00e9crivent ce message, alors que nous avions fait d\u00e9j\u00e0 remonter notre col\u00e8re\u2009\u00bb, peste Christine La Rocca, la pr\u00e9sidente du Comit\u00e9 d\u2019int\u00e9r\u00eat de quartier de Bonneveine, aupr\u00e8s d\u2019actu Marseille.<\/p>\n<p>Une portion o\u00f9 il devient difficile de circuler en voiture<\/p>\n<p class=\" wall-content\">Dans la nouvelle configuration de l\u2019avenue Andr\u00e9 Zenatti, au niveau de la Maison pour Tous, de l\u2019\u00e9cole et de la cr\u00e8che, les trottoirs ont \u00e9t\u00e9 \u00e9largis, les pistes cyclables ont \u00e9t\u00e9 s\u00e9curis\u00e9es, des arceaux de v\u00e9los ont \u00e9t\u00e9 cr\u00e9\u00e9s, occasionnant la suppression de <strong>neuf places de stationnement<\/strong> et le d\u00e9placement de la place PMR, \u00e0 100m de la Maison pour Tous. Pour r\u00e9sumer\u2009: \u00ab\u2009Depuis qu\u2019ils ont tout refait, c\u2019est l\u2019enfer.\u2009\u00bb<\/p>\n<p class=\" wall-content\">Des dispositions <strong>prises \u00ab\u2009sans concertation\u2009\u00bb<\/strong> avec le CIQ\u2009: ce qui agace au plus point Christine La Rocca. \u00ab\u2009On a re\u00e7u les plans trois jours avant sauf que nous ne sommes pas des ing\u00e9nieurs\u2009\u00bb, indique-t-elle.<\/p>\n<p>    <a href=\"https:\/\/www.facebook.com\/plugins\/post.php?href=https%3A%2F%2Fwww.facebook.com%2Fpermalink.php%3Fstory_fbid%3Dpfbid0sW32RBigWh1Tg8tFQCcP7eM4QCM2EHcm95YwBj6iaLJJbx5uHaDB8dZWATvPWGV3l%26id%3D100094617139889&amp;show_text=true&amp;width=350\" title=\"Ouvrie le lien\" target=\"_blank\" rel=\"noopener\">Cliquez ici pour visualiser le contenu<\/a><\/p>\n<p class=\" wall-content\">Une somme de petits probl\u00e8mes qui causent du tort au bien-\u00eatre de l\u2019avenue. \u00ab\u2009Avec la suppression des places de stationnements, les parents d\u2019\u00e9l\u00e8ves sont contraints de se garer sur la chauss\u00e9e. Mais <strong>aux heures de pointe, c\u2019est klaxons et invectives \u00e0 r\u00e9p\u00e9tition<\/strong>\u2009\u00bb, poursuit la pr\u00e9sidente du CIQ.<\/p>\n<blockquote class=\"ac-article-quote wall-content\">\n<p>\u00ab\u00a0Nous sommes pour la s\u00e9curisation des \u00e9coles et des pistes cyclables. Mais cela ne doit pas se faire au d\u00e9triment d&rsquo;un autre public. Il ne faut opposer les voitures aux autres modes de transports.\u00a0\u00bb<\/p>\n<p>    <strong>Christine La Rocca<\/strong><br \/>\n        Pr\u00e9sidente du CIQ de Bonneveine    <\/p><\/blockquote>\n<p class=\" wall-content\">Des difficult\u00e9s de circulation qui empoisonnent \u00e9galement la vie des r\u00e9sidences voisines. \u00ab\u2009Chaque jour, on re\u00e7oit des plaintes de copropri\u00e9taires qui expliquent <strong>se faire voler leur place<\/strong>, d\u00e9veloppe Christine La Rocca. Les habitants se plaignent de n\u2019avoir aucune visibilit\u00e9 et me disent qu\u2019il va y avoir un accident un jour\u2009\u00bb.<\/p>\n<p>Des travaux faits \u00ab\u2009sans concertation\u2009\u00bb<\/p>\n<p class=\" wall-content\">Mais au-del\u00e0 de ces points abord\u00e9s, c\u2019est \u00ab\u2009l\u2019absence de concertation\u2009\u00bb avec le CIQ qui agace au plus haut point Christine La Rocca. \u00ab\u2009<strong>On a re\u00e7u les plans trois jours<\/strong> avant sauf que nous ne sommes pas des ing\u00e9nieurs.\u2009\u00bb<\/p>\n<p class=\" wall-content\">En col\u00e8re contre cet am\u00e9nagement, les membres du CIQ regrettent <strong>l\u2019absence de \u00ab\u2009solutions alternatives\u2009\u00bb<\/strong>. Dans une liste transmise \u00e0 la mairie, ils demandent \u00ab\u2009la restitution d\u2019au moins 4 \u00e0 5 places de stationnement\u2009\u00bb, la \u00ab\u2009cr\u00e9ation d\u2019un arr\u00eat minute pour les publics fragiles\u2009\u00bb, \u00ab\u2009la r\u00e9duction du nombre d\u2019arceaux v\u00e9los\u2009\u00bb qui serait \u00ab\u2009toujours vide selon eux\u2009\u00bb et \u00ab\u2009le repositionnement de la place PMR \u00e0 proximit\u00e9 imm\u00e9diate des \u00e9quipements\u2009\u00bb.<\/p>\n<p>    <img   decoding=\"async\" loading=\"lazy\" src=\"https:\/\/www.europesays.com\/fr\/wp-content\/uploads\/2025\/05\/img-8441-960x640.jpg\" alt=\"Aux heures, les voitures sont contraintes de se garer sur la piste cyclables et les trottoirs.\" width=\"960\" height=\"640\"\/><br \/>\n    Aux heures, les voitures sont contraintes de se garer sur la piste cyclable et les trottoirs. (\u00a9TN \/ actu Marseille)<\/p>\n<p class=\" wall-content\">Mais le comit\u00e9 d\u2019int\u00e9r\u00eat quartier craint que le mal soit d\u00e9j\u00e0 fait. \u00ab\u2009On est convaincus que c\u2019est la premi\u00e8re \u00e9tape. <strong>On va tuer le quartier et les commerces<\/strong>\u2009\u00bb, regrette Christine La Rocca.<\/p>\n<p>Une r\u00e9union organis\u00e9e entre le CIQ et la mairie<\/p>\n<p class=\" wall-content\">Dans <a href=\"https:\/\/www.facebook.com\/mairie68\/posts\/pfbid02sxnqjcjJXnvALxfD1CYpX1t7SupVLeCrBQz82fwydfoE84FULFgmMfn3aG6ES73Dl\" target=\"_blank\" rel=\"noopener\">un communiqu\u00e9 diffus\u00e9 sur Facebook<\/a>, l\u2019\u00e9quipe municipale expliquait que ces travaux avaient \u00e9t\u00e9 men\u00e9s dans le but de <strong>\u00ab\u2009s\u00e9curiser les abords de l\u2019\u00e9cole Lapin Blanc et encourager les mobilit\u00e9s douces\u2009<\/strong>\u00bb. Contact\u00e9e, la mairie n\u2019\u00e9tait \u00e0 l\u2019heure de la publication de cet article pas revenue vers nous.<\/p>\n<blockquote class=\"ac-article-quote wall-content\">\n<p>Ces travaux, men\u00e9s en lien avec la mairie de secteur et les services de la M\u00e9tropole, r\u00e9pondent aux attentes des usagers pour un espace public plus s\u00fbr, fluide et agr\u00e9able.<\/p>\n<p>    <strong>Mairie des 6e et 8e arrondissements<\/strong>\n            <\/p><\/blockquote>\n<p class=\" wall-content\">Une r\u00e9union entre des membres du CIQ et la mairie est pr\u00e9vue ce vendredi 23\u00a0mai pour faire un premier bilan.<\/p>\n<p class=\" wall-content\">Suivez toute l\u2019actualit\u00e9 de vos villes et m\u00e9dias favoris en vous inscrivant \u00e0 <a href=\"https:\/\/moncompte.actu.fr\" title=\"D\u00e9couvez Mon Actu\" rel=\"nofollow noopener\" data-trk=\"{&quot;cta&quot;:{&quot;action&quot;:&quot;https:\\\/\\\/moncompte.actu.fr&quot;,&quot;category&quot;:&quot;mon compte&quot;,&quot;from&quot;:&quot;article footer&quot;,&quot;name&quot;:&quot;Mon actu&quot;,&quot;type&quot;:&quot;cta&quot;}}\" target=\"_blank\">Mon Actu<\/a>.<\/p>\n<ul class=\"ac-article-tag wall-content\">\n<li><a href=\"https:\/\/actu.fr\/tag\/pistes-cyclables\" data-trk=\"{&quot;cta&quot;:{&quot;action&quot;:&quot;Pistes cyclables&quot;,&quot;category&quot;:&quot;tag&quot;,&quot;from&quot;:&quot;article footer&quot;,&quot;name&quot;:&quot;Pistes cyclables&quot;,&quot;type&quot;:&quot;cta&quot;}}\" target=\"_blank\" rel=\"noopener\">#Pistes cyclables<\/a><\/li>\n<li><a href=\"https:\/\/actu.fr\/tag\/travaux\" data-trk=\"{&quot;cta&quot;:{&quot;action&quot;:&quot;Travaux&quot;,&quot;category&quot;:&quot;tag&quot;,&quot;from&quot;:&quot;article footer&quot;,&quot;name&quot;:&quot;Travaux&quot;,&quot;type&quot;:&quot;cta&quot;}}\" target=\"_blank\" rel=\"noopener\">#Travaux<\/a><\/li>\n<\/ul>\n","protected":false},"excerpt":{"rendered":"Par Thibault Nadal Publi\u00e9 le 22 mai 2025 \u00e0 17h04 \u00ab\u2009C\u2019est un sacr\u00e9 pied de nez\u2009\u00bb. Six jours&hellip;\n","protected":false},"author":2,"featured_media":119776,"comment_status":"","ping_status":"","sticky":false,"template":"","format":"standard","meta":{"footnotes":""},"categories":[2814],"tags":[1111,11,1777,674,1011,27,884,12,4798,882,25,104,2086],"class_list":{"0":"post-119775","1":"post","2":"type-post","3":"status-publish","4":"format-standard","5":"has-post-thumbnail","7":"category-marseille","8":"tag-actu","9":"tag-actualites","10":"tag-eu","11":"tag-europe","12":"tag-fr","13":"tag-france","14":"tag-marseille","15":"tag-news","16":"tag-pistes-cyclables","17":"tag-provence-alpes-cote-dazur","18":"tag-republique-francaise","19":"tag-societe","20":"tag-travaux"},"share_on_mastodon":{"url":"https:\/\/pubeurope.com\/@fr\/114552259548993395","error":""},"_links":{"self":[{"href":"https:\/\/www.europesays.com\/fr\/wp-json\/wp\/v2\/posts\/119775","targetHints":{"allow":["GET"]}}],"collection":[{"href":"https:\/\/www.europesays.com\/fr\/wp-json\/wp\/v2\/posts"}],"about":[{"href":"https:\/\/www.europesays.com\/fr\/wp-json\/wp\/v2\/types\/post"}],"author":[{"embeddable":true,"href":"https:\/\/www.europesays.com\/fr\/wp-json\/wp\/v2\/users\/2"}],"replies":[{"embeddable":true,"href":"https:\/\/www.europesays.com\/fr\/wp-json\/wp\/v2\/comments?post=119775"}],"version-history":[{"count":0,"href":"https:\/\/www.europesays.com\/fr\/wp-json\/wp\/v2\/posts\/119775\/revisions"}],"wp:featuredmedia":[{"embeddable":true,"href":"https:\/\/www.europesays.com\/fr\/wp-json\/wp\/v2\/media\/119776"}],"wp:attachment":[{"href":"https:\/\/www.europesays.com\/fr\/wp-json\/wp\/v2\/media?parent=119775"}],"wp:term":[{"taxonomy":"category","embeddable":true,"href":"https:\/\/www.europesays.com\/fr\/wp-json\/wp\/v2\/categories?post=119775"},{"taxonomy":"post_tag","embeddable":true,"href":"https:\/\/www.europesays.com\/fr\/wp-json\/wp\/v2\/tags?post=119775"}],"curies":[{"name":"wp","href":"https:\/\/api.w.org\/{rel}","templated":true}]}}