{"id":119787,"date":"2025-05-22T15:50:07","date_gmt":"2025-05-22T15:50:07","guid":{"rendered":"https:\/\/www.europesays.com\/fr\/119787\/"},"modified":"2025-05-22T15:50:07","modified_gmt":"2025-05-22T15:50:07","slug":"a-paris-le-chantier-de-lecole-des-prix-nobel-accumule-les-accidents-dangereux","status":"publish","type":"post","link":"https:\/\/www.europesays.com\/fr\/119787\/","title":{"rendered":"\u00e0 Paris, le chantier de \u00ab\u00a0l&rsquo;\u00e9cole des prix Nobel\u00a0\u00bb accumule les accidents dangereux"},"content":{"rendered":"<p>            Par<br \/>\n        <strong><br \/>\n            <a href=\"https:\/\/actu.fr\/auteur\/ines-cussac-actu-fr\" title=\"Consulter tous les articles de In\u00e8s Cussac\" rel=\"nofollow noopener\" target=\"_blank\">In\u00e8s Cussac<\/a><br \/>\n        <\/strong><\/p>\n<p>        Publi\u00e9 le<\/p>\n<p>            22 mai 2025 \u00e0 17h40        <\/p>\n<p>\u00ab\u00a0Je n\u2019ai jamais vu \u00e7a, ce sont des travaux extr\u00eamement dangereux.\u00a0\u00bb Le chantier de restructuration de l\u2019\u00c9cole Sup\u00e9rieure de Physique et de Chimie Industrielles (ESPCI) a \u00e9t\u00e9 le th\u00e9\u00e2tre d\u2019un nouvel accident, mercredi 21 mai 2025 en fin de journ\u00e9e. Si <a href=\"https:\/\/actu.fr\/ile-de-france\/paris_75056\/a-paris-vives-inquietudes-autour-du-chantier-de-l-ecole-des-prix-nobel-les-travaux-en-partie-arretes_62132329.html\" rel=\"nofollow noopener\" target=\"_blank\">un incendie s\u2019\u00e9tait d\u00e9clar\u00e9 au mois de janvier<\/a>, il s\u2019agit cette fois d\u2019un effondrement. <strong>Un pan de mur et un \u00e9chafaudage se sont \u00e9croul\u00e9s<\/strong> dans la cour d\u2019un immeuble social jouxtant l\u2019\u00e9cole d\u2019ing\u00e9nieurs de Paris, situ\u00e9e dans le 5e arrondissement. Cette fois encore, <a href=\"https:\/\/actu.fr\/ile-de-france\/paris_75056\/face-a-la-psychose-des-rats-a-paris-des-pieges-connectes-deployes-on-sait-pourtant-qu-ils-souffrent_62577406.html\" rel=\"nofollow noopener\" target=\"_blank\">la maire Florence Berthout<\/a>, r\u00e9clame <strong>l\u2019interruption des travaux<\/strong>. \u00ab\u00a0Je ne sais pas ce qu\u2019on attend, des morts ?\u00a0\u00bb s\u2019exasp\u00e8re cette derni\u00e8re.<\/p>\n<p>Une main courante d\u00e9pos\u00e9e<\/p>\n<p class=\" wall-content\">L\u2019ensemble d\u2019habitation, <strong>o\u00f9 cohabitent pr\u00e8s de 340 personnes<\/strong>, a \u00e9t\u00e9 victime une nouvelle fois des travaux o\u00f9 \u00ab\u00a0les conditions de s\u00e9curit\u00e9 ne sont pas respect\u00e9es\u00a0\u00bb, ne peut s\u2019emp\u00eacher de s\u2019agacer la premi\u00e8re \u00e9dile. Les pierres du mur effondr\u00e9 sont tomb\u00e9es dans la cour et sur les rebords de fen\u00eatres de plusieurs logements. Les locataires ont d\u00e9pos\u00e9s une main courante.\u00a0<\/p>\n<p class=\" wall-content\">\u00ab\u00a0Trente minutes avant, <strong>la gardienne de l\u2019immeuble \u00e9tait dans cette cour.<\/strong> Maintenant, plus personne n\u2019ose sortir de chez soi\u00a0\u00bb, rapporte Florence Berthout qui d\u00e9nonce \u00ab\u00a0une mise en danger de la vie d\u2019autrui\u00a0\u00bb.\u00a0<\/p>\n<p class=\" wall-content\">\n<p class=\" wall-content\">Depuis six ans, les riverains du quartier voient d\u00e9filer les ouvriers du chantier de<strong> \u00ab\u2009l\u2019\u00e9cole des prix Nobel\u2009\u00bb<\/strong> o\u00f9 Pierre et Marie Curie ont \u0153uvr\u00e9 ainsi qu\u2019Ir\u00e8ne et Fr\u00e9d\u00e9ric Joliot-Curie, Pierre-Gilles de Gennes et Georges Charpak. La deuxi\u00e8me phase vient d\u2019\u00eatre entam\u00e9e pour finir en 2027.<\/p>\n<p>Des fissures aux murs<\/p>\n<p class=\" wall-content\">Mais le chantier ne se borne pas aux limites du site. En janvier dernier, un incendie s\u2019y \u00e9tait d\u00e9clar\u00e9 avant d\u2019atteindre le rez-de-chauss\u00e9e d\u2019un immeuble de la rue Rataud. Aucun bless\u00e9 n\u2019avait \u00e9t\u00e9 d\u00e9plor\u00e9. Cependant, <strong>plusieurs fen\u00eatres avaient d\u00fb \u00eatre chang\u00e9es<\/strong> par le bailleur de l\u2019immeuble Eluge-Siemp.<\/p>\n<p class=\" wall-content\">De leur c\u00f4t\u00e9, l\u2019ESPCI et la ma\u00eetrise d\u2019\u0153uvre avaient point\u00e9 du doigt la faible r\u00e9sistance du mat\u00e9riel. De quoi irriter la maire du 5e arrondissement qui ciblait, elle, <strong>des d\u00e9faillances de s\u00e9curit\u00e9<\/strong>. Florence Berthout avait, en outre, mis en garde des d\u00e9g\u00e2ts caus\u00e9s par les travaux dans les logements proches du chantier : \u00ab\u00a0Dans les appartements, il y a des fissures et elles sont peut-\u00eatre caus\u00e9es par ces travaux qui font vibrer les murs.\u00a0\u00bb\u00a0<\/p>\n<p class=\" wall-content wall-content\">Les travaux lanc\u00e9s dans l\u2019\u00e9cole d\u2019ing\u00e9nieurs de Paris<strong> font d\u00e9bat depuis quelques ann\u00e9es<\/strong>. Comme l\u2019indiquait <a href=\"https:\/\/www.lemonde.fr\/politique\/article\/2021\/07\/10\/derapages-desordre-defiance-chantier-catastrophe-pour-l-ecole-des-nobel-a-paris_6087837_823448.html\" rel=\"nofollow noopener\" target=\"_blank\">Le Monde<\/a>\u00a0en 2021 d\u00e9j\u00e0, un audit avait \u00e9t\u00e9 men\u00e9 pour comprendre notamment pourquoi la facture de ce projet avait bondi de 30\u2009%. Retards, \u00ab\u2009lacunes\u2009\u00bb ou encore \u00ab\u2009d\u00e9sordre\u2009\u00bb avaient \u00e9t\u00e9 point\u00e9s dans le rapport.<\/p>\n<p class=\" wall-content\">Suivez toute l\u2019actualit\u00e9 de vos villes et m\u00e9dias favoris en vous inscrivant \u00e0 <a href=\"https:\/\/moncompte.actu.fr\" title=\"D\u00e9couvez Mon Actu\" rel=\"nofollow noopener\" data-trk=\"{&quot;cta&quot;:{&quot;action&quot;:&quot;https:\\\/\\\/moncompte.actu.fr&quot;,&quot;category&quot;:&quot;mon compte&quot;,&quot;from&quot;:&quot;article footer&quot;,&quot;name&quot;:&quot;Mon actu&quot;,&quot;type&quot;:&quot;cta&quot;}}\" target=\"_blank\">Mon Actu<\/a>.<\/p>\n","protected":false},"excerpt":{"rendered":"Par In\u00e8s Cussac Publi\u00e9 le 22 mai 2025 \u00e0 17h40 \u00ab\u00a0Je n\u2019ai jamais vu \u00e7a, ce sont des&hellip;\n","protected":false},"author":2,"featured_media":119788,"comment_status":"","ping_status":"","sticky":false,"template":"","format":"standard","meta":{"footnotes":""},"categories":[1888],"tags":[119,1111,1928,11,1927,1777,674,118,1011,27,12,1926,626,1925,25,2086],"class_list":{"0":"post-119787","1":"post","2":"type-post","3":"status-publish","4":"format-standard","5":"has-post-thumbnail","7":"category-paris","8":"tag-accident","9":"tag-actu","10":"tag-actu-paris","11":"tag-actualites","12":"tag-actualites-paris","13":"tag-eu","14":"tag-europe","15":"tag-faits-divers","16":"tag-fr","17":"tag-france","18":"tag-news","19":"tag-news-paris","20":"tag-paris","21":"tag-paris-news","22":"tag-republique-francaise","23":"tag-travaux"},"share_on_mastodon":{"url":"https:\/\/pubeurope.com\/@fr\/114552283088162553","error":""},"_links":{"self":[{"href":"https:\/\/www.europesays.com\/fr\/wp-json\/wp\/v2\/posts\/119787","targetHints":{"allow":["GET"]}}],"collection":[{"href":"https:\/\/www.europesays.com\/fr\/wp-json\/wp\/v2\/posts"}],"about":[{"href":"https:\/\/www.europesays.com\/fr\/wp-json\/wp\/v2\/types\/post"}],"author":[{"embeddable":true,"href":"https:\/\/www.europesays.com\/fr\/wp-json\/wp\/v2\/users\/2"}],"replies":[{"embeddable":true,"href":"https:\/\/www.europesays.com\/fr\/wp-json\/wp\/v2\/comments?post=119787"}],"version-history":[{"count":0,"href":"https:\/\/www.europesays.com\/fr\/wp-json\/wp\/v2\/posts\/119787\/revisions"}],"wp:featuredmedia":[{"embeddable":true,"href":"https:\/\/www.europesays.com\/fr\/wp-json\/wp\/v2\/media\/119788"}],"wp:attachment":[{"href":"https:\/\/www.europesays.com\/fr\/wp-json\/wp\/v2\/media?parent=119787"}],"wp:term":[{"taxonomy":"category","embeddable":true,"href":"https:\/\/www.europesays.com\/fr\/wp-json\/wp\/v2\/categories?post=119787"},{"taxonomy":"post_tag","embeddable":true,"href":"https:\/\/www.europesays.com\/fr\/wp-json\/wp\/v2\/tags?post=119787"}],"curies":[{"name":"wp","href":"https:\/\/api.w.org\/{rel}","templated":true}]}}