{"id":119805,"date":"2025-05-22T15:59:08","date_gmt":"2025-05-22T15:59:08","guid":{"rendered":"https:\/\/www.europesays.com\/fr\/119805\/"},"modified":"2025-05-22T15:59:08","modified_gmt":"2025-05-22T15:59:08","slug":"devoir-de-vigilance-macron-merz-et-leurope-veulent-autoriser-les-multinationales-a-polluer","status":"publish","type":"post","link":"https:\/\/www.europesays.com\/fr\/119805\/","title":{"rendered":"Devoir de vigilance\u00a0: Macron, Merz et l\u2019Europe veulent autoriser les multinationales \u00e0 polluer"},"content":{"rendered":"<p>Trop de normes, trop de droits, trop de contraintes pour les multinationales\u2026 Le pr\u00e9sident fran\u00e7ais l\u2019assume ouvertement. Apr\u00e8s son passage \u00e0 la t\u00e9l\u00e9vision le 13\u00a0mai, sur les d\u00e9fis de la France, Emmanuel Macron entend s\u2019attaquer \u00e0 <a href=\"https:\/\/www.humanite.fr\/social-et-economie\/devoir-de-vigilance\/devoir-de-vigilance-les-etats-europeens-adoptent-un-texte-minore\" target=\"_blank\" rel=\"noopener\">la directive europ\u00e9enne sur le devoir de vigilance (CS3D)<\/a> qui impose aux entreprises des r\u00e8gles en mati\u00e8re de respect de l\u2019environnement et des droits humains dans toute leur cha\u00eene de production.<\/p>\n<p>Devant les participants du sommet Choose France, ce dernier a revendiqu\u00e9\u00a0: \u00ab\u00a0Nous sommes tout \u00e0 fait d\u2019accord avec le chancelier Merz et d\u2019autres coll\u00e8gues pour aller bien plus vite\u00a0\u00bb en mati\u00e8re de simplification \u00ab\u00a0et la CS3D et quelques autres r\u00e9gulations ne doivent pas \u00eatre simplement repouss\u00e9es d\u2019un an mais \u00e9cart\u00e9es\u00a0\u00bb.<\/p>\n<p>Au nom de la lutte contre la bureaucratie, le chancelier allemand Friedrich Merz a tenu des propos similaires quelques jours plus t\u00f4t. \u00ab\u00a0Certaines r\u00e9glementations doivent \u00eatre r\u00e9duites\u00a0\u00bb, a-t-il lanc\u00e9 vendredi 16\u00a0mai \u00e0 propos de la CS3D \u00ab\u00a0en fin de compte, la solution doit \u00eatre de la supprimer\u00a0\u00bb.<\/p>\n<p>Macron se plie \u00e0 la volont\u00e9 du patronat<\/p>\n<p>Cette directive adopt\u00e9e, il y a plus d\u2019un an par le Parlement europ\u00e9en et le Conseil de l\u2019Union europ\u00e9enne, n\u2019a jamais \u00e9t\u00e9 appliqu\u00e9e int\u00e9gralement. Elle a \u00e9t\u00e9 repouss\u00e9e derni\u00e8rement de 2027 \u00e0 2028. Ce devoir de vigilance \u00e9tait n\u00e9 apr\u00e8s le drame du Rana Plaza au Bangladesh.<\/p>\n<p>L\u2019immeuble abritant un atelier de confection de pr\u00eat-\u00e0-porter pour de nombreuses marques occidentales s\u2019\u00e9tait effondr\u00e9 en avril 2013, faisant 1\u00a0130 morts. Le drame avait soulign\u00e9 les d\u00e9pendances de l\u2019industrie textile \u00e0 leurs fournisseurs et le respect des conditions de travail tout au long de la cha\u00eene d\u2019approvisionnement.<\/p>\n<p>Pour Marie Toussaint, eurod\u00e9put\u00e9e \u00e9cologiste (Verts\/ALE) et n\u00e9gociatrice de <a href=\"https:\/\/www.humanite.fr\/environnement\/commission-europeenne\/paquet-omnibus-et-clean-industrial-deal-la-commission-europeenne-detruit-les-acquis-environnementaux-et-sociaux-sous-la-pression-du-patronat\" target=\"_blank\" rel=\"noopener\">l\u2019omnibus concernant la transparence et la responsabilit\u00e9 des entreprises<\/a>\u00a0: \u00ab\u00a0Emmanuel Macron a fait le choix des lobbies et du cynisme. Supprimer la directive sur le devoir de vigilance, c\u2019est autoriser les multinationales \u00e0 continuer de polluer, d\u2019exploiter, de piller et tout \u00e7a en toute impunit\u00e9\u00a0! Il c\u00e8de une nouvelle fois aux injonctions de l\u2019extr\u00eame droite et du pire du patronat, au m\u00e9pris des droits humains et de la plan\u00e8te\u00a0\u00bb.<\/p>\n<p>La CS3D devait permettre de d\u00e9fendre les droits humains, d\u2019en finir avec la destruction des \u00e9cosyst\u00e8mes, de lutter contre le travail des enfants et le travail forc\u00e9. Elle \u00ab\u00a0introduit des obligations pour les grandes entreprises en ce qui concerne les incidences n\u00e9gatives de leurs activit\u00e9s sur les droits de l\u2019homme et la protection de l\u2019environnement. Elle fixe \u00e9galement les responsabilit\u00e9s li\u00e9es \u00e0 ces obligations. Les r\u00e8gles concernent non seulement les activit\u00e9s des entreprises, mais aussi celles de leurs filiales et de leurs partenaires commerciaux tout au long de la cha\u00eene d\u2019activit\u00e9s des entreprises\u00a0\u00bb, explique le Conseil europ\u00e9en. En cas de manquement \u00e0 ces obligations, les entreprises doivent prendre des mesures appropri\u00e9es m\u00eame concernant leurs partenaires tout au long de la cha\u00eene. En cas de dommages, elles peuvent en \u00eatre tenues responsables.<\/p>\n<p>Les syndicats europ\u00e9ens ont condamn\u00e9 cette offensive. La CES (Conf\u00e9d\u00e9ration europ\u00e9enne des syndicats), \u00ab\u00a0met un carton rouge \u00e0 la Commission europ\u00e9enne pour la poursuite de son agenda sur la d\u00e9r\u00e9glementation, et en premier lieu ses paquets omnibus\u00a0\u00bb.<\/p>\n<p>Un contresens historique<\/p>\n<p>Dans le cadre du projet de loi \u00ab\u00a0omnibus\u00a0\u00bb, la Commission europ\u00e9enne acte d\u00e9j\u00e0 au nom de la simplification la destruction de plusieurs r\u00e9glementations phares sur l\u2019environnement comme le Pacte vert europ\u00e9en et social avec la CS3D.\u00a0Les syndicats fran\u00e7ais ont r\u00e9clam\u00e9 dans un communiqu\u00e9 commun \u00ab\u00a0a contrario d\u2019impliquer au plus vite les organisations syndicales dans le cadre de la transposition de la directive de l\u2019UE sur le devoir de vigilance malgr\u00e9 le retard act\u00e9 au niveau de l\u2019UE.\u00a0\u00c0 deux semaines de la Conf\u00e9rence internationale du Travail et alors que le pr\u00e9sident fran\u00e7ais souhaite jouer un r\u00f4le actif dans l\u2019\u00e9dification d\u2019un nouvel ordre mondial, supprimer un texte multilat\u00e9ral qui r\u00e9gule la domination des multinationales est un contresens historique\u00a0\u00bb.<\/p>\n<p>De nombreuses ONG et associations \u00e9cologistes ont d\u00e9nonc\u00e9 l\u2019offensive du patronat et des dirigeants europ\u00e9ens. L\u2019association Notre Affaire \u00e0 Tous associ\u00e9e \u00e0 des ONG europ\u00e9ennes comme Attac, Oxfam, les Amis de la terre, ClientEarth, Amnesty International ont saisi la m\u00e9diatrice europ\u00e9enne pour fustiger des mesures europ\u00e9ennes visant \u00e0 simplifier des textes sociaux et environnement dont notamment le CS3D. Ils critiquent vivement une annonce qui \u00ab\u00a0r\u00e9pond en revanche aux d\u00e9sirs de Jordan Bardella, <a href=\"https:\/\/www.humanite.fr\/environnement\/ecologie\/climat-lanti-ecologisme-ligne-de-conduite-du-rn-au-parlement-europeen\" target=\"_blank\" rel=\"noopener\">dont le parti fait campagne depuis des mois pour abroger le devoir de vigilance et le Pacte Vert europ\u00e9en<\/a>\u00a0\u00bb.<\/p>\n<p>Le m\u00e9dia que les milliardaires ne peuvent pas s\u2019acheter<\/p>\n<p>Nous ne sommes financ\u00e9s par aucun milliardaire. Et nous en sommes fiers\u00a0! Mais nous sommes confront\u00e9s \u00e0 des d\u00e9fis financiers constants. Soutenez-nous\u00a0! Votre don sera d\u00e9fiscalis\u00e9\u00a0: donner 5\u20ac vous reviendra \u00e0 1.65\u20ac. Le prix d\u2019un caf\u00e9.<br \/><a href=\"https:\/\/www.humanite.fr\/lhumanite-cest-vous\" target=\"_blank\" rel=\"noopener\">Je veux en savoir plus\u00a0!<\/a><\/p>\n","protected":false},"excerpt":{"rendered":"Trop de normes, trop de droits, trop de contraintes pour les multinationales\u2026 Le pr\u00e9sident fran\u00e7ais l\u2019assume ouvertement. Apr\u00e8s&hellip;\n","protected":false},"author":2,"featured_media":119806,"comment_status":"","ping_status":"","sticky":false,"template":"","format":"standard","meta":{"footnotes":""},"categories":[1586],"tags":[11,1129,1073,1777,674,1011,27,4710,12,25,2475],"class_list":{"0":"post-119805","1":"post","2":"type-post","3":"status-publish","4":"format-standard","5":"has-post-thumbnail","7":"category-europe","8":"tag-actualites","9":"tag-climat","10":"tag-emmanuel-macron","11":"tag-eu","12":"tag-europe","13":"tag-fr","14":"tag-france","15":"tag-friedrich-merz","16":"tag-news","17":"tag-republique-francaise","18":"tag-union-europu00e9enne"},"share_on_mastodon":{"url":"https:\/\/pubeurope.com\/@fr\/114552318436181474","error":""},"_links":{"self":[{"href":"https:\/\/www.europesays.com\/fr\/wp-json\/wp\/v2\/posts\/119805","targetHints":{"allow":["GET"]}}],"collection":[{"href":"https:\/\/www.europesays.com\/fr\/wp-json\/wp\/v2\/posts"}],"about":[{"href":"https:\/\/www.europesays.com\/fr\/wp-json\/wp\/v2\/types\/post"}],"author":[{"embeddable":true,"href":"https:\/\/www.europesays.com\/fr\/wp-json\/wp\/v2\/users\/2"}],"replies":[{"embeddable":true,"href":"https:\/\/www.europesays.com\/fr\/wp-json\/wp\/v2\/comments?post=119805"}],"version-history":[{"count":0,"href":"https:\/\/www.europesays.com\/fr\/wp-json\/wp\/v2\/posts\/119805\/revisions"}],"wp:featuredmedia":[{"embeddable":true,"href":"https:\/\/www.europesays.com\/fr\/wp-json\/wp\/v2\/media\/119806"}],"wp:attachment":[{"href":"https:\/\/www.europesays.com\/fr\/wp-json\/wp\/v2\/media?parent=119805"}],"wp:term":[{"taxonomy":"category","embeddable":true,"href":"https:\/\/www.europesays.com\/fr\/wp-json\/wp\/v2\/categories?post=119805"},{"taxonomy":"post_tag","embeddable":true,"href":"https:\/\/www.europesays.com\/fr\/wp-json\/wp\/v2\/tags?post=119805"}],"curies":[{"name":"wp","href":"https:\/\/api.w.org\/{rel}","templated":true}]}}