{"id":119813,"date":"2025-05-22T16:03:17","date_gmt":"2025-05-22T16:03:17","guid":{"rendered":"https:\/\/www.europesays.com\/fr\/119813\/"},"modified":"2025-05-22T16:03:17","modified_gmt":"2025-05-22T16:03:17","slug":"airbnb-trace-sa-route-avec-le-tour-de-france","status":"publish","type":"post","link":"https:\/\/www.europesays.com\/fr\/119813\/","title":{"rendered":"Airbnb trace sa route avec le Tour de France"},"content":{"rendered":"<p>\t\t\t\t\t Avec le Tour de France, Airbnb aura l\u2019occasion de valoriser ces nouvelles offres. <\/p>\n<p>Dans le d\u00e9tail, la plateforme proposera des exp\u00e9riences pour d\u00e9couvrir les richesses des r\u00e9gions travers\u00e9es, mais aussi des <b>exp\u00e9riences uniques<\/b> dans le cadre des \u00ab Airbnb Originals \u00bb (exp\u00e9riences cr\u00e9\u00e9es avec des h\u00f4tes prestigieux) pour s\u2019immerger <b>dans les coulisses de la Grande Boucle.<\/b>&#13;\t\t\t\t\t <\/p>\n<p>Les voyageurs qui r\u00e9serveront l\u2019un des h\u00e9bergements \u00e0 proximit\u00e9 des \u00e9tapes se verront ainsi proposer de d\u00e9marrer la journ\u00e9e par un <b>petit-d\u00e9jeuner exclusif avec l\u2019ancien champion Thomas Voeckler<\/b>, pourront cr\u00e9er un maillot sp\u00e9cial avec Fergus Niland, designer du maillot jaune, ou p\u00e9daler lors d\u2019une journ\u00e9e de repos aux c\u00f4t\u00e9s de l\u2019ex-cycliste Steve Chainel. &#13;\t\t\t\t\t <\/p>\n<p>Surtout, \u00e0 l\u2019occasion de la derni\u00e8re \u00e9tape qui arrivera \u00e0 Paris le 26 juillet, Airbnb proposera une <b>rencontre in\u00e9dite (et gratuite) avec Mark Cavendish, vainqueur de 35 \u00e9tapes du Tour<\/b>. &#13;\t\t\t\t\t <\/p>\n<p>Vingt personnes seront accueillies dans le Grand Palais pour une <b>soir\u00e9e avec le champion britannique<\/b>, pourront p\u00e9daler \u00e0 ses c\u00f4t\u00e9s sous la verri\u00e8re puis, le lendemain, sur les Champs Elys\u00e9es, avant d\u2019assister au <b>sprint final en espace VIP<\/b> ; un joli coup de pub !\n\t\t\t\t <\/p>\n","protected":false},"excerpt":{"rendered":"Avec le Tour de France, Airbnb aura l\u2019occasion de valoriser ces nouvelles offres. Dans le d\u00e9tail, la plateforme&hellip;\n","protected":false},"author":2,"featured_media":119814,"comment_status":"","ping_status":"","sticky":false,"template":"","format":"standard","meta":{"footnotes":""},"categories":[4],"tags":[11,7345,1011,27,12,25,210],"class_list":{"0":"post-119813","1":"post","2":"type-post","3":"status-publish","4":"format-standard","5":"has-post-thumbnail","7":"category-france","8":"tag-actualites","9":"tag-airbnb","10":"tag-fr","11":"tag-france","12":"tag-news","13":"tag-republique-francaise","14":"tag-tour-de-france"},"share_on_mastodon":{"url":"https:\/\/pubeurope.com\/@fr\/114552334156318154","error":""},"_links":{"self":[{"href":"https:\/\/www.europesays.com\/fr\/wp-json\/wp\/v2\/posts\/119813","targetHints":{"allow":["GET"]}}],"collection":[{"href":"https:\/\/www.europesays.com\/fr\/wp-json\/wp\/v2\/posts"}],"about":[{"href":"https:\/\/www.europesays.com\/fr\/wp-json\/wp\/v2\/types\/post"}],"author":[{"embeddable":true,"href":"https:\/\/www.europesays.com\/fr\/wp-json\/wp\/v2\/users\/2"}],"replies":[{"embeddable":true,"href":"https:\/\/www.europesays.com\/fr\/wp-json\/wp\/v2\/comments?post=119813"}],"version-history":[{"count":0,"href":"https:\/\/www.europesays.com\/fr\/wp-json\/wp\/v2\/posts\/119813\/revisions"}],"wp:featuredmedia":[{"embeddable":true,"href":"https:\/\/www.europesays.com\/fr\/wp-json\/wp\/v2\/media\/119814"}],"wp:attachment":[{"href":"https:\/\/www.europesays.com\/fr\/wp-json\/wp\/v2\/media?parent=119813"}],"wp:term":[{"taxonomy":"category","embeddable":true,"href":"https:\/\/www.europesays.com\/fr\/wp-json\/wp\/v2\/categories?post=119813"},{"taxonomy":"post_tag","embeddable":true,"href":"https:\/\/www.europesays.com\/fr\/wp-json\/wp\/v2\/tags?post=119813"}],"curies":[{"name":"wp","href":"https:\/\/api.w.org\/{rel}","templated":true}]}}