{"id":119817,"date":"2025-05-22T16:05:08","date_gmt":"2025-05-22T16:05:08","guid":{"rendered":"https:\/\/www.europesays.com\/fr\/119817\/"},"modified":"2025-05-22T16:05:08","modified_gmt":"2025-05-22T16:05:08","slug":"non-a-la-disparition-du-pavvb","status":"publish","type":"post","link":"https:\/\/www.europesays.com\/fr\/119817\/","title":{"rendered":"Non \u00e0 la disparition du PAVVB"},"content":{"rendered":"<p>                        Pour que le sport f\u00e9minin vive en Provence, <strong>NON A LA DISPARITION DU PAVVB<\/strong>.<\/p>\n<p>Le PAVVB, c&rsquo;est :<\/p>\n<p>\u2022 19 ann\u00e9es cons\u00e9cutives en 1\u00e8re division du volley-ball professionnel f\u00e9minin Ligue AF.<br \/>\u2022 2 Coupes de France en 2017 et 2020.<br \/>\u2022 2 participations en Coupe d&rsquo;Europe.<\/p>\n<p>Sur les 4 derni\u00e8res saisons sportives, le PAVVB a termin\u00e9 2 fois sur le podium de la Ligue AF, s\u2019est qualifi\u00e9 2 fois pour une coupe d\u2019Europe et a remport\u00e9 1 coupe de france.\u00a0<\/p>\n<p>Le PAVVB attire<strong> les meilleures joueuses internationales du monde entier.<\/strong><\/p>\n<p>\u2022 Saison 2024\/2025 :\u00a0<br \/>2\u00e8me de la saison r\u00e9guli\u00e8re.<br \/>1\/2 finaliste des play-offs. <br \/>1\/2 finaliste de la Coupe de France. <br \/>Qualification \u00e0 la Coupe d&rsquo;Europe CEV CUP.<\/p>\n<p>Le PAVVB, c\u2019est aussi <strong>une Volley Academy au service de la formation des joueuses de volley<\/strong> du plus jeune \u00e2ge jusqu\u2019\u00e0 l\u2019\u00e9quipe de France :<\/p>\n<p>\u2022 250 licenci\u00e9s jeunes.<br \/>\u2022 un secteur f\u00e9d\u00e9ral brillant (\u00e9quipes M11, M13, M15, d\u00e9partementale, r\u00e9gionale, pr\u00e9nationale, N2) qui participe r\u00e9guli\u00e8rement aux phases finales de Coupe de France jeune.<\/p>\n<p>C\u2019est aussi le 1er club professionnel f\u00e9minin de haut niveau qui porte et fait rayonner positivement le territoire Provence et la M\u00e9tropole Aix-Marseille Provence.\u00a0<\/p>\n<p>En <strong>signant cette p\u00e9tition,<\/strong> vous apportez votre soutien pour que ce club majeur du PAVVB <strong>ne disparaisse pas du paysage sportif f\u00e9minin<\/strong> <strong>de haut niveau<\/strong> et vous faites appel aux collectivit\u00e9s afin qu&rsquo;elles agissent urgemment pour sauver le club du PAVVB.                    <\/p>\n","protected":false},"excerpt":{"rendered":"Pour que le sport f\u00e9minin vive en Provence, NON A LA DISPARITION DU PAVVB. Le PAVVB, c&rsquo;est :&hellip;\n","protected":false},"author":2,"featured_media":119818,"comment_status":"","ping_status":"","sticky":false,"template":"","format":"standard","meta":{"footnotes":""},"categories":[1417],"tags":[1011,27,60,1470,1469],"class_list":{"0":"post-119817","1":"post","2":"type-post","3":"status-publish","4":"format-standard","5":"has-post-thumbnail","7":"category-volley","8":"tag-fr","9":"tag-france","10":"tag-sports","11":"tag-volley","12":"tag-volleyball"},"share_on_mastodon":{"url":"https:\/\/pubeurope.com\/@fr\/114552342047591932","error":""},"_links":{"self":[{"href":"https:\/\/www.europesays.com\/fr\/wp-json\/wp\/v2\/posts\/119817","targetHints":{"allow":["GET"]}}],"collection":[{"href":"https:\/\/www.europesays.com\/fr\/wp-json\/wp\/v2\/posts"}],"about":[{"href":"https:\/\/www.europesays.com\/fr\/wp-json\/wp\/v2\/types\/post"}],"author":[{"embeddable":true,"href":"https:\/\/www.europesays.com\/fr\/wp-json\/wp\/v2\/users\/2"}],"replies":[{"embeddable":true,"href":"https:\/\/www.europesays.com\/fr\/wp-json\/wp\/v2\/comments?post=119817"}],"version-history":[{"count":0,"href":"https:\/\/www.europesays.com\/fr\/wp-json\/wp\/v2\/posts\/119817\/revisions"}],"wp:featuredmedia":[{"embeddable":true,"href":"https:\/\/www.europesays.com\/fr\/wp-json\/wp\/v2\/media\/119818"}],"wp:attachment":[{"href":"https:\/\/www.europesays.com\/fr\/wp-json\/wp\/v2\/media?parent=119817"}],"wp:term":[{"taxonomy":"category","embeddable":true,"href":"https:\/\/www.europesays.com\/fr\/wp-json\/wp\/v2\/categories?post=119817"},{"taxonomy":"post_tag","embeddable":true,"href":"https:\/\/www.europesays.com\/fr\/wp-json\/wp\/v2\/tags?post=119817"}],"curies":[{"name":"wp","href":"https:\/\/api.w.org\/{rel}","templated":true}]}}