{"id":119831,"date":"2025-05-22T16:13:08","date_gmt":"2025-05-22T16:13:08","guid":{"rendered":"https:\/\/www.europesays.com\/fr\/119831\/"},"modified":"2025-05-22T16:13:08","modified_gmt":"2025-05-22T16:13:08","slug":"omar-sy-accuse-davoir-menace-et-insulte-des-agents-sncf-en-gare-de-lyon","status":"publish","type":"post","link":"https:\/\/www.europesays.com\/fr\/119831\/","title":{"rendered":"Omar Sy accus\u00e9 d&rsquo;avoir menac\u00e9 et insult\u00e9 des agents SNCF en gare de Lyon"},"content":{"rendered":"<p>            Par<br \/>\n        <strong><br \/>\n            <a href=\"https:\/\/actu.fr\/auteur\/sarah-coulet\" title=\"Consulter tous les articles de Sarah Coulet\" rel=\"nofollow noopener\" target=\"_blank\">Sarah Coulet<\/a><br \/>\n        <\/strong><\/p>\n<p>        Publi\u00e9 le<\/p>\n<p>            22 mai 2025 \u00e0 15h48        <\/p>\n<p>Embarquement difficile pour <a href=\"https:\/\/actu.fr\/tag\/omar-sy\" rel=\"nofollow noopener\" target=\"_blank\">Omar Sy<\/a> ce jeudi 22\u00a0mai 2025. Alors qu\u2019il se trouvait en gare de Lyon \u00e0 Paris pour prendre un train en direction d\u2019Avignon, l\u2019acteur c\u00e9saris\u00e9 aurait agress\u00e9 verbalement des agents de bord de la <a href=\"https:\/\/actu.fr\/tag\/sncf\" rel=\"nofollow noopener\" target=\"_blank\">SNCF<\/a> qui lui demandait de <strong>museler son chien<\/strong> avant de monter \u00e0 bord, a appris\u00a0<a href=\"https:\/\/actu.fr\/paris\/dernieres-actus\" rel=\"nofollow noopener\" target=\"_blank\">actu Paris<\/a>\u00a0aupr\u00e8s de l\u2019entreprise ferroviaire, confirmant une information de <a href=\"https:\/\/www.laprovence.com\/article\/faits-divers-justice\/2908893320671514\/info-la-provence-en-route-pour-avignon-omar-sy-accuse-de-menaces-de-mort-et-outrages-sur-des-agents-sncf-en-gare-a-paris\" rel=\"nofollow noopener\" target=\"_blank\">La Provence<\/a>.<\/p>\n<p>\u00ab\u2009Des propos mena\u00e7ants\u2009\u00bb<\/p>\n<p class=\" wall-content\">\u00ab\u2009Une altercation\u2009\u00bb aurait eu lieu entre un agent de bord et Omar Sy qui aurait aussi tenu \u00ab\u2009des propos mena\u00e7ants\u2009\u00bb. Selon le quotidien, il \u00e9tait aux alentours de 7\u00a0heures lorsque le natif de Trappes qui se rendait dans la Cit\u00e9 des Papes pour le d\u00e9fil\u00e9 Louis Vuitton, aurait une premi\u00e8re fois <strong>refus\u00e9 d\u2019ob\u00e9ir<\/strong> aux r\u00e8gles de la SNCF.<\/p>\n<p class=\" wall-content\">Une fois \u00e0 bord, son comportement aurait une nouvelle fois d\u00e9pass\u00e9 les limites et il aurait r\u00e9it\u00e9r\u00e9 menaces et insultes. Toujours selon les informations de La Provence, \u00e0 son arriv\u00e9e en gare, Omar Sy n\u2019aurait pas \u00e9t\u00e9 inqui\u00e9t\u00e9 par les forces de l\u2019ordre mais la soci\u00e9t\u00e9 ferroviaire nous indique que \u00ab\u2009des <strong>poursuites<\/strong> seront engag\u00e9es\u2009\u00bb. Pour l\u2019heure, l\u2019acteur n\u2019a <strong>pas r\u00e9agi<\/strong>.<\/p>\n<p class=\" wall-content\">Ce n\u2019est <strong>pas la premi\u00e8re fois<\/strong> que le ton monte entre l\u2019interpr\u00e8te de\u00a0Lupin et les agents de la SNCF. \u00c0 l\u2019\u00e9t\u00e9 2018, alors qu\u2019il s\u2019appr\u00eatait \u00e0 prendre un train une fois encore en gare de Lyon \u00e0 Paris, il aurait perdu ses nerfs lorsque les contr\u00f4leurs lui ont signifi\u00e9 qu\u2019il ne pouvait pas avoir sept valises. Aucune plainte n\u2019avait \u00e9t\u00e9 d\u00e9pos\u00e9e, mais l\u2019affaire avait fait du bruit.\u00a0<\/p>\n<p class=\" wall-content\">Suivez toute l\u2019actualit\u00e9 de vos villes et m\u00e9dias favoris en vous inscrivant \u00e0 <a href=\"https:\/\/moncompte.actu.fr\" title=\"D\u00e9couvez Mon Actu\" rel=\"nofollow noopener\" data-trk=\"{&quot;cta&quot;:{&quot;action&quot;:&quot;https:\\\/\\\/moncompte.actu.fr&quot;,&quot;category&quot;:&quot;mon compte&quot;,&quot;from&quot;:&quot;article footer&quot;,&quot;name&quot;:&quot;Mon actu&quot;,&quot;type&quot;:&quot;cta&quot;}}\" target=\"_blank\">Mon Actu<\/a>.<\/p>\n","protected":false},"excerpt":{"rendered":"Par Sarah Coulet Publi\u00e9 le 22 mai 2025 \u00e0 15h48 Embarquement difficile pour Omar Sy ce jeudi 22\u00a0mai&hellip;\n","protected":false},"author":2,"featured_media":119832,"comment_status":"","ping_status":"","sticky":false,"template":"","format":"standard","meta":{"footnotes":""},"categories":[1359],"tags":[58,59,118,1011,27,18580,973,2215],"class_list":{"0":"post-119831","1":"post","2":"type-post","3":"status-publish","4":"format-standard","5":"has-post-thumbnail","7":"category-people","8":"tag-divertissement","9":"tag-entertainment","10":"tag-faits-divers","11":"tag-fr","12":"tag-france","13":"tag-omar-sy","14":"tag-people","15":"tag-sncf"},"share_on_mastodon":{"url":"https:\/\/pubeurope.com\/@fr\/114552373497567612","error":""},"_links":{"self":[{"href":"https:\/\/www.europesays.com\/fr\/wp-json\/wp\/v2\/posts\/119831","targetHints":{"allow":["GET"]}}],"collection":[{"href":"https:\/\/www.europesays.com\/fr\/wp-json\/wp\/v2\/posts"}],"about":[{"href":"https:\/\/www.europesays.com\/fr\/wp-json\/wp\/v2\/types\/post"}],"author":[{"embeddable":true,"href":"https:\/\/www.europesays.com\/fr\/wp-json\/wp\/v2\/users\/2"}],"replies":[{"embeddable":true,"href":"https:\/\/www.europesays.com\/fr\/wp-json\/wp\/v2\/comments?post=119831"}],"version-history":[{"count":0,"href":"https:\/\/www.europesays.com\/fr\/wp-json\/wp\/v2\/posts\/119831\/revisions"}],"wp:featuredmedia":[{"embeddable":true,"href":"https:\/\/www.europesays.com\/fr\/wp-json\/wp\/v2\/media\/119832"}],"wp:attachment":[{"href":"https:\/\/www.europesays.com\/fr\/wp-json\/wp\/v2\/media?parent=119831"}],"wp:term":[{"taxonomy":"category","embeddable":true,"href":"https:\/\/www.europesays.com\/fr\/wp-json\/wp\/v2\/categories?post=119831"},{"taxonomy":"post_tag","embeddable":true,"href":"https:\/\/www.europesays.com\/fr\/wp-json\/wp\/v2\/tags?post=119831"}],"curies":[{"name":"wp","href":"https:\/\/api.w.org\/{rel}","templated":true}]}}