{"id":119833,"date":"2025-05-22T16:14:08","date_gmt":"2025-05-22T16:14:08","guid":{"rendered":"https:\/\/www.europesays.com\/fr\/119833\/"},"modified":"2025-05-22T16:14:08","modified_gmt":"2025-05-22T16:14:08","slug":"le-dernier-naufrage-du-world-press-photo","status":"publish","type":"post","link":"https:\/\/www.europesays.com\/fr\/119833\/","title":{"rendered":"le dernier naufrage du World Press Photo"},"content":{"rendered":"<p><strong>ANALYSE &#8211; <\/strong>Malgr\u00e9 l\u2019absence de preuves irr\u00e9futables, le World Press Photo a choisi de destituer un photographe de la paternit\u00e9 de son image r\u00e9compens\u00e9e en 1973. Une affaire qui interroge autant sur la m\u00e9moire du photojournalisme que sur les d\u00e9rives actuelles de ceux qui pr\u00e9tendent en d\u00e9fendre l\u2019\u00e9thique.<\/p>\n<p class=\"fig-paragraph\">Coupable, jusqu\u2019\u00e0 preuve du contraire. C\u2019est le sens de la d\u00e9cision du\u00a0<a href=\"http:\/\/www.lefigaro.fr\/lefigaromagazine\/world-press-photo-2025-le-refus-de-l-evidence-20250425\" data-fig-type=\"Article\" data-gtm-custom-categorie=\"navigation\" data-gtm-custom-action=\"crossclick\" data-gtm-custom-label=\"Contextuel\" data-gtm-event=\"customEventSPE\" data-fig-domain=\"LEFIGARO\" target=\"_blank\" rel=\"noopener\">World Press Photo<\/a>, qui r\u00e9compense chaque ann\u00e9e, depuis 1955, les meilleures photos de presse de l\u2019ann\u00e9e \u00e9coul\u00e9e. L\u2019organisation a d\u00e9cid\u00e9 de \u00ab suspendre l\u2019attribution de la paternit\u00e9 d\u2019une image historique\u00a0\u00bb, celle de Phan Thi Kim Phuc, prise par Nick Ut pr\u00e8s de Trang Bang le 8 juin 1972 \u2013 sans doute l\u2019une des dix photos d\u2019histoire les plus connues du XXe si\u00e8cle.<\/p>\n<p class=\"fig-paragraph\">\u00ab Nous avons d\u00e9cid\u00e9 de conserver le prix de 1973 pour cette photo, mais nous avons suspendu l\u2019attribution jusqu\u2019\u00e0 ce qu\u2019il y ait d\u2019autres preuves\u00a0\u00bb, a d\u00e9clar\u00e9 la directrice g\u00e9n\u00e9rale du World Press Photo, Joumana El Zein Khoury, dans un entretien au quotidien\u00a0<a href=\"https:\/\/www.lemonde.fr\/culture\/article\/2025\/05\/21\/joumana-el-zein-khoury-directrice-generale-du-world-press-photo-la-petite-fille-au-napalm-c-est-une-legende-qui-est-remise-en-cause_6607616_3246.html\" target=\"_blank\" rel=\"nofollow noopener\" data-gtm-custom-categorie=\"navigation\" data-gtm-custom-action=\"crossclick\" data-gtm-custom-label=\"Contextuel\" data-gtm-event=\"customEventSPE\">Le Monde<\/a> . Suspension qui n\u2019a pas de limite dans le temps. Nick Ut, qui a aujourd\u2019hui 74 ans, est donc d\u00e9pouill\u00e9 de cette r\u00e9compense. Mais les ressorts de cette d\u00e9cision viennent \u00e9corcher une fois de plus la r\u00e9putation de l\u2019organisation n\u00e9erlandaise.<\/p>\n<p class=\"fig-body-link\">\n            \u00c0 lire aussi<br \/>\n        <a class=\"fig-body-link__link fig-premium-mark\" href=\"http:\/\/www.lefigaro.fr\/arts-expositions\/au-musee-guimet-la-guerre-du-vietnam-dans-l-oeil-decale-de-marc-riboud-20250307\" data-fig-type=\"Article\" data-gtm-custom-categorie=\"navigation\" data-gtm-custom-action=\"crossclick\" data-gtm-custom-label=\"Contextuel\" data-gtm-event=\"customEventSPE\" data-fig-domain=\"LEFIGARO\" target=\"_blank\" rel=\"noopener\">Au Mus\u00e9e Guimet, la guerre du Vietnam dans l\u2019\u0153il d\u00e9cal\u00e9 de Marc Riboud<br \/>\n    <\/a>\n<\/p>\n<p class=\"fig-paragraph\">Le World Press Photo est secou\u00e9 depuis\u2026<\/p>\n<p class=\"fig-premium-paywall__infos\">\n        Cet article est r\u00e9serv\u00e9 aux abonn\u00e9s.        Il vous reste 91% \u00e0 d\u00e9couvrir.\n    <\/p>\n<p>                <img  data- alt=\"Le Figaro\" class=\"fig-img--complete fig-img\"\/><\/p>\n<p class=\"fig-premium-paywall__title\">Vente Flash<\/p>\n<p class=\"fig-premium-paywall__subtitle\">4,99\u20ac par mois pendant 12 mois. Sans engagement.<\/p>\n<p class=\"fig-premium-paywall__connect\">\n                D\u00e9j\u00e0 abonn\u00e9\u00a0?                <a class=\"fig-premium-paywall__connect-link\" href=\"https:\/\/connect.lefigaro.fr\/login?client=horizon_web&amp;type=main&amp;redirect_uri=https%3A%2F%2Fwww.lefigaro.fr%2Fphotos%2Fnick-ut-destitue-de-son-prix-pour-la-photographie-napalm-girl-le-dernier-naufrage-du-world-press-photo-20250522\" data-js-gtm=\"{&quot;customCategorie&quot;: &quot;conversion&quot;, &quot;customAction&quot;: &quot;before_Landing_Connexion_paywall_manuel&quot;, &quot;customLabel&quot;: &quot;bGVmaWdhcm8uZnJfXzFmMDM2ZGU5LTgyMGQtNjgzMC04NjQ5LTM3NDAyM2Y0MWM2OF9fQXJ0aWNsZQ==_Nick Ut destitu\u00e9 de son prix pour la photographie \u00abNapalm Girl\u00bb: le dernier naufrage du World Press Photo_38&quot;, &quot;customIDSPE&quot;: &quot;bGVmaWdhcm8uZnJfXzFmMDM2ZGU5LTgyMGQtNjgzMC04NjQ5LTM3NDAyM2Y0MWM2OF9fQXJ0aWNsZQ==&quot;, &quot;event&quot;: &quot;customEventSPE&quot;}\" target=\"_blank\" rel=\"noopener\"><br \/>\n                    Connectez-vous<br \/>\n                <\/a>\n            <\/p>\n","protected":false},"excerpt":{"rendered":"ANALYSE &#8211; Malgr\u00e9 l\u2019absence de preuves irr\u00e9futables, le World Press Photo a choisi de destituer un photographe de&hellip;\n","protected":false},"author":2,"featured_media":119834,"comment_status":"","ping_status":"","sticky":false,"template":"","format":"standard","meta":{"footnotes":""},"categories":[1358],"tags":[1348,1384,1385,1386,58,59,1011,27,16230,13478,4430,2745,1756,2189,14153],"class_list":{"0":"post-119833","1":"post","2":"type-post","3":"status-publish","4":"format-standard","5":"has-post-thumbnail","7":"category-arts-et-design","8":"tag-arts","9":"tag-arts-and-design","10":"tag-arts-et-design","11":"tag-design","12":"tag-divertissement","13":"tag-entertainment","14":"tag-fr","15":"tag-france","16":"tag-guerre-du-vietnam","17":"tag-image","18":"tag-images","19":"tag-photo","20":"tag-photographie","21":"tag-photos","22":"tag-world-press-photo"},"share_on_mastodon":{"url":"https:\/\/pubeurope.com\/@fr\/114552377386905120","error":""},"_links":{"self":[{"href":"https:\/\/www.europesays.com\/fr\/wp-json\/wp\/v2\/posts\/119833","targetHints":{"allow":["GET"]}}],"collection":[{"href":"https:\/\/www.europesays.com\/fr\/wp-json\/wp\/v2\/posts"}],"about":[{"href":"https:\/\/www.europesays.com\/fr\/wp-json\/wp\/v2\/types\/post"}],"author":[{"embeddable":true,"href":"https:\/\/www.europesays.com\/fr\/wp-json\/wp\/v2\/users\/2"}],"replies":[{"embeddable":true,"href":"https:\/\/www.europesays.com\/fr\/wp-json\/wp\/v2\/comments?post=119833"}],"version-history":[{"count":0,"href":"https:\/\/www.europesays.com\/fr\/wp-json\/wp\/v2\/posts\/119833\/revisions"}],"wp:featuredmedia":[{"embeddable":true,"href":"https:\/\/www.europesays.com\/fr\/wp-json\/wp\/v2\/media\/119834"}],"wp:attachment":[{"href":"https:\/\/www.europesays.com\/fr\/wp-json\/wp\/v2\/media?parent=119833"}],"wp:term":[{"taxonomy":"category","embeddable":true,"href":"https:\/\/www.europesays.com\/fr\/wp-json\/wp\/v2\/categories?post=119833"},{"taxonomy":"post_tag","embeddable":true,"href":"https:\/\/www.europesays.com\/fr\/wp-json\/wp\/v2\/tags?post=119833"}],"curies":[{"name":"wp","href":"https:\/\/api.w.org\/{rel}","templated":true}]}}