{"id":119835,"date":"2025-05-22T16:15:10","date_gmt":"2025-05-22T16:15:10","guid":{"rendered":"https:\/\/www.europesays.com\/fr\/119835\/"},"modified":"2025-05-22T16:15:10","modified_gmt":"2025-05-22T16:15:10","slug":"la-sortie-dun-livre-sur-les-cezanne-degenere-en-conflit-familial","status":"publish","type":"post","link":"https:\/\/www.europesays.com\/fr\/119835\/","title":{"rendered":"La sortie d\u2019un livre sur les C\u00e9zanne d\u00e9g\u00e9n\u00e8re en conflit familial"},"content":{"rendered":"<p>                     <img loading=\"lazy\" decoding=\"async\" class=\"picture--cover\" src=\"https:\/\/www.europesays.com\/fr\/wp-content\/uploads\/2025\/05\/b7a2897_sirius-fs-upload-1-dz6kn8htxild-1747928734688-montages-27.png\"  width=\"640\" height=\"430\" alt=\"Le livre de Tess C\u00e9zanne verra-t-il le jour\u00a0?\" title=\"Le livre de Tess C\u00e9zanne verra-t-il le jour\u00a0?\"\/>      Le livre de Tess C\u00e9zanne verra-t-il le jour\u00a0?        <\/p>\n<p class=\"paywall--paraph\">Les amateurs d\u2019art le savent s\u00fbrement\u00a0: cette ann\u00e9e est plac\u00e9e sous le signe de Paul C\u00e9zanne \u00e0 Aix-en-Provence. Sa ville natale, qui lui doit une renomm\u00e9e internationale gr\u00e2ce \u00e0 ses \u0153uvres repr\u00e9sentant notamment la toute proche montagne Sainte Victoire, s\u2019appr\u00eate \u00e0 lancer \u00ab\u00a0C\u00e9zanne 2025\u00a0\u00bb. Des nombreux \u00e9v\u00e9nements sont programm\u00e9s \u00e0 partir de juin pour c\u00e9l\u00e9brer cet artiste mondialement connu qui a laiss\u00e9, avec son \u0153uvre, un h\u00e9ritage colossal. Mais c\u2019est aussi un h\u00e9ritage tr\u00e8s convoit\u00e9,<strong> <\/strong>si l\u2019on croit la quatri\u00e8me de couverture d\u2019un livre, la Mal\u00e9diction des C\u00e9zanne, qui devait para\u00eetre aux \u00e9ditions Plon (groupe Editis) le 10\u00a0avril dernier. Dans la pr\u00e9sentation qui en est faite sur le site \u00ab\u00a0Lisez\u00a0!\u00a0\u00bb (Editis), l\u2019autrice Tess C\u00e9zanne, arri\u00e8re-arri\u00e8re-arri\u00e8re petite-fille de l\u2019artiste, n\u2019y va pas avec le manche de son pinceau. Elle promet d\u2019y d\u00e9voiler \u00ab\u00a0les p\u00e9rip\u00e9ties des derni\u00e8res g\u00e9n\u00e9rations de sa famille\u00a0\u00bb et les \u00ab\u00a0drames dignes des plus rocambolesques sagas\u00a0\u00bb auxquels elle a assist\u00e9.<\/p>\n","protected":false},"excerpt":{"rendered":"Le livre de Tess C\u00e9zanne verra-t-il le jour\u00a0? Les amateurs d\u2019art le savent s\u00fbrement\u00a0: cette ann\u00e9e est plac\u00e9e&hellip;\n","protected":false},"author":2,"featured_media":119836,"comment_status":"","ping_status":"","sticky":false,"template":"","format":"standard","meta":{"footnotes":""},"categories":[1357],"tags":[1379,58,4660,24106,59,1011,27,1380],"class_list":{"0":"post-119835","1":"post","2":"type-post","3":"status-publish","4":"format-standard","5":"has-post-thumbnail","7":"category-livres","8":"tag-books","9":"tag-divertissement","10":"tag-edition","11":"tag-editis","12":"tag-entertainment","13":"tag-fr","14":"tag-france","15":"tag-livres"},"share_on_mastodon":{"url":"https:\/\/pubeurope.com\/@fr\/114552381391294457","error":""},"_links":{"self":[{"href":"https:\/\/www.europesays.com\/fr\/wp-json\/wp\/v2\/posts\/119835","targetHints":{"allow":["GET"]}}],"collection":[{"href":"https:\/\/www.europesays.com\/fr\/wp-json\/wp\/v2\/posts"}],"about":[{"href":"https:\/\/www.europesays.com\/fr\/wp-json\/wp\/v2\/types\/post"}],"author":[{"embeddable":true,"href":"https:\/\/www.europesays.com\/fr\/wp-json\/wp\/v2\/users\/2"}],"replies":[{"embeddable":true,"href":"https:\/\/www.europesays.com\/fr\/wp-json\/wp\/v2\/comments?post=119835"}],"version-history":[{"count":0,"href":"https:\/\/www.europesays.com\/fr\/wp-json\/wp\/v2\/posts\/119835\/revisions"}],"wp:featuredmedia":[{"embeddable":true,"href":"https:\/\/www.europesays.com\/fr\/wp-json\/wp\/v2\/media\/119836"}],"wp:attachment":[{"href":"https:\/\/www.europesays.com\/fr\/wp-json\/wp\/v2\/media?parent=119835"}],"wp:term":[{"taxonomy":"category","embeddable":true,"href":"https:\/\/www.europesays.com\/fr\/wp-json\/wp\/v2\/categories?post=119835"},{"taxonomy":"post_tag","embeddable":true,"href":"https:\/\/www.europesays.com\/fr\/wp-json\/wp\/v2\/tags?post=119835"}],"curies":[{"name":"wp","href":"https:\/\/api.w.org\/{rel}","templated":true}]}}