{"id":119837,"date":"2025-05-22T16:16:16","date_gmt":"2025-05-22T16:16:16","guid":{"rendered":"https:\/\/www.europesays.com\/fr\/119837\/"},"modified":"2025-05-22T16:16:16","modified_gmt":"2025-05-22T16:16:16","slug":"nais-koh-lanta-repond-aux-rumeurs-de-couple-avec-adrien","status":"publish","type":"post","link":"https:\/\/www.europesays.com\/fr\/119837\/","title":{"rendered":"Na\u00efs (Koh-Lanta) r\u00e9pond aux rumeurs de couple avec Adrien !"},"content":{"rendered":"<p>Pourtant pas tr\u00e8s proches au d\u00e9but de Koh-Lanta : La Revanche des 4 Terres, Na\u00efs et Adrien sont d\u00e9sormais ins\u00e9parables. De quoi soup\u00e7onner les deux aventuriers d&rsquo;\u00eatre en couple. La principale concern\u00e9e brise le silence.<\/p>\n<p>Les places sont de plus en plus ch\u00e8res dans <a href=\"https:\/\/www.programme-tv.net\/news\/tv\/370938-koh-lanta-2025-date-de-diffusion-candidats-nouveautes-toutes-les-infos-sur-la-revanche-des-4-terres-la-nouvelle-saison-du-jeu-de-tf1\/\" data-api-deeplink=\"teleloisirs:\/\/news\/370938\" target=\"_blank\" rel=\"noopener\">Koh-Lanta : La revanche des 4 terres<\/a>. Depuis la r\u00e9unification, les alliances sont compl\u00e8tement mises \u00e0 l&rsquo;\u00e9preuve. Dans l&rsquo;\u00e9pisode diffus\u00e9 le mardi 20 mai, <a href=\"https:\/\/www.programme-tv.net\/biographie\/4383-brogniart-denis\/\" data-link-people=\"2580c48c-1b4f-411c-8ab6-8f62dfe1f8ca\" target=\"_blank\" rel=\"noopener\">Denis Brogniart<\/a> \u00e9tait \u00e0 la t\u00eate d&rsquo;un nouveau conseil \u00e0 l&rsquo;issue duquel <a href=\"https:\/\/www.programme-tv.net\/news\/tv\/379300-personne-ne-s-en-rendait-compte-ce-regret-que-nais-koh-lanta-2025-garde-a-propos-de-son-aventure\/\" data-api-deeplink=\"teleloisirs:\/\/news\/379300\" target=\"_blank\" rel=\"noopener\">Na\u00efs a \u00e9t\u00e9 \u00e9limin\u00e9e<\/a>. Mais cette \u00e9tape de l&rsquo;aventure \u00e9tant celle des Destins li\u00e9s, son bin\u00f4me, Pierre-Marie, a \u00e9galement d\u00fb quitter le jeu. <a href=\"https:\/\/www.programme-tv.net\/news\/tv\/379319-pierre-marie-koh-lanta-2025-evoque-ses-relations-actuelles-avec-maxime-disons-que-c-est-courtois\/\" data-api-deeplink=\"teleloisirs:\/\/news\/379319\" target=\"_blank\" rel=\"noopener\">Un coup dur pour ce dernier qui a \u00e9t\u00e9 victime de la strat\u00e9gie de Maxime<\/a>. N\u00e9anmoins, l&rsquo;ex-candidate de la tribu Bleue ne pourra pas retrouver son acolyte Adrien <a href=\"https:\/\/www.programme-tv.net\/news\/tv\/378286-je-suis-au-courant-nais-koh-lanta-2025-evoque-la-raison-du-non-retour-d-adrien-pour-raison-medicale-dans-l-aventure\/\" data-api-deeplink=\"teleloisirs:\/\/news\/378286\" target=\"_blank\" rel=\"noopener\">dans la r\u00e9sidence du jury final puisqu&rsquo;il n&rsquo;en fait, exceptionnellement, pas partie<\/a>. Pendant des jours, l&rsquo;\u00e9ducatrice sp\u00e9cialis\u00e9e a eu du mal \u00e0 s&rsquo;entendre avec Adrien, mais plus le temps passait et plus leur m\u00e9sentente s&rsquo;est transform\u00e9e en amiti\u00e9. Au point que certains se sont demand\u00e9 s&rsquo;ils n&rsquo;\u00e9taient pas en couple.<\/p>\n<p>Na\u00efs (Koh-Lanta) se confie sur sa relation avec Adrien : \u00ab\u00a0Nous sommes des amis avec une certaine complicit\u00e9\u00a0\u00bb<\/p>\n<p>Interrog\u00e9e par <a href=\"https:\/\/www.purepeople.com\/article\/exclu-cest-un-garcon-intelligent-je-le-suis-aussi-nais-et-adrien-koh-lanta-en-couple-elle-sexplique-enfin_a538401\/1\" target=\"_blank\" rel=\"noopener\">Purepeople<\/a> apr\u00e8s son \u00e9limination de Koh-Lanta, Na\u00efs a fait une mise au point sur la nature de leur relation. \u00ab\u00a0Je clarifie tout de suite : nous ne sommes pas en couple\u00a0\u00bb, a-t-elle d\u00e9clar\u00e9 avant de pr\u00e9ciser, \u00ab\u00a0Nous sommes des amis avec une certaine complicit\u00e9, c\u2019est tout\u00a0\u00bb. L&rsquo;occasion pour elle de d\u00e9clarer qu&rsquo;elle est \u00ab\u00a0c\u00e9libataire\u00a0\u00bb et toujours \u00e0 la recherche de l&rsquo;amour : \u00ab\u00a0Si l\u2019homme de ma vie veut se manifester, il peut. J\u2019aimerais trouver un homme bien, si \u00e7a existe encore. Un homme bien pour une femme bien, simplement.\u00a0\u00bb<\/p>\n<p>                        Na\u00efs \u00e9voque leur amiti\u00e9 : \u00ab\u00a0C&rsquo;est inexplicable\u00a0\u00bb<\/p>\n<p>Dans les colonnes de T\u00e9l\u00e9-Loisirs quelques semaines plus t\u00f4t, <a href=\"https:\/\/www.programme-tv.net\/news\/people\/378287-nais-koh-lanta-2025-reagit-aux-rumeurs-de-couple-avec-adrien-il-y-a-un-attachement\/\" data-api-deeplink=\"teleloisirs:\/\/news\/378287\" target=\"_blank\" rel=\"noopener\">Na\u00efs se livrait davantage sur leur rapprochement<\/a>. \u00ab\u00a0Adrien et moi, on est hyper diff\u00e9rents et on a des personnalit\u00e9s compl\u00e8tement oppos\u00e9es. <b>Mais ce qui est fou, c&rsquo;est qu&rsquo;il y a quand m\u00eame un attachement. <\/b>C&rsquo;est inexplicable\u00a0\u00bb, avouait-elle. Toutefois, elle a \u00e9t\u00e9 amus\u00e9e par les r\u00e9actions des t\u00e9l\u00e9spectateurs qui se sont imagin\u00e9 trop de choses : <b>\u00ab\u00a0<\/b><b>Les gens ont r\u00e9ussi \u00e0 capter cette complicit\u00e9 entre nous.\u00a0\u00bb<\/b><\/p>\n","protected":false},"excerpt":{"rendered":"Pourtant pas tr\u00e8s proches au d\u00e9but de Koh-Lanta : La Revanche des 4 Terres, Na\u00efs et Adrien sont&hellip;\n","protected":false},"author":2,"featured_media":119838,"comment_status":"","ping_status":"","sticky":false,"template":"","format":"standard","meta":{"footnotes":""},"categories":[1356],"tags":[13429,244,58,59,1011,27,24107,24108,2277,23565,252,2175,1364],"class_list":{"0":"post-119837","1":"post","2":"type-post","3":"status-publish","4":"format-standard","5":"has-post-thumbnail","7":"category-television","8":"tag-adrien-koh-lanta","9":"tag-commentaire","10":"tag-divertissement","11":"tag-entertainment","12":"tag-fr","13":"tag-france","14":"tag-koh-lanta-2252025-0910-pm-tf1","15":"tag-koh-lanta-les-4-terres","16":"tag-la-revanche-des-4-terres","17":"tag-nau00efs-koh-lanta","18":"tag-television","19":"tag-tl-story","20":"tag-tv"},"share_on_mastodon":{"url":"https:\/\/pubeurope.com\/@fr\/114552385479078600","error":""},"_links":{"self":[{"href":"https:\/\/www.europesays.com\/fr\/wp-json\/wp\/v2\/posts\/119837","targetHints":{"allow":["GET"]}}],"collection":[{"href":"https:\/\/www.europesays.com\/fr\/wp-json\/wp\/v2\/posts"}],"about":[{"href":"https:\/\/www.europesays.com\/fr\/wp-json\/wp\/v2\/types\/post"}],"author":[{"embeddable":true,"href":"https:\/\/www.europesays.com\/fr\/wp-json\/wp\/v2\/users\/2"}],"replies":[{"embeddable":true,"href":"https:\/\/www.europesays.com\/fr\/wp-json\/wp\/v2\/comments?post=119837"}],"version-history":[{"count":0,"href":"https:\/\/www.europesays.com\/fr\/wp-json\/wp\/v2\/posts\/119837\/revisions"}],"wp:featuredmedia":[{"embeddable":true,"href":"https:\/\/www.europesays.com\/fr\/wp-json\/wp\/v2\/media\/119838"}],"wp:attachment":[{"href":"https:\/\/www.europesays.com\/fr\/wp-json\/wp\/v2\/media?parent=119837"}],"wp:term":[{"taxonomy":"category","embeddable":true,"href":"https:\/\/www.europesays.com\/fr\/wp-json\/wp\/v2\/categories?post=119837"},{"taxonomy":"post_tag","embeddable":true,"href":"https:\/\/www.europesays.com\/fr\/wp-json\/wp\/v2\/tags?post=119837"}],"curies":[{"name":"wp","href":"https:\/\/api.w.org\/{rel}","templated":true}]}}