{"id":119841,"date":"2025-05-22T16:18:10","date_gmt":"2025-05-22T16:18:10","guid":{"rendered":"https:\/\/www.europesays.com\/fr\/119841\/"},"modified":"2025-05-22T16:18:10","modified_gmt":"2025-05-22T16:18:10","slug":"laffaire-abel-trem-le-mensonge-dun-etudiant-met-en-lumiere-les-fractures-de-la-societe-hongroise","status":"publish","type":"post","link":"https:\/\/www.europesays.com\/fr\/119841\/","title":{"rendered":"\u00ab\u00a0L&rsquo;Affaire Abel Trem\u00a0\u00bb\u00a0: le mensonge d&rsquo;un \u00e9tudiant met en lumi\u00e8re les fractures de la soci\u00e9t\u00e9 hongroise"},"content":{"rendered":"<p><img loading=\"lazy\" decoding=\"async\" class=\"w-full lazyload lazyload--opacity object-contain\" style=\"aspect-ratio:183 \/ 100;opacity:1\" alt=\"Abel Trem (G\u00e1sp\u00e1r Adonyi-Walsh) est tr\u00e8s amoureux de Janka, ce qui l'emp\u00eache de se concentrer sur ses examens de fin d'ann\u00e9e.\" width=\"768\" height=\"419\" fetchpriority=\"auto\" src=\"https:\/\/www.europesays.com\/fr\/wp-content\/uploads\/2025\/04\/S5VKD3X55FFF3BW6V4SEHXNP7I.png\"  data- data-optimumx=\"1\"\/>Abel Trem (G\u00e1sp\u00e1r Adonyi-Walsh) est tr\u00e8s amoureux de Janka, ce qui l&#8217;emp\u00eache de se concentrer sur ses examens de fin d&rsquo;ann\u00e9e.<\/p>\n<p class=\"ap-StoryElement ap-StoryElement--mb ap-StoryText\">Honteux d&rsquo;avoir \u00e9chou\u00e9 \u00e0 son examen, Abel tire pr\u00e9texte du pin nationaliste accroch\u00e9 sur son veston pour expliquer son \u00e9chec. Son p\u00e8re, furieux, d\u00e9cide d&rsquo;aller se plaindre au lyc\u00e9e. L&rsquo;affaire s&rsquo;\u00e9bruite et prend petit \u00e0 petit la tournure d&rsquo;un scandale politico-m\u00e9diatique.<\/p>\n<p>Des longueurs mais du c\u0153ur<\/p>\n<p class=\"ap-StoryElement ap-StoryElement--mb ap-StoryText\">Pr\u00e9sent\u00e9 au Festival de Venise, o\u00f9 il a d\u00e9croch\u00e9 le <a href=\"https:\/\/www.labiennale.org\/en\/cinema\/2024\/orizzonti\" target=\"_blank\" rel=\"nofollow noopener\">prix Orizzonti du meilleur film<\/a>, le long m\u00e9trage (2h08, tout de m\u00eame) souffre pourtant d&rsquo;une mise en place trop brouillonne, en partie rattrap\u00e9e par la personnalit\u00e9 solaire d&rsquo;Abel et par l&rsquo;aura de myst\u00e8re flottant autour du professeur Jakab. Mais dommage qu&rsquo;il faille autant de temps avant d&rsquo;entrer dans le vif du sujet. \u00c0 savoir : le point de vue de chacun des quatre protagonistes sur cette banale histoire d&rsquo;examen rat\u00e9.<\/p>\n<p><a href=\"https:\/\/www.lalibre.be\/culture\/cinema\/films\/2025\/05\/07\/the-new-year-that-never-came-le-jour-ou-la-roumanie-a-bascule-ZE2FWRYZONEAPP33FNLII3KLMM\/\" target=\"_blank\" rel=\"noopener noreferrer nofollow\" class=\"ap-StoryInterstitialLink ap-StoryElement ap-StoryElement--mb\">Le film \u00ab\u00a0The New Year that never came\u00a0\u00bb raconte le jour o\u00f9 la Roumanie a bascul\u00e9<\/a><\/p>\n<p class=\"ap-StoryElement ap-StoryElement--mb ap-StoryText\">Dans son nouveau film, <a href=\"https:\/\/www.lalibre.be\/culture\/cinema\/2023\/07\/25\/polemique-en-vue-a-venise-la-mostra-selectionne-roman-polanski-woody-allen-et-luc-besson-N4CZYK7FKBBYHOYTDEIZFNQNMQ\/\" target=\"_blank\" rel=\"nofollow noopener\">le r\u00e9alisateur Gabor Reisz<\/a> (For Some Inexplicable Reasons) s&#8217;empare intelligemment d&rsquo;un fait en apparence anodin pour d\u00e9monter les pr\u00e9jug\u00e9s, frustrations, tensions latentes et r\u00eaves secrets enfouis au sein de la soci\u00e9t\u00e9 hongroise. Une population de plus en plus divis\u00e9e et secou\u00e9e par des manifestations pro et anti-nationalistes depuis 2021. Les diff\u00e9rences d&rsquo;opinions se sont notamment cristallis\u00e9es dans les th\u00e9\u00e2tres, les universit\u00e9s, les manifestations et \u00e9v\u00e9nements officiels\u2026 autour du port ou non des couleurs hongroises.<\/p>\n<p class=\"ap-StoryElement ap-StoryElement--mb ap-StoryText\">Comme le d\u00e9montre le film, les sentiments de chacun restent masqu\u00e9s tandis que la vie semble suivre son cours sans sourciller, du moins en apparence. Mais le premier obstacle, m\u00eame minime, peut faire voler cette unit\u00e9 de fa\u00e7ade en \u00e9clats, r\u00e9v\u00e9lant les profondes fractures d&rsquo;une soci\u00e9t\u00e9 f\u00e9brile et d\u00e9sar\u00e7onn\u00e9e par les positions autoritaires de ses gouvernants. Au-del\u00e0 du regard port\u00e9 sur l&rsquo;\u00e9ducation et les m\u00e9dias, ce r\u00e9cit rappelle une v\u00e9rit\u00e9 cardinale : mieux vaut conna\u00eetre toutes les composantes d&rsquo;une histoire, si on veut la comprendre.<\/p>\n<p class=\"ap-StoryElement ap-StoryElement--mb ap-StoryText\"><b>L&rsquo;affaire Abel Trem\u2007\/\u2007Explanation for everything<\/b> Stress des examens <b>De<\/b>\u2007Gabor Reisz\u2007<b>Sc\u00e9nario<\/b>\u2007Gabor Reisz et Eva Schulze\u2007<b>Avec<\/b>\u2007Gaspard Adonyi-Walsh, Andr\u00e1s Ruszn\u00e1k, Istv\u00e1n Znamen\u00e1k,&#8230;\u2007<b>Dur\u00e9e<\/b>\u20072h07<\/p>\n","protected":false},"excerpt":{"rendered":"Abel Trem (G\u00e1sp\u00e1r Adonyi-Walsh) est tr\u00e8s amoureux de Janka, ce qui l&#8217;emp\u00eache de se concentrer sur ses examens&hellip;\n","protected":false},"author":2,"featured_media":119842,"comment_status":"","ping_status":"","sticky":false,"template":"","format":"standard","meta":{"footnotes":""},"categories":[1354],"tags":[24111,58,59,1346,1011,27,1360,9024,24110,24109],"class_list":{"0":"post-119841","1":"post","2":"type-post","3":"status-publish","4":"format-standard","5":"has-post-thumbnail","7":"category-films","8":"tag-2024elections","9":"tag-divertissement","10":"tag-entertainment","11":"tag-films","12":"tag-fr","13":"tag-france","14":"tag-movies","15":"tag-politics","16":"tag-socialisten","17":"tag-socialistische-partij"},"share_on_mastodon":{"url":"https:\/\/pubeurope.com\/@fr\/114552393294803461","error":""},"_links":{"self":[{"href":"https:\/\/www.europesays.com\/fr\/wp-json\/wp\/v2\/posts\/119841","targetHints":{"allow":["GET"]}}],"collection":[{"href":"https:\/\/www.europesays.com\/fr\/wp-json\/wp\/v2\/posts"}],"about":[{"href":"https:\/\/www.europesays.com\/fr\/wp-json\/wp\/v2\/types\/post"}],"author":[{"embeddable":true,"href":"https:\/\/www.europesays.com\/fr\/wp-json\/wp\/v2\/users\/2"}],"replies":[{"embeddable":true,"href":"https:\/\/www.europesays.com\/fr\/wp-json\/wp\/v2\/comments?post=119841"}],"version-history":[{"count":0,"href":"https:\/\/www.europesays.com\/fr\/wp-json\/wp\/v2\/posts\/119841\/revisions"}],"wp:featuredmedia":[{"embeddable":true,"href":"https:\/\/www.europesays.com\/fr\/wp-json\/wp\/v2\/media\/119842"}],"wp:attachment":[{"href":"https:\/\/www.europesays.com\/fr\/wp-json\/wp\/v2\/media?parent=119841"}],"wp:term":[{"taxonomy":"category","embeddable":true,"href":"https:\/\/www.europesays.com\/fr\/wp-json\/wp\/v2\/categories?post=119841"},{"taxonomy":"post_tag","embeddable":true,"href":"https:\/\/www.europesays.com\/fr\/wp-json\/wp\/v2\/tags?post=119841"}],"curies":[{"name":"wp","href":"https:\/\/api.w.org\/{rel}","templated":true}]}}