{"id":119847,"date":"2025-05-22T16:21:12","date_gmt":"2025-05-22T16:21:12","guid":{"rendered":"https:\/\/www.europesays.com\/fr\/119847\/"},"modified":"2025-05-22T16:21:12","modified_gmt":"2025-05-22T16:21:12","slug":"cannes-2025-amel-bent-metamorphosee-elle-ose-la-transparence-dans-un-ensemble-dentelle-boheme-ravissant","status":"publish","type":"post","link":"https:\/\/www.europesays.com\/fr\/119847\/","title":{"rendered":"CANNES 2025. Amel Bent m\u00e9tamorphos\u00e9e, elle ose la transparence dans un ensemble dentelle boh\u00e8me ravissant"},"content":{"rendered":"<p>Une grande premi\u00e8re pour <a href=\"https:\/\/www.closermag.fr\/people\/amel-bent-meconnaissable-elle-apparait-tres-amincie-dans-les-12-coups-de-midi-3547535\" rel=\"nofollow noopener\" target=\"_blank\"><br \/>\nAmel Bent<\/a> ! La chanteuse de 39 ans a d\u00e9barqu\u00e9 sur la<br \/>\nCroisette pour d\u00e9fendre son premier film au cin\u00e9ma, Ma fr\u00e8re,<br \/>\nqui fait partie de la s\u00e9lection officielle. Le long-m\u00e9trage,<br \/>\nco-r\u00e9alis\u00e9 par Lise Akoka et Romane Gu\u00e9ret, \u00e9voque l\u2019histoire de<br \/>\nSha\u00ef et Djeneba, deux amies de 19 ans qui quittent leur Paris natal<br \/>\nle temps d\u2019un \u00e9t\u00e9 pour devenir animatrices de colonies de<br \/>\nvacances.\u00a0<\/p>\n<p>Cannes 2025. Amel Bent d\u00e9barque sur la Croisette !\u00a0<\/p>\n<p>Au casting, on retrouve notamment Amel Bent, qui s\u2019est pr\u00eat\u00e9e au<br \/>\njeu du photocall, au <a href=\"https:\/\/www.closermag.fr\/tag\/festival-de-cannes\" rel=\"nofollow noopener\" target=\"_blank\">Festival de<br \/>\nCannes<\/a>. La chanteuse est arriv\u00e9e avec le reste de l\u2019\u00e9quipe du<br \/>\nfilm et a pris la pose dans un ensemble blanc et ajour\u00e9, parcouru<br \/>\nde losanges perfor\u00e9s et de motifs fleuris. Un tissu dont la<br \/>\n<a href=\"https:\/\/www.closermag.fr\/people\/cannes-2025-stella-maxwell-la-mannequin-fait-le-choix-de-la-transparence-totale-pour-sa-montee-des-marches-3546095\" rel=\"nofollow noopener\" target=\"_blank\"><br \/>\ntransparence<\/a> mod\u00e9r\u00e9e ne transgressait pas le nouveau<br \/>\n<strong>dress code<\/strong> de Cannes.\u00a0<\/p>\n<p>Avec ses manches \u00e0 volants et sa jupe \u00e9vas\u00e9e, l\u2019interpr\u00e8te de<br \/>\nMa philosophie s\u2019\u00e9tait par\u00e9e d\u2019un look boh\u00e8me et \u00e9l\u00e9gant,<br \/>\nqui se pr\u00eatait parfaitement \u00e0 l\u2019ambiance estivale de la Croisette.<br \/>\nC\u00f4t\u00e9 mise en beaut\u00e9, Amel Bent avait, l\u00e0 aussi, mis\u00e9 sur <strong>un<br \/>\nlook naturel<\/strong> en optant pour un chignon flou cern\u00e9 de<br \/>\nm\u00e8ches folles balay\u00e9es par le vent.\u00a0<\/p>\n<p>Cannes 2025. Fi\u00e8re, Amel Bent d\u00e9fend<br \/>\nson premier film au Festival<\/p>\n<p>Radieuse, la chanteuse paraissait \u00e9mue, par moments, devant la<br \/>\nhorde d\u2019objectifs. \u201c<strong>Quel honneur<\/strong>, quelle joie,<br \/>\nquelle fiert\u00e9. C&rsquo;est une dinguerie, ce film est une p\u00e9pite. Je suis<br \/>\ncomme une folle\u201d, avait confi\u00e9 Amel Bent sur Instagram en<br \/>\nannon\u00e7ant la s\u00e9lection du film. Avec cette distinction, celle qui<br \/>\ns\u2019est longtemps r\u00e9serv\u00e9e pour la musique fait une entr\u00e9e<br \/>\nretentissante dans le monde du cin\u00e9ma !\u00a0<\/p>\n<p>Diaporama<br \/>\n<img decoding=\"async\" class=\"diapo_img img-responsive lazy-load\" loading=\"lazy\" src=\"https:\/\/www.europesays.com\/fr\/wp-content\/uploads\/2025\/05\/bestimage_00707967_000025.jpg\"\/><\/p>\n<p>bestimage<\/p>\n<p>1\/6 Amel Bent<\/p>\n<p>Amel Bent au photocall du film \u00ab\u00a0Ma Fr\u00e8re\u00a0\u00bb lors du 78\u00e8me Festival<br \/>\nInternational du Film de Cannes<\/p>\n<p><img decoding=\"async\" class=\"diapo_img img-responsive lazy-load\" loading=\"lazy\" src=\"https:\/\/www.europesays.com\/fr\/wp-content\/uploads\/2025\/05\/bestimage_00707967_000016.jpg\"\/><\/p>\n<p>bestimage<\/p>\n<p>2\/6 Amel Bent<\/p>\n<p>Photocall du film \u00ab\u00a0Ma Fr\u00e8re\u00a0\u00bb lors du 78\u00e8me Festival<br \/>\nInternational du Film de Cannes<\/p>\n<p><img decoding=\"async\" class=\"diapo_img img-responsive lazy-load\" loading=\"lazy\" src=\"https:\/\/www.europesays.com\/fr\/wp-content\/uploads\/2025\/05\/bestimage_00707953_000007-1.jpg\"\/><\/p>\n<p>bestimage<\/p>\n<p>3\/6 Amel Bent\u00a0<\/p>\n<p>Cheveux au vent \u00e0 Cannes pour Amel Bent\u00a0<\/p>\n<p><img decoding=\"async\" class=\"diapo_img img-responsive lazy-load\" loading=\"lazy\" src=\"https:\/\/www.europesays.com\/fr\/wp-content\/uploads\/2025\/05\/bestimage_00707967_000010.jpg\"\/><\/p>\n<p>bestimage<\/p>\n<p>4\/6 Amel Bent et le casting de Ma fr\u00e8re<\/p>\n<p>Shirel Nataf, Lise Akoka, Amel Bent et Yuming Hey au photocall<br \/>\ndu film \u00ab\u00a0Ma Fr\u00e8re\u00a0\u00bb lors du 78\u00e8me Festival International du Film de<br \/>\nCannes<\/p>\n<p><img decoding=\"async\" class=\"diapo_img img-responsive lazy-load\" loading=\"lazy\" src=\"https:\/\/www.europesays.com\/fr\/wp-content\/uploads\/2025\/05\/bestimage_00707967_000018.jpg\"\/><\/p>\n<p>bestimage<\/p>\n<p>5\/6 Amel Bent<\/p>\n<p>Amel Bent \u00e9mue \u00e0 Cannes<\/p>\n<p><img decoding=\"async\" class=\"diapo_img img-responsive lazy-load\" loading=\"lazy\" src=\"https:\/\/www.europesays.com\/fr\/wp-content\/uploads\/2025\/05\/bestimage_00707967_000017.jpg\"\/><\/p>\n<p>bestimage<\/p>\n<p>6\/6 Amel Bent<\/p>\n<p>Amel Bent fait une entr\u00e9e fracassante dans le monde du<br \/>\ncin\u00e9ma<\/p>\n","protected":false},"excerpt":{"rendered":"Une grande premi\u00e8re pour Amel Bent ! La chanteuse de 39 ans a d\u00e9barqu\u00e9 sur la Croisette pour&hellip;\n","protected":false},"author":2,"featured_media":119848,"comment_status":"","ping_status":"","sticky":false,"template":"","format":"standard","meta":{"footnotes":""},"categories":[8],"tags":[20546,58,59,1011,27,1638],"class_list":{"0":"post-119847","1":"post","2":"type-post","3":"status-publish","4":"format-standard","5":"has-post-thumbnail","7":"category-divertissement","8":"tag-amel-bent","9":"tag-divertissement","10":"tag-entertainment","11":"tag-fr","12":"tag-france","13":"tag-has_diapo"},"share_on_mastodon":{"url":"https:\/\/pubeurope.com\/@fr\/114552405116196212","error":""},"_links":{"self":[{"href":"https:\/\/www.europesays.com\/fr\/wp-json\/wp\/v2\/posts\/119847","targetHints":{"allow":["GET"]}}],"collection":[{"href":"https:\/\/www.europesays.com\/fr\/wp-json\/wp\/v2\/posts"}],"about":[{"href":"https:\/\/www.europesays.com\/fr\/wp-json\/wp\/v2\/types\/post"}],"author":[{"embeddable":true,"href":"https:\/\/www.europesays.com\/fr\/wp-json\/wp\/v2\/users\/2"}],"replies":[{"embeddable":true,"href":"https:\/\/www.europesays.com\/fr\/wp-json\/wp\/v2\/comments?post=119847"}],"version-history":[{"count":0,"href":"https:\/\/www.europesays.com\/fr\/wp-json\/wp\/v2\/posts\/119847\/revisions"}],"wp:featuredmedia":[{"embeddable":true,"href":"https:\/\/www.europesays.com\/fr\/wp-json\/wp\/v2\/media\/119848"}],"wp:attachment":[{"href":"https:\/\/www.europesays.com\/fr\/wp-json\/wp\/v2\/media?parent=119847"}],"wp:term":[{"taxonomy":"category","embeddable":true,"href":"https:\/\/www.europesays.com\/fr\/wp-json\/wp\/v2\/categories?post=119847"},{"taxonomy":"post_tag","embeddable":true,"href":"https:\/\/www.europesays.com\/fr\/wp-json\/wp\/v2\/tags?post=119847"}],"curies":[{"name":"wp","href":"https:\/\/api.w.org\/{rel}","templated":true}]}}