{"id":119859,"date":"2025-05-22T16:27:10","date_gmt":"2025-05-22T16:27:10","guid":{"rendered":"https:\/\/www.europesays.com\/fr\/119859\/"},"modified":"2025-05-22T16:27:10","modified_gmt":"2025-05-22T16:27:10","slug":"loire-interpelle-a-saint-etienne-apres-avoir-degrade-des-vitres-et-insulte-son-educatrice","status":"publish","type":"post","link":"https:\/\/www.europesays.com\/fr\/119859\/","title":{"rendered":"Loire. Interpell\u00e9 \u00e0 Saint-\u00c9tienne apr\u00e8s avoir d\u00e9grad\u00e9 des vitres et insult\u00e9 son \u00e9ducatrice"},"content":{"rendered":"<p>Le secteur de la rue Antoine-Durafour \u00e0 Saint-\u00c9tienne est en ce moment sous la surveillance de la police nationale. Et ce lundi 19\u00a0mai, un \u00e9quipage a pu intervenir rapidement vers 15 heures quand une \u00e9ducatrice d\u2019un foyer a fait appel aux forces de l\u2019ordre.<\/p>\n<p><strong>Des d\u00e9gradations au rez-de-chauss\u00e9e<\/strong><\/p>\n<p>\u00c0 leur arriv\u00e9e, rue Cl\u00e9ment-Forissier, une art\u00e8re situ\u00e9e \u00e0 quelques encablures, les fonctionnaires constatent que cette derni\u00e8re retient un jeune homme qui vient de commettre des d\u00e9gradations au rez-de-chauss\u00e9e d\u2019un immeuble. Des vitres ont \u00e9t\u00e9 d\u00e9grad\u00e9es. Le jeune homme, \u00e2g\u00e9 de 16 ans, outrage l\u2019\u00e9ducatrice, une personne charg\u00e9e d\u2019une mission de service public.<\/p>\n<p>Ce dernier sera interpell\u00e9 et plac\u00e9 en garde \u00e0 vue. Il sera prochainement convoqu\u00e9 devant la justice pour r\u00e9pondre de ses actes.<\/p>\n","protected":false},"excerpt":{"rendered":"Le secteur de la rue Antoine-Durafour \u00e0 Saint-\u00c9tienne est en ce moment sous la surveillance de la police&hellip;\n","protected":false},"author":2,"featured_media":119860,"comment_status":"","ping_status":"","sticky":false,"template":"","format":"standard","meta":{"footnotes":""},"categories":[9653],"tags":[1111,11,2430,271,272,7539,1777,674,274,1011,27,3367,12,25,4001,7538],"class_list":{"0":"post-119859","1":"post","2":"type-post","3":"status-publish","4":"format-standard","5":"has-post-thumbnail","7":"category-saint-etienne","8":"tag-actu","9":"tag-actualites","10":"tag-auvergne-rhone-alpes","11":"tag-crime","12":"tag-delit-et-contravention","13":"tag-edition-loire-sud","14":"tag-eu","15":"tag-europe","16":"tag-faits-divers-justice","17":"tag-fr","18":"tag-france","19":"tag-loire","20":"tag-news","21":"tag-republique-francaise","22":"tag-saint-etienne","23":"tag-saint-etienne-ville"},"share_on_mastodon":{"url":"https:\/\/pubeurope.com\/@fr\/114552428512129240","error":""},"_links":{"self":[{"href":"https:\/\/www.europesays.com\/fr\/wp-json\/wp\/v2\/posts\/119859","targetHints":{"allow":["GET"]}}],"collection":[{"href":"https:\/\/www.europesays.com\/fr\/wp-json\/wp\/v2\/posts"}],"about":[{"href":"https:\/\/www.europesays.com\/fr\/wp-json\/wp\/v2\/types\/post"}],"author":[{"embeddable":true,"href":"https:\/\/www.europesays.com\/fr\/wp-json\/wp\/v2\/users\/2"}],"replies":[{"embeddable":true,"href":"https:\/\/www.europesays.com\/fr\/wp-json\/wp\/v2\/comments?post=119859"}],"version-history":[{"count":0,"href":"https:\/\/www.europesays.com\/fr\/wp-json\/wp\/v2\/posts\/119859\/revisions"}],"wp:featuredmedia":[{"embeddable":true,"href":"https:\/\/www.europesays.com\/fr\/wp-json\/wp\/v2\/media\/119860"}],"wp:attachment":[{"href":"https:\/\/www.europesays.com\/fr\/wp-json\/wp\/v2\/media?parent=119859"}],"wp:term":[{"taxonomy":"category","embeddable":true,"href":"https:\/\/www.europesays.com\/fr\/wp-json\/wp\/v2\/categories?post=119859"},{"taxonomy":"post_tag","embeddable":true,"href":"https:\/\/www.europesays.com\/fr\/wp-json\/wp\/v2\/tags?post=119859"}],"curies":[{"name":"wp","href":"https:\/\/api.w.org\/{rel}","templated":true}]}}