{"id":119875,"date":"2025-05-22T16:35:21","date_gmt":"2025-05-22T16:35:21","guid":{"rendered":"https:\/\/www.europesays.com\/fr\/119875\/"},"modified":"2025-05-22T16:35:21","modified_gmt":"2025-05-22T16:35:21","slug":"flashe-a-119-km-h-pour-une-limitation-a-50","status":"publish","type":"post","link":"https:\/\/www.europesays.com\/fr\/119875\/","title":{"rendered":"flash\u00e9 \u00e0 119 km\/h pour une limitation \u00e0 50"},"content":{"rendered":"\n<p>La N338 s\u2019est transform\u00e9e en circuit pour deux automobilistes imprudents la nuit derni\u00e8re. Les forces de l\u2019ordre annoncent avoir intercept\u00e9 <strong>deux v\u00e9hicules<\/strong> circulant \u00e0 des vitesses bien au-del\u00e0 des 50 km\/h r\u00e9glementaires sur cette <strong>portion en travaux de la Sud III<\/strong> situ\u00e9e au Petit-Quevilly, dont un flash\u00e9 \u00e0 119 km\/h !\u00a0<\/p>\n<p><strong>Retrait de permis\u00a0<\/strong><\/p>\n<p>R\u00e9sultat communiqu\u00e9 par la Police nationale de Seine-Maritime : pas de troph\u00e9e, mais une belle addition. <strong>Contravention, mise en fourri\u00e8re du v\u00e9hicule, et retrait de permis imm\u00e9diat<\/strong>. Les autorit\u00e9s rappellent que ces exc\u00e8s de vitesse ne sont pas qu&rsquo;une infraction, mais un r\u00e9el danger pour tous les usagers de la route.<\/p>\n","protected":false},"excerpt":{"rendered":"La N338 s\u2019est transform\u00e9e en circuit pour deux automobilistes imprudents la nuit derni\u00e8re. Les forces de l\u2019ordre annoncent&hellip;\n","protected":false},"author":2,"featured_media":119876,"comment_status":"","ping_status":"","sticky":false,"template":"","format":"standard","meta":{"footnotes":""},"categories":[9587],"tags":[24118,24123,1111,24120,11,1777,674,1011,27,12,5161,24115,24117,24114,24122,24121,25,9590,24119,5163,9618,24116],"class_list":{"0":"post-119875","1":"post","2":"type-post","3":"status-publish","4":"format-standard","5":"has-post-thumbnail","7":"category-rouen","8":"tag-accident-76","9":"tag-accident-rouen","10":"tag-actu","11":"tag-actu-rouen","12":"tag-actualites","13":"tag-eu","14":"tag-europe","15":"tag-fr","16":"tag-france","17":"tag-news","18":"tag-normandie","19":"tag-petit-quevilly","20":"tag-petit-quevilly-travaux","21":"tag-police-76","22":"tag-radar-76","23":"tag-radar-rouen","24":"tag-republique-francaise","25":"tag-rouen","26":"tag-rouen-actu","27":"tag-seine-maritime","28":"tag-sud-3","29":"tag-sud-3-travaux"},"share_on_mastodon":{"url":"https:\/\/pubeurope.com\/@fr\/114552460091925869","error":""},"_links":{"self":[{"href":"https:\/\/www.europesays.com\/fr\/wp-json\/wp\/v2\/posts\/119875","targetHints":{"allow":["GET"]}}],"collection":[{"href":"https:\/\/www.europesays.com\/fr\/wp-json\/wp\/v2\/posts"}],"about":[{"href":"https:\/\/www.europesays.com\/fr\/wp-json\/wp\/v2\/types\/post"}],"author":[{"embeddable":true,"href":"https:\/\/www.europesays.com\/fr\/wp-json\/wp\/v2\/users\/2"}],"replies":[{"embeddable":true,"href":"https:\/\/www.europesays.com\/fr\/wp-json\/wp\/v2\/comments?post=119875"}],"version-history":[{"count":0,"href":"https:\/\/www.europesays.com\/fr\/wp-json\/wp\/v2\/posts\/119875\/revisions"}],"wp:featuredmedia":[{"embeddable":true,"href":"https:\/\/www.europesays.com\/fr\/wp-json\/wp\/v2\/media\/119876"}],"wp:attachment":[{"href":"https:\/\/www.europesays.com\/fr\/wp-json\/wp\/v2\/media?parent=119875"}],"wp:term":[{"taxonomy":"category","embeddable":true,"href":"https:\/\/www.europesays.com\/fr\/wp-json\/wp\/v2\/categories?post=119875"},{"taxonomy":"post_tag","embeddable":true,"href":"https:\/\/www.europesays.com\/fr\/wp-json\/wp\/v2\/tags?post=119875"}],"curies":[{"name":"wp","href":"https:\/\/api.w.org\/{rel}","templated":true}]}}